{"id":54851,"date":"2025-04-26T16:58:12","date_gmt":"2025-04-26T16:58:12","guid":{"rendered":"https:\/\/www.europesays.com\/fr\/54851\/"},"modified":"2025-04-26T16:58:12","modified_gmt":"2025-04-26T16:58:12","slug":"un-homme-poignarde-a-mort-dans-un-appartement-lors-dun-rendez-vous-sexuel","status":"publish","type":"post","link":"https:\/\/www.europesays.com\/fr\/54851\/","title":{"rendered":"un homme poignard\u00e9 \u00e0 mort dans un appartement lors d\u2019un \u00abrendez-vous sexuel\u00bb"},"content":{"rendered":"<p>Les faits ont eu lieu vendredi matin rue de R\u00e9aumur, dans le 2e arrondissement. Une enqu\u00eate pour meurtre a \u00e9t\u00e9 confi\u00e9e \u00e0 la police judiciaire.<\/p>\n<p class=\"fig-paragraph\">Que s\u2019est-il pass\u00e9 dans l\u2019intimit\u00e9 d\u2019un appartement situ\u00e9 rue de R\u00e9aumur dans le 2e arrondissement de Paris\u00a0? Vendredi, aux alentours de 8h15, un homme de 40 ans, bless\u00e9 \u00e0 la cuisse droite, sollicite l\u2019intervention des pompiers.<\/p>\n<p class=\"fig-paragraph\">Les secours d\u00e9couvrent alors un autre homme, \u00e2g\u00e9 de 51 ans, dans un \u00e9tat critique. Le malheureux pr\u00e9sente une quinzaine de plaies au thorax, \u00e0 la t\u00eate et au bras. Les blessures ont \u00e9t\u00e9 commises \u00e0 l\u2019aide d\u2019une arme blanche.\u00a0Un m\u00e9decin du SAMU lui fait un massage cardiaque pour tenter de le r\u00e9animer. En vain. L\u2019homme d\u00e9c\u00e8de \u00e0 9h28.<\/p>\n<p>\u00abUn rendez-vous sexuel\u00bb, selon le parquet<\/p>\n<p class=\"fig-paragraph\">L\u2019appartement o\u00f9 le crime a eu lieu avait \u00e9t\u00e9 lou\u00e9 via\u00a0<a href=\"http:\/\/www.lefigaro.fr\/argent\/apres-airbnb-et-les-loyers-encadres-cette-nouvelle-menace-qui-pese-sur-l-immobilier-20250416\" target=\"_blank\" data-fig-type=\"Article\" rel=\"noopener\" data-gtm-custom-categorie=\"navigation\" data-gtm-custom-action=\"crossclick\" data-gtm-custom-label=\"Contextuel\" data-gtm-event=\"customEventSPE\" data-fig-domain=\"LEFIGARO\">la plateforme Airbnb<\/a>. Selon nos informations, les deux hommes se seraient rencontr\u00e9s via une application de rencontre. \u00abDes objets pr\u00e9sents dans l\u2019appartement laissent penser \u00e0 un rendez-vous sexuel\u00bb, pr\u00e9cise le parquet de Paris. Une bagarre entre les individus a-t-elle \u00e9clat\u00e9\u00a0? Pour quel motif\u00a0? Les investigations devront le d\u00e9terminer.<\/p>\n<p class=\"fig-paragraph\">Apr\u00e8s avoir \u00e9t\u00e9 conduit \u00e0 l\u2019h\u00f4pital Saint-Louis sous escorte polici\u00e8re, l\u2019homme qui a pr\u00e9venu les secours a \u00e9t\u00e9 plac\u00e9 en garde \u00e0 vue. Le parquet de Paris a ouvert une enqu\u00eate pour meurtre confi\u00e9e au 1er district de police judiciaire (1er DPJ).<\/p>\n","protected":false},"excerpt":{"rendered":"Les faits ont eu lieu vendredi matin rue de R\u00e9aumur, dans le 2e arrondissement. Une enqu\u00eate pour meurtre&hellip;\n","protected":false},"author":2,"featured_media":54852,"comment_status":"","ping_status":"","sticky":false,"template":"","format":"standard","meta":{"footnotes":""},"categories":[1888],"tags":[119,11,3694,7623,271,2951,3695,1777,674,3696,118,1011,27,2825,1253,303,777,12,626,1072,2694,25,2949],"class_list":{"0":"post-54851","1":"post","2":"type-post","3":"status-publish","4":"format-standard","5":"has-post-thumbnail","7":"category-paris","8":"tag-accident","9":"tag-actualites","10":"tag-affaires","11":"tag-coup-de-couteau","12":"tag-crime","13":"tag-criminalite","14":"tag-enquetes","15":"tag-eu","16":"tag-europe","17":"tag-evenements","18":"tag-faits-divers","19":"tag-fr","20":"tag-france","21":"tag-insecurite","22":"tag-islamisme","23":"tag-justice","24":"tag-meurtre","25":"tag-news","26":"tag-paris","27":"tag-police","28":"tag-proces","29":"tag-republique-francaise","30":"tag-violences"},"share_on_mastodon":{"url":"https:\/\/pubeurope.com\/@fr\/114405330331577279","error":""},"_links":{"self":[{"href":"https:\/\/www.europesays.com\/fr\/wp-json\/wp\/v2\/posts\/54851","targetHints":{"allow":["GET"]}}],"collection":[{"href":"https:\/\/www.europesays.com\/fr\/wp-json\/wp\/v2\/posts"}],"about":[{"href":"https:\/\/www.europesays.com\/fr\/wp-json\/wp\/v2\/types\/post"}],"author":[{"embeddable":true,"href":"https:\/\/www.europesays.com\/fr\/wp-json\/wp\/v2\/users\/2"}],"replies":[{"embeddable":true,"href":"https:\/\/www.europesays.com\/fr\/wp-json\/wp\/v2\/comments?post=54851"}],"version-history":[{"count":0,"href":"https:\/\/www.europesays.com\/fr\/wp-json\/wp\/v2\/posts\/54851\/revisions"}],"wp:featuredmedia":[{"embeddable":true,"href":"https:\/\/www.europesays.com\/fr\/wp-json\/wp\/v2\/media\/54852"}],"wp:attachment":[{"href":"https:\/\/www.europesays.com\/fr\/wp-json\/wp\/v2\/media?parent=54851"}],"wp:term":[{"taxonomy":"category","embeddable":true,"href":"https:\/\/www.europesays.com\/fr\/wp-json\/wp\/v2\/categories?post=54851"},{"taxonomy":"post_tag","embeddable":true,"href":"https:\/\/www.europesays.com\/fr\/wp-json\/wp\/v2\/tags?post=54851"}],"curies":[{"name":"wp","href":"https:\/\/api.w.org\/{rel}","templated":true}]}}