{"id":548512,"date":"2025-11-21T06:15:19","date_gmt":"2025-11-21T06:15:19","guid":{"rendered":"https:\/\/www.europesays.com\/fr\/548512\/"},"modified":"2025-11-21T06:15:19","modified_gmt":"2025-11-21T06:15:19","slug":"les-coups-de-coeur-de-trois-cavistes","status":"publish","type":"post","link":"https:\/\/www.europesays.com\/fr\/548512\/","title":{"rendered":"les coups de c\u0153ur de trois cavistes"},"content":{"rendered":"<p>La f\u00eate du beaujolais nouveau ne se focalise pas uniquement sur la date symbolique du 3e\u00a0 jeudi de novembre. Dans les caves \u00e0 vins notamment, le primeur s\u2019\u00e9coule encore largement jusqu\u2019\u00e0 la fin de la semaine. Quatre cavistes lyonnais pr\u00e9sentent les domaines qu\u2019ils ont choisi de mettre en avant \u00e0 cette occasion.<\/p>\n<p>Le 3e fleuve\u00a0: le plein de r\u00e9f\u00e9rences<\/p>\n<p>C\u2019est la p\u00e9riode la plus intense de l\u2019ann\u00e9e pour Vincent Dechelette, \u00e0 la t\u00eate du 3e\u00a0fleuve, une cave \u00e0 vins sp\u00e9cialis\u00e9e\u2026 dans le vignoble du Beaujolais. \u00ab\u00a0J\u2019ai toujours accroch\u00e9 avec les vignerons du Beaujolais, il y a une mentalit\u00e9 \u00e0 part, un sens de la rencontre qui passe avant le business et \u00e7a me ressemble pas mal\u00a0\u00bb, explique le g\u00e9rant&#8230;<\/p>\n","protected":false},"excerpt":{"rendered":"La f\u00eate du beaujolais nouveau ne se focalise pas uniquement sur la date symbolique du 3e\u00a0 jeudi de&hellip;\n","protected":false},"author":2,"featured_media":548513,"comment_status":"","ping_status":"","sticky":false,"template":"","format":"standard","meta":{"footnotes":""},"categories":[1889],"tags":[1111,11,2430,1687,33,2757,1777,674,1011,27,2428,2756,6016,12,2661,25,6182],"class_list":{"0":"post-548512","1":"post","2":"type-post","3":"status-publish","4":"format-standard","5":"has-post-thumbnail","7":"category-lyon","8":"tag-actu","9":"tag-actualites","10":"tag-auvergne-rhone-alpes","11":"tag-culture-loisirs","12":"tag-economie","13":"tag-edition-lyon-villeurbanne","14":"tag-eu","15":"tag-europe","16":"tag-fr","17":"tag-france","18":"tag-lyon","19":"tag-lyon-bassin","20":"tag-magazine-cuisine-et-vins","21":"tag-news","22":"tag-patrimoine-culturel","23":"tag-republique-francaise","24":"tag-vins-et-viticulture"},"share_on_mastodon":{"url":"https:\/\/pubeurope.com\/@fr\/115586224786800139","error":""},"_links":{"self":[{"href":"https:\/\/www.europesays.com\/fr\/wp-json\/wp\/v2\/posts\/548512","targetHints":{"allow":["GET"]}}],"collection":[{"href":"https:\/\/www.europesays.com\/fr\/wp-json\/wp\/v2\/posts"}],"about":[{"href":"https:\/\/www.europesays.com\/fr\/wp-json\/wp\/v2\/types\/post"}],"author":[{"embeddable":true,"href":"https:\/\/www.europesays.com\/fr\/wp-json\/wp\/v2\/users\/2"}],"replies":[{"embeddable":true,"href":"https:\/\/www.europesays.com\/fr\/wp-json\/wp\/v2\/comments?post=548512"}],"version-history":[{"count":0,"href":"https:\/\/www.europesays.com\/fr\/wp-json\/wp\/v2\/posts\/548512\/revisions"}],"wp:featuredmedia":[{"embeddable":true,"href":"https:\/\/www.europesays.com\/fr\/wp-json\/wp\/v2\/media\/548513"}],"wp:attachment":[{"href":"https:\/\/www.europesays.com\/fr\/wp-json\/wp\/v2\/media?parent=548512"}],"wp:term":[{"taxonomy":"category","embeddable":true,"href":"https:\/\/www.europesays.com\/fr\/wp-json\/wp\/v2\/categories?post=548512"},{"taxonomy":"post_tag","embeddable":true,"href":"https:\/\/www.europesays.com\/fr\/wp-json\/wp\/v2\/tags?post=548512"}],"curies":[{"name":"wp","href":"https:\/\/api.w.org\/{rel}","templated":true}]}}