{"id":548516,"date":"2025-11-21T06:18:16","date_gmt":"2025-11-21T06:18:16","guid":{"rendered":"https:\/\/www.europesays.com\/fr\/548516\/"},"modified":"2025-11-21T06:18:16","modified_gmt":"2025-11-21T06:18:16","slug":"miss-univers-2025-miss-mexique-sacree-miss-guadeloupe-ophelie-mezino-dans-le-top-12","status":"publish","type":"post","link":"https:\/\/www.europesays.com\/fr\/548516\/","title":{"rendered":"Miss Univers 2025\u00a0: Miss Mexique sacr\u00e9e, Miss Guadeloupe Oph\u00e9lie M\u00e9zino dans le top\u00a012"},"content":{"rendered":"<p class=\"paragraph text_align_left lp-f-body-02\">Elle succ\u00e8de \u00e0 la Danoise<b> <\/b>Victoria Kj\u00e6r Theilvig. F\u00e1tima Bosch, Miss Mexique, \u00e2g\u00e9e de 25 ans, a \u00e9t\u00e9 <a href=\"https:\/\/www.leparisien.fr\/culture-loisirs\/tv\/miss-univers-2023-miss-nicaragua-sacree-deception-pour-la-francaise-diane-leyre-19-11-2023-6FT5DQQ5GJDOBHAGTVNWEZNAAE.php\" rel=\"nofollow noopener\" target=\"_blank\">\u00e9lue Miss Univers 2025<\/a> ce vendredi 21 novembre \u00e0 Pak Kret (Tha\u00eflande) lors de la 74e \u00e9dition du concours. Miss Tha\u00eflande et Miss Venezuela ont \u00e9t\u00e9 respectivement sacr\u00e9es premi\u00e8re et deuxi\u00e8me dauphines de la comp\u00e9tition. F\u00e1tima Bosch l\u2019a emport\u00e9 face \u00e0 120 concurrentes dans le concours autrefois propri\u00e9t\u00e9 de Donald Trump, et <a href=\"https:\/\/www.leparisien.fr\/societe\/miss-univers-le-concours-rachete-par-une-millionnaire-thailandaise-defenseuse-des-droits-lgbt-27-10-2022-BKMQUP3GTZHPHM3BPND44ZS3PU.php\" target=\"_blank\" rel=\"noreferrer nofollow noopener\">aujourd\u2019hui poss\u00e9d\u00e9 par un groupe tha\u00eflandais<\/a> depuis 2022.<\/p>\n<p class=\"paragraph text_align_left lp-f-body-02\">La France a longtemps retenu son souffle. Miss Guadeloupe Oph\u00e9ly M\u00e9zino a \u00e9t\u00e9 s\u00e9lectionn\u00e9e dans le top 12. La mannequin de 26 ans, premi\u00e8re dauphine Miss France 2019 et Miss Monde 2019, \u00e9tait venue pour <a href=\"https:\/\/www.leparisien.fr\/culture-loisirs\/miss-france\/il-faut-foncer-savoir-kiffer-ancienne-dauphine-de-miss-monde-ophely-mezino-veut-decrocher-le-titre-de-miss-univers-pour-la-guadeloupe-18-11-2025-K6CKTLLVBVGRBBP625XOEHWD2U.php\" target=\"_blank\" rel=\"noreferrer nofollow noopener\">\u00ab kiffer \u00bb<\/a>, avait-elle d\u00e9clar\u00e9. Pari r\u00e9ussi !<\/p>\n<p><img decoding=\"async\" class=\"image \" loading=\"lazy\" src=\"https:\/\/www.europesays.com\/fr\/wp-content\/uploads\/2025\/11\/4TDDQIRD65D5JK6BHA7JWZ5AZY.jpg\" alt=\"Miss Guadeloupe Oph\u00e9ly M\u00e9zino a \u00e9t\u00e9 s\u00e9lectionn\u00e9e dans le top\u00a012. (Photo by Lillian SUWANRUMPHA \/ AFP)\" align=\"\" data-rubrique-principale=\"\" data-article-type=\"\" fetchpriority=\"auto\"\/>Miss Guadeloupe Oph\u00e9ly M\u00e9zino a \u00e9t\u00e9 s\u00e9lectionn\u00e9e dans le top\u00a012. (Photo by Lillian SUWANRUMPHA \/ AFP) <\/p>\n<p class=\"paragraph text_align_left lp-f-body-02\">M\u00eame si elle ne monte pas sur la premi\u00e8re marche du podium, <a href=\"https:\/\/www.leparisien.fr\/culture-loisirs\/miss-france\/eve-gilles-en-lice-pour-miss-univers-je-nai-pas-prevu-de-faire-de-chirurgie-24-10-2025-OUA53R727RC63FUA4AO337FSFU.php\" target=\"_blank\" rel=\"noreferrer nofollow noopener\">la Fran\u00e7aise \u00c8ve Gilles<\/a> r\u00e9alise elle aussi une belle performance en int\u00e9grant le top 30. L\u2019ancienne Miss Nord-Pas-de-Calais et Miss France 2024 <a href=\"https:\/\/www.leparisien.fr\/culture-loisirs\/miss-france\/miss-univers-la-francaise-indira-ampiot-decue-mais-quand-meme-fiere-detre-dans-le-top-30-17-11-2024-RKGQEWR3RVGC3GBFVGRHYSH7KM.php\" target=\"_blank\" rel=\"noreferrer nofollow noopener\">\u00e9gale le classement d\u2019Indira Ampiot<\/a> l\u2019an dernier, m\u00eame si elle n\u2019est pas parvenue \u00e0 se hisser dans le top 12.<\/p>\n<p>Les autres Fran\u00e7aises en lice<\/p>\n<p class=\"paragraph text_align_left lp-f-body-02\">De leur c\u00f4t\u00e9, C\u00e9lya Abatucci pour la Martinique et Nourya Aboutoihi pour Mayotte ne sont pas parvenues \u00e0 se qualifier pour le top 30 de la comp\u00e9tition. M\u00eame r\u00e9sultat pour la Franco-Bulgare Gaby Guha, qui participait en tant que Miss Bulgarie.<\/p>\n<p>Les costumes nationaux, un d\u00e9fil\u00e9 capital<\/p>\n<p class=\"paragraph text_align_left lp-f-body-02\">Avant la c\u00e9r\u00e9monie de cette nuit, ces 121 reines de beaut\u00e9 avaient encha\u00een\u00e9 les \u00e9preuves tout au long de la semaine, entre <a href=\"https:\/\/www.leparisien.fr\/culture-loisirs\/miss-france\/miss-univers-2025-limpressionnante-chute-de-miss-jamaique-evacuee-sur-une-civiere-20-11-2025-AWYSGGR4MZAZ3OI2GXOR6GNADY.php\" target=\"_blank\" rel=\"noreferrer nofollow noopener\">d\u00e9fil\u00e9 en costume national<\/a> et entretiens avec le jury. \u00c8ve Gilles avait notamment s\u00e9duit le public gr\u00e2ce \u00e0 son armure argent\u00e9e qu\u2019elle concevait <a href=\"https:\/\/www.leparisien.fr\/culture-loisirs\/miss-france\/miss-univers-2025-decouvrez-le-costume-national-deve-gilles-en-hommage-a-jeanne-darc-19-11-2025-5P6VIFMFPVGBJMTSGT6RIJN5NY.php\" target=\"_blank\" rel=\"noreferrer nofollow noopener\">comme un hommage \u00e0 Jeanne d\u2019Arc, une \u00ab guerri\u00e8re pour la paix \u00bb<\/a>.<b> <\/b>Les candidates \u00e0 la couronne \u00e9taient depuis plus de trois semaines en Tha\u00eflande pour participer \u00e0 cette \u00e9lection qui a notamment \u00e9t\u00e9 \u00e9maill\u00e9e par un incident <a href=\"https:\/\/www.leparisien.fr\/culture-loisirs\/miss-france\/miss-univers-un-organisateur-thailandais-traite-de-debile-miss-mexique-la-tenante-du-titre-et-les-candidates-sindignent-04-11-2025-JEM226XCJ5H5BKIJGQ5A4DYDXI.php\" target=\"_blank\" rel=\"noreferrer nofollow noopener\">entre un membre de l\u2019organisation et Miss Mexique, Fatima Bosch<\/a>.<\/p>\n<p class=\"paragraph text_align_left lp-f-body-02\">Depuis 2024, Miss Univers a aboli de nombreuses r\u00e8gles pour les participantes : plus question d\u2019\u00e2ge limite pour repr\u00e9senter son pays, ni interdiction d\u2019avoir des enfants. Ainsi apr\u00e8s la Maltaise Beatrice Njoya l\u2019an dernier, <a href=\"https:\/\/www.leparisien.fr\/culture-loisirs\/miss-france\/miss-univers-2025-pour-la-premiere-fois-deux-participantes-ont-plus-de-40-ans-28-10-2025-IL3E5PFKKRHUVCNL6S5YXLXO6M.php\" target=\"_blank\" rel=\"noreferrer nofollow noopener\">deux femmes de plus de 40 ans<\/a> participaient \u00e9galement au concours, Miss Bonaire et Miss Rwanda. Nicole Visser Peiliker (Bonaire) a \u00e9chou\u00e9 \u00e0 passer le cut du top 30, au contraire de Solange Keita (Rwanda), recal\u00e9e quant \u00e0 elle aux portes du top 12.<\/p>\n","protected":false},"excerpt":{"rendered":"Elle succ\u00e8de \u00e0 la Danoise Victoria Kj\u00e6r Theilvig. F\u00e1tima Bosch, Miss Mexique, \u00e2g\u00e9e de 25 ans, a \u00e9t\u00e9&hellip;\n","protected":false},"author":2,"featured_media":548517,"comment_status":"","ping_status":"","sticky":false,"template":"","format":"standard","meta":{"footnotes":""},"categories":[1888],"tags":[1111,1928,11,1927,872,1777,674,1011,27,3034,12,1926,626,1925,25],"class_list":{"0":"post-548516","1":"post","2":"type-post","3":"status-publish","4":"format-standard","5":"has-post-thumbnail","7":"category-paris","8":"tag-actu","9":"tag-actu-paris","10":"tag-actualites","11":"tag-actualites-paris","12":"tag-culture-et-loisirs","13":"tag-eu","14":"tag-europe","15":"tag-fr","16":"tag-france","17":"tag-miss-france","18":"tag-news","19":"tag-news-paris","20":"tag-paris","21":"tag-paris-news","22":"tag-republique-francaise"},"share_on_mastodon":{"url":"https:\/\/pubeurope.com\/@fr\/115586237416709752","error":""},"_links":{"self":[{"href":"https:\/\/www.europesays.com\/fr\/wp-json\/wp\/v2\/posts\/548516","targetHints":{"allow":["GET"]}}],"collection":[{"href":"https:\/\/www.europesays.com\/fr\/wp-json\/wp\/v2\/posts"}],"about":[{"href":"https:\/\/www.europesays.com\/fr\/wp-json\/wp\/v2\/types\/post"}],"author":[{"embeddable":true,"href":"https:\/\/www.europesays.com\/fr\/wp-json\/wp\/v2\/users\/2"}],"replies":[{"embeddable":true,"href":"https:\/\/www.europesays.com\/fr\/wp-json\/wp\/v2\/comments?post=548516"}],"version-history":[{"count":0,"href":"https:\/\/www.europesays.com\/fr\/wp-json\/wp\/v2\/posts\/548516\/revisions"}],"wp:featuredmedia":[{"embeddable":true,"href":"https:\/\/www.europesays.com\/fr\/wp-json\/wp\/v2\/media\/548517"}],"wp:attachment":[{"href":"https:\/\/www.europesays.com\/fr\/wp-json\/wp\/v2\/media?parent=548516"}],"wp:term":[{"taxonomy":"category","embeddable":true,"href":"https:\/\/www.europesays.com\/fr\/wp-json\/wp\/v2\/categories?post=548516"},{"taxonomy":"post_tag","embeddable":true,"href":"https:\/\/www.europesays.com\/fr\/wp-json\/wp\/v2\/tags?post=548516"}],"curies":[{"name":"wp","href":"https:\/\/api.w.org\/{rel}","templated":true}]}}