{"id":548518,"date":"2025-11-21T06:19:16","date_gmt":"2025-11-21T06:19:16","guid":{"rendered":"https:\/\/www.europesays.com\/fr\/548518\/"},"modified":"2025-11-21T06:19:16","modified_gmt":"2025-11-21T06:19:16","slug":"quatre-pop-up-actuellement-actifs-a-paris","status":"publish","type":"post","link":"https:\/\/www.europesays.com\/fr\/548518\/","title":{"rendered":"Quatre pop-up actuellement actifs \u00e0 Paris"},"content":{"rendered":"<p>\n                                    <b>Publi\u00e9 le<\/b><br \/>\n                                    <\/p>\n<p>                                        21 novembre 2025<\/p>\n<p class=\"article-content col-md-8 offset-md-1\">\n                                \u00c0 l\u2019approche des f\u00eates, Paris se transforme en ville-lumi\u00e8re o\u00f9 les pop-up se multiplient, offrant des parenth\u00e8ses chaleureuses et des d\u00e9couvertes \u00e9ph\u00e9m\u00e8res au c\u0153ur de la saison.<\/p>\n<p class=\"col-md-10 exergue\">Fossil ouvre un pop-up festif au c\u0153ur du Marais<\/p>\n<p><img decoding=\"async\" class=\"news-image\" style=\"width:100%;\" src=\"https:\/\/www.europesays.com\/fr\/wp-content\/uploads\/2025\/11\/cb80.jpg\" alt=\"Fossil pop-up Paris\" loading=\"lazy\"\/>Fossil pop-up Paris &#8211; DR<\/p>\n<p class=\"col-md-8 offset-md-1\">Fond\u00e9e en 1984 aux \u00c9tats-Unis, Fossil est une marque connue pour ses montres et accessoires m\u00ealant design vintage et esprit moderne. Au fil des ann\u00e9es, elle s\u2019est impos\u00e9e comme une r\u00e9f\u00e9rence du lifestyle am\u00e9ricain, avec des collections reconnues pour leur cr\u00e9ativit\u00e9, leur savoir-faire et leur style accessible. La marque cultive une identit\u00e9 chaleureuse, joyeuse et tourn\u00e9e vers le plaisir d\u2019offrir, un fil conducteur que l\u2019on retrouve particuli\u00e8rement pendant la p\u00e9riode des f\u00eates.<\/p>\n<p>Le pop-up Festively Fossil, install\u00e9 du 3 au 22 d\u00e9cembre au 97, rue de Turenne, propose une immersion compl\u00e8te dans l\u2019univers de la marque. On y retrouve ses pi\u00e8ces iconiques, mais aussi plusieurs exp\u00e9riences pens\u00e9es pour cr\u00e9er un moment unique: service de gravure, calligraphie certains jours, coin emballage cadeau et m\u00eame un Calendrier de l\u2019Avent avec tirage au sort quotidien. Les visiteurs peuvent aussi d\u00e9couvrir la \u201cFossil Mailbox\u201d, avec des cartes postales exclusives, ainsi qu\u2019un caf\u00e9 install\u00e9 \u00e0 l\u2019\u00e9tage en collaboration avec La Claque Caf\u00e9. Ouvert tous les jours de 10 h \u00e0 20 h, ce pop-up se veut un lieu chaleureux, festif et cr\u00e9atif, fid\u00e8le \u00e0 l\u2019esprit de Fossil.<\/p>\n<p class=\"col-md-10 exergue\">Paloma Wool rejoint Paris pour la premi\u00e8re fois avec un pop-up<\/p>\n<p><img decoding=\"async\" class=\"news-image\" style=\"width:100%;\" src=\"https:\/\/www.europesays.com\/fr\/wp-content\/uploads\/2025\/11\/1eed.jpg\" alt=\"Paloma Wool pop-up store\" loading=\"lazy\"\/>Paloma Wool pop-up store &#8211; DR<\/p>\n<p class=\"col-md-8 offset-md-1\">Cr\u00e9\u00e9e en 2014 \u00e0 Barcelone, Paloma Wool est une marque reconnue pour son approche artistique de la mode, m\u00ealant minimalisme, couleurs douces et silhouettes modernes. Depuis ses d\u00e9buts, la marque travaille presque exclusivement avec des fournisseurs locaux, un choix qui fait partie de son identit\u00e9. Cette proximit\u00e9 avec les ateliers lui permet de suivre chaque \u00e9tape de production et d\u2019entretenir une relation \u00e9troite avec ceux qui fabriquent ses v\u00eatements. Aujourd\u2019hui, Paloma Wool poss\u00e8de deux boutiques \u00e0 New York et une \u00e0 Barcelone, confirmant son influence internationale.<\/p>\n<p>Le pop-up parisien, install\u00e9 au 84, rue de Turenne du 16 octobre au 24 d\u00e9cembre, offre une immersion compl\u00e8te dans l\u2019univers de la marque. On y retrouve une s\u00e9lection de pi\u00e8ces de la collection automne-hiver 25, avec des r\u00e9assorts chaque semaine, ainsi que la ligne PW Man, d\u00e9di\u00e9e \u00e0 l\u2019homme. L\u2019espace a \u00e9t\u00e9 imagin\u00e9 par Max Mil\u00e0 et Altea Amor\u00f3s, d\u00e9j\u00e0 auteurs des int\u00e9rieurs des boutiques phares de la marque. Pens\u00e9 comme une galerie, le long couloir permet de d\u00e9couvrir les collections comme de v\u00e9ritables \u0153uvres. Un rendez-vous id\u00e9al pour d\u00e9couvrir Paloma Wool en personne.<\/p>\n<p class=\"col-md-10 exergue\">Zodiaque \u00e0 Paris pour la premi\u00e8re fois avec un pop-up<\/p>\n<p><img decoding=\"async\" class=\"news-image\" style=\"width:100%;max-width:645px;\" src=\"https:\/\/www.europesays.com\/fr\/wp-content\/uploads\/2025\/11\/2833.jpg\" alt=\"Zodiaque store\" loading=\"lazy\"\/>Zodiaque store &#8211; DR<\/p>\n<p class=\"col-md-8 offset-md-1\">Cr\u00e9\u00e9e en 2021 \u00e0 Berlin par Emily Renk, ancienne conservatrice et historienne de l\u2019art, Zodiaque est une marque qui m\u00eale esth\u00e9tique classique et expression contemporaine. D\u2019abord centr\u00e9e sur la lingerie en soie, elle a \u00e9largi son univers aux v\u00eatements d\u2019int\u00e9rieur et aux maillots de bain. Chaque pi\u00e8ce est pens\u00e9e pour offrir un confort durable: la marque accorde une attention pr\u00e9cise aux mati\u00e8res, \u00e0 leur cycle de vie et au lien entre bien-\u00eatre, coupe et durabilit\u00e9. Son identit\u00e9 se construit autour d\u2019un luxe discret, de mati\u00e8res d\u2019exception et d\u2019un hommage subtil au corps comme \u00e0 l\u2019environnement.<\/p>\n<p>Le pop-up, install\u00e9 du 18 au 30 novembre au 4, rue du Forez dans le Marais, r\u00e9unit une s\u00e9lection de lingerie en soie et de pi\u00e8ces en cachemire, con\u00e7ues pour \u00eatre port\u00e9es au quotidien. L\u2019espace pr\u00e9sente des ensembles r\u00e9versibles, des v\u00eatements d\u2019int\u00e9rieur raffin\u00e9s et des silhouettes douces qui incarnent l\u2019\u00e9l\u00e9gance discr\u00e8te de la marque. Les horaires varient selon les jours, avec des ouvertures prolong\u00e9es jusqu\u2019\u00e0 20 h et m\u00eame 21 h le 29 novembre.\u00a0<\/p>\n<p class=\"col-md-10 exergue\">L\u2019Appartement Fran\u00e7ais ouvre un pop-up de 200 m\u00b2 au c\u0153ur du Marais<\/p>\n<p><img decoding=\"async\" class=\"news-image\" style=\"width:100%;max-width:968px;\" src=\"https:\/\/www.europesays.com\/fr\/wp-content\/uploads\/2025\/11\/f802.jpg\" alt=\"\" loading=\"lazy\"\/> DR<\/p>\n<p class=\"col-md-8 offset-md-1\">L\u2019Appartement Fran\u00e7ais inaugure un pop-up de 200 m\u00e8tres carr\u00e9s au 42, rue de la Verrerie, \u00e0 Paris, jusqu\u2019au printemps 2027. Une implantation longue dur\u00e9e qui marque une \u00e9tape importante pour le made in France, bien d\u00e9cid\u00e9e \u00e0 s\u2019affirmer dans un paysage urbain o\u00f9 la fast fashion occupe de plus en plus le terrain.<\/p>\n<p>Fond\u00e9 par \u00c9milie Auvray, L\u2019Appartement Fran\u00e7ais s\u2019impose aujourd\u2019hui comme une r\u00e9f\u00e9rence du consommer local. La fondatrice, \u00e9galement pr\u00e9sidente des associations La Rue du Made in France et Le Collectif des Boutiques du Made in France, d\u00e9fend une consommation plus responsable, ancr\u00e9e dans le savoir-faire fran\u00e7ais et dans la valorisation des artisans et cr\u00e9ateurs. Avec plus de 60 marques s\u00e9lectionn\u00e9es avec exigence, le concept store se positionne comme un v\u00e9ritable manifeste du \u201cbeau, du bon, du local\u201d, soutenu par une \u00e9quipe engag\u00e9e r\u00e9unissant Julie Dupraz, Marion Lemaire, Amandine H\u00e9rout et Charles Huet.<\/p>\n<p>Pens\u00e9 comme un v\u00e9ritable appartement, le pop-up propose une immersion chaleureuse dans l\u2019art de vivre \u00e0 la fran\u00e7aise. Chaque pi\u00e8ce, salon, chambre, cuisine ou salle de bain \u2014 met en sc\u00e8ne des objets du quotidien fabriqu\u00e9s en France : v\u00eatements, accessoires, d\u00e9coration, cosm\u00e9tiques, parfums, art de la table ou encore pi\u00e8ces pour la maison. Plus qu\u2019une boutique, l\u2019espace devient une vitrine vivante du savoir-faire hexagonal et de la cr\u00e9ativit\u00e9 des territoires, offrant une alternative concr\u00e8te et inspirante \u00e0 la fast fashion.<\/p>\n<p>Le pop-up de L\u2019Appartement Fran\u00e7ais est \u00e0 d\u00e9couvrir depuis le 1er novembre 2025 et jusqu&rsquo;au printemps 2027, au 42, rue de la Verrerie, Paris IVe.<br \/>\u00a0\n                            <\/p>\n<p>\n                                Tous droits de reproduction et de repr\u00e9sentation r\u00e9serv\u00e9s.<br \/>\u00a9 2025 FashionNetwork.com\n                            <\/p>\n","protected":false},"excerpt":{"rendered":"Publi\u00e9 le 21 novembre 2025 \u00c0 l\u2019approche des f\u00eates, Paris se transforme en ville-lumi\u00e8re o\u00f9 les pop-up se&hellip;\n","protected":false},"author":2,"featured_media":548519,"comment_status":"","ping_status":"","sticky":false,"template":"","format":"standard","meta":{"footnotes":""},"categories":[1888],"tags":[1111,1928,11,1927,2424,537,2423,1777,674,1011,27,2425,985,12,1926,2298,626,1925,2426,2427,25,2421,2422],"class_list":{"0":"post-548518","1":"post","2":"type-post","3":"status-publish","4":"format-standard","5":"has-post-thumbnail","7":"category-paris","8":"tag-actu","9":"tag-actu-paris","10":"tag-actualites","11":"tag-actualites-paris","12":"tag-beaute","13":"tag-contact","14":"tag-cosmetiques","15":"tag-eu","16":"tag-europe","17":"tag-fr","18":"tag-france","19":"tag-luxe","20":"tag-mode","21":"tag-news","22":"tag-news-paris","23":"tag-parfum","24":"tag-paris","25":"tag-paris-news","26":"tag-professionnel","27":"tag-professionnels","28":"tag-republique-francaise","29":"tag-reseau","30":"tag-textile"},"share_on_mastodon":{"url":"https:\/\/pubeurope.com\/@fr\/115586241573187163","error":""},"_links":{"self":[{"href":"https:\/\/www.europesays.com\/fr\/wp-json\/wp\/v2\/posts\/548518","targetHints":{"allow":["GET"]}}],"collection":[{"href":"https:\/\/www.europesays.com\/fr\/wp-json\/wp\/v2\/posts"}],"about":[{"href":"https:\/\/www.europesays.com\/fr\/wp-json\/wp\/v2\/types\/post"}],"author":[{"embeddable":true,"href":"https:\/\/www.europesays.com\/fr\/wp-json\/wp\/v2\/users\/2"}],"replies":[{"embeddable":true,"href":"https:\/\/www.europesays.com\/fr\/wp-json\/wp\/v2\/comments?post=548518"}],"version-history":[{"count":0,"href":"https:\/\/www.europesays.com\/fr\/wp-json\/wp\/v2\/posts\/548518\/revisions"}],"wp:featuredmedia":[{"embeddable":true,"href":"https:\/\/www.europesays.com\/fr\/wp-json\/wp\/v2\/media\/548519"}],"wp:attachment":[{"href":"https:\/\/www.europesays.com\/fr\/wp-json\/wp\/v2\/media?parent=548518"}],"wp:term":[{"taxonomy":"category","embeddable":true,"href":"https:\/\/www.europesays.com\/fr\/wp-json\/wp\/v2\/categories?post=548518"},{"taxonomy":"post_tag","embeddable":true,"href":"https:\/\/www.europesays.com\/fr\/wp-json\/wp\/v2\/tags?post=548518"}],"curies":[{"name":"wp","href":"https:\/\/api.w.org\/{rel}","templated":true}]}}