{"id":548526,"date":"2025-11-21T06:23:13","date_gmt":"2025-11-21T06:23:13","guid":{"rendered":"https:\/\/www.europesays.com\/fr\/548526\/"},"modified":"2025-11-21T06:23:13","modified_gmt":"2025-11-21T06:23:13","slug":"en-direct-guerre-en-ukraine-selon-le-plan-de-paix-propose-par-washington-kiev-doit-renoncer-a-adherer-a-lotan","status":"publish","type":"post","link":"https:\/\/www.europesays.com\/fr\/548526\/","title":{"rendered":"EN DIRECT &#8211; Guerre en Ukraine : selon le plan de paix propos\u00e9 par Washington, Kiev doit renoncer \u00e0 adh\u00e9rer \u00e0 l\u2019Otan"},"content":{"rendered":"<p role=\"heading\" aria-level=\"3\">L\u2019\u00e9ditorial de Philippe G\u00e9lie : \u00abUkraine, Donald Trump en revient aux conditions russes\u00bb<\/p>\n<p class=\"fig-paragraph\">Les annales diplomatiques regorgent de plans de paix mirobolants rest\u00e9s lettre morte. Celui que\u00a0<a href=\"http:\/\/www.lefigaro.fr\/international\/etats-unis-le-parti-democrate-juge-absolument-infame-que-donald-trump-menace-certains-de-ses-elus-de-la-peine-de-mort-20251120\" target=\"_blank\" data-fig-type=\"NewsFlash\" rel=\"noopener\" data-gtm-custom-categorie=\"navigation\" data-gtm-custom-action=\"crossclick\" data-gtm-custom-label=\"Contextuel\" data-gtm-event=\"customEventSPE\" data-fig-domain=\"LEFIGARO\">l\u2019Administration Trump<\/a>\u00a0voudrait aujourd\u2019hui imposer \u00e0 l\u2019Ukraine est condamn\u00e9 au m\u00eame sort. On se demande laquelle de ses dispositions est la plus aberrante\u00a0: c\u00e9der \u00e0 la Russie des territoires qu\u2019elle n\u2019a pas conquis, r\u00e9duire l\u2019arm\u00e9e ukrainienne de moiti\u00e9, renoncer \u00e0 toute aide militaire occidentale, aux armes \u00e0 longue port\u00e9e, aux garanties de s\u00e9curit\u00e9 fournies par une force de \u00ab\u200ar\u00e9assurance\u00a0\u00bb europ\u00e9enne\u00a0?\u00a0<a href=\"http:\/\/www.lefigaro.fr\/international\/nouveau-plan-de-paix-de-trump-la-russie-table-sur-cet-accord-favorable-mais-demeure-prudente-20251120\" target=\"_blank\" data-fig-type=\"Article\" rel=\"noopener\" data-gtm-custom-categorie=\"navigation\" data-gtm-custom-action=\"crossclick\" data-gtm-custom-label=\"Contextuel\" data-gtm-event=\"customEventSPE\" data-fig-domain=\"LEFIGARO\">M\u00eame le Kremlin ne semble gu\u00e8re y croire et fait profil bas<\/a>.<\/p>\n<p class=\"fig-paragraph\">Cette nouvelle initiative am\u00e9ricaine p\u00e2tit d\u2019un triple handicap\u00a0: la m\u00e9thode \u2013 s\u2019entendre avec une seule des parties \u2013, les acteurs, Steve Witkoff et Kirill Dmitriev, deux partenaires d\u2019affaires dont l\u2019exp\u00e9rience rel\u00e8ve de la diplomatie immobili\u00e8re, et le r\u00e9sultat, in\u00e9vitablement bancal. Si Donald Trump s\u2019en tenait \u00e0 ce brouillon, il se renierait une nouvelle fois, apr\u00e8s avoir ent\u00e9rin\u00e9 avec Volodymyr Zelensky le principe d\u2019un cessez-le-feu le long des lignes de front et la n\u00e9cessit\u00e9 d\u2019adosser tout accord \u00e0 un dispositif s\u00e9curitaire pour prot\u00e9ger l\u2019Ukraine. Surtout, et c\u2019est bien plus g\u00eanant \u00e0 ses yeux, il courrait \u00e0 l\u2019\u00e9chec.<\/p>\n<p class=\"fig-body-link\">\n            \u00c0 lire aussi<br \/>\n        <a class=\"fig-body-link__link fig-premium-mark\" href=\"http:\/\/www.lefigaro.fr\/vox\/monde\/l-editorial-de-philippe-gelie-ukraine-donald-trump-en-revient-aux-conditions-russes-20251120\" target=\"_blank\" data-fig-type=\"Article\" rel=\"noopener\" data-gtm-custom-categorie=\"navigation\" data-gtm-custom-action=\"crossclick\" data-gtm-custom-label=\"Contextuel\" data-gtm-event=\"customEventSPE\" data-fig-domain=\"LEFIGARO\"><\/p>\n<p>        L\u2019\u00e9ditorial de Philippe G\u00e9lie\u00a0: \u00abUkraine, Donald Trump en revient aux conditions russes\u00bb<br \/>\n    <\/a><\/p>\n","protected":false},"excerpt":{"rendered":"L\u2019\u00e9ditorial de Philippe G\u00e9lie : \u00abUkraine, Donald Trump en revient aux conditions russes\u00bb Les annales diplomatiques regorgent de&hellip;\n","protected":false},"author":2,"featured_media":548527,"comment_status":"","ping_status":"","sticky":false,"template":"","format":"standard","meta":{"footnotes":""},"categories":[1590],"tags":[259,11,260,75,1777,674,131,14,261,12,136,262,220,135,134],"class_list":{"0":"post-548526","1":"post","2":"type-post","3":"status-publish","4":"format-standard","5":"has-post-thumbnail","7":"category-ukraine","8":"tag-actualite-internationale","9":"tag-actualites","10":"tag-affaires-etrangeres","11":"tag-donald-trump","12":"tag-eu","13":"tag-europe","14":"tag-guerre-en-ukraine","15":"tag-international","16":"tag-ministere-des-affaires-etrangeres","17":"tag-news","18":"tag-otan","19":"tag-politique-etrangere","20":"tag-ukraine","21":"tag-vladimir-poutine","22":"tag-volodymyr-zelensky"},"share_on_mastodon":{"url":"https:\/\/pubeurope.com\/@fr\/115586256328881008","error":""},"_links":{"self":[{"href":"https:\/\/www.europesays.com\/fr\/wp-json\/wp\/v2\/posts\/548526","targetHints":{"allow":["GET"]}}],"collection":[{"href":"https:\/\/www.europesays.com\/fr\/wp-json\/wp\/v2\/posts"}],"about":[{"href":"https:\/\/www.europesays.com\/fr\/wp-json\/wp\/v2\/types\/post"}],"author":[{"embeddable":true,"href":"https:\/\/www.europesays.com\/fr\/wp-json\/wp\/v2\/users\/2"}],"replies":[{"embeddable":true,"href":"https:\/\/www.europesays.com\/fr\/wp-json\/wp\/v2\/comments?post=548526"}],"version-history":[{"count":0,"href":"https:\/\/www.europesays.com\/fr\/wp-json\/wp\/v2\/posts\/548526\/revisions"}],"wp:featuredmedia":[{"embeddable":true,"href":"https:\/\/www.europesays.com\/fr\/wp-json\/wp\/v2\/media\/548527"}],"wp:attachment":[{"href":"https:\/\/www.europesays.com\/fr\/wp-json\/wp\/v2\/media?parent=548526"}],"wp:term":[{"taxonomy":"category","embeddable":true,"href":"https:\/\/www.europesays.com\/fr\/wp-json\/wp\/v2\/categories?post=548526"},{"taxonomy":"post_tag","embeddable":true,"href":"https:\/\/www.europesays.com\/fr\/wp-json\/wp\/v2\/tags?post=548526"}],"curies":[{"name":"wp","href":"https:\/\/api.w.org\/{rel}","templated":true}]}}