{"id":548534,"date":"2025-11-21T06:27:14","date_gmt":"2025-11-21T06:27:14","guid":{"rendered":"https:\/\/www.europesays.com\/fr\/548534\/"},"modified":"2025-11-21T06:27:14","modified_gmt":"2025-11-21T06:27:14","slug":"europe-le-phenomene-meloni","status":"publish","type":"post","link":"https:\/\/www.europesays.com\/fr\/548534\/","title":{"rendered":"Europe, le ph\u00e9nom\u00e8ne Meloni"},"content":{"rendered":"<p>\u00c0 droite, tous les chemins m\u00e8nent \u00e0 Rome. Au Parlement europ\u00e9en, le 13\u202fnovembre, une coalition d\u2019un nouveau genre permettait le d\u00e9tricotage en r\u00e8gle de la directive sur le \u00ab\u2009devoir de vigilance\u2009\u00bb\u2009: le Parti populaire europ\u00e9en, au sein duquel si\u00e8ge LR, mais aussi les nationalistes du groupe Patriotes pour l\u2019Europe, de <a href=\"https:\/\/www.parismatch.com\/bio\/jordan-bardella\" rel=\"nofollow noopener\" target=\"_blank\">\u00adJordan Bardella<\/a>, d\u2019Europe des nations souveraines, de <a href=\"https:\/\/www.parismatch.com\/actu\/politique\/barometre-des-personnalites-politiques-sarah-knafo-devance-eric-zemmour-244831\" rel=\"nofollow noopener\" target=\"_blank\">Sarah Knafo<\/a>, et, surtout, des Conservateurs et r\u00e9formistes (ECR), emmen\u00e9s par Fratelli d\u2019Italia, de Giorgia Meloni, \u00e0 laquelle s\u2019est alli\u00e9e Marion Mar\u00e9chal. Une majorit\u00e9 n\u00e9e d\u2019un rapprochement tant physique qu\u2019id\u00e9ologique entre courant traditionnel et frange conservatrice, \u00e0 l\u2019\u0153uvre depuis l\u2019av\u00e8nement au pouvoir de \u00adl\u2019Italienne.\u00a0<\/p>\n<p>\u00ab\u2009La politique que m\u00e8ne <a href=\"https:\/\/www.parismatch.com\/bio\/giorgia-meloni\" rel=\"nofollow noopener\" target=\"_blank\">Giorgia Meloni<\/a> est \u00e0 mes yeux un mod\u00e8le pour la droite\u2009\u00bb, l\u00e2chait <a href=\"https:\/\/www.parismatch.com\/bio\/laurent-wauquiez\" rel=\"nofollow noopener\" target=\"_blank\">Laurent Wauquiez<\/a> en mai dernier. Une admiration partag\u00e9e par d\u2019autres en France. Jordan \u00adBardella, interrog\u00e9 sur les raisons qui l\u2019avaient pouss\u00e9 \u00e0 entreprendre l\u2019\u00e9criture de son premier ouvrage, \u00ab\u2009Ce que je cherche\u2009\u00bb, r\u00e9pondait vouloir faire \u00ab\u2009comme Meloni\u2009\u00bb avec son autobiographie, \u00ab\u2009Io sono Giorgia\u2009\u00bb.<\/p>\n<p>\u00a0<a href=\"https:\/\/www.parismatch.com\/bio\/marion-marechal-le-pen\" rel=\"nofollow noopener\" target=\"_blank\">Marion Mar\u00e9chal<\/a>, par ailleurs \u00e9pouse d\u2019un lieutenant de \u00adFratelli d\u2019Italia, s\u2019affiche comme une Meloni fran\u00e7aise, adoub\u00e9e par l\u2019Italienne qui appelait \u00e0 l\u2019union des droites dans l\u2019Hexagone en vue de 2027, au cours de la rentr\u00e9e politique du parti Identit\u00e9s-Libert\u00e9s, \u00e0 Paris. Quant \u00e0 Bruno Retailleau, ses \u00e9quipes phosphoraient en septembre \u00e0 une visite officielle dans la Botte avant que ses ambitions ne soient tu\u00e9es dans l\u2019\u0153uf par un Tweet nocturne.<\/p>\n<p>\u00ab\u2009Elle est conservatrice, ce que je ne suis pas\u2009\u00bb, dit Marine Le Pen en priv\u00e9<\/p>\n<p>\u00a0L\u2019ex-premier flic de France n\u2019avait pu honorer l\u2019invitation de la nationaliste, l\u2019an dernier, au festival Atreju, incontournable rassemblement conservateur italien fond\u00e9 en 1998 par Meloni alors qu\u2019elle dirigeait l\u2019organisation de jeunesse du parti post-fasciste Alliance nationale. S\u2019y sont press\u00e9s des repr\u00e9sentants de mouvements \u00e9trangers analogues\u2009: les Am\u00e9ricains Elon Musk et Steve Bannon, le pr\u00e9sident argentin, Javier Milei, le Premier ministre hongrois, Viktor Orban, ou encore l\u2019ex-chef du gouvernement britannique Rishi Sunak. Seule Marine Le\u202fPen, qui rejette le clivage gauche-droite, affiche une certaine r\u00e9ticence \u00e0 son \u00e9gard. \u00ab\u2009Elle est conservatrice, ce que je ne suis pas\u2009\u00bb, dit-elle en priv\u00e9.<\/p>\n<p>Cette quasi-unanimit\u00e9 de ce c\u00f4t\u00e9 de l\u2019\u00e9chiquier s\u2019appuie sur les r\u00e9sultats obtenus par la coalition au pouvoir\u2009: en 2024, le minist\u00e8re de l\u2019Int\u00e9rieur italien arguait d\u2019une baisse de 65\u2009% de l\u2019immigration ill\u00e9gale sur son sol quand les retomb\u00e9es du plan de relance europ\u00e9en, dont la plus grosse part est all\u00e9e \u00e0 la P\u00e9ninsule, ont entra\u00een\u00e9 \u00ab\u200980\u202fmilliards d\u2019investissements \u00e9trangers\u2009\u00bb et la \u00ab\u2009presque sortie [de l\u2019Italie] de la proc\u00e9dure de d\u00e9ficit excessif\u2009\u00bb engag\u00e9e par l\u2019Union europ\u00e9enne, comme le revendique le chef de la d\u00e9l\u00e9gation Fratelli d\u2019Italia \u00e0 Bruxelles, Carlo Fidanza\u2009: \u00ab\u2009Nous payons aujourd\u2019hui moins d\u2019int\u00e9r\u00eats sur la dette, ce qui nous a permis de lib\u00e9rer des ressources pour les politiques nationales et nous offre une forte projection ext\u00e9rieure. Des op\u00e9rations comme le plan Mattei pour l\u2019Afrique [partenariat migratoire et \u00e9conomique se d\u00e9clinant d\u00e9sormais au niveau europ\u00e9en, NDLR] cr\u00e9ent des opportunit\u00e9s pour nos entreprises et nous font entretenir de bonnes relations avec nos alli\u00e9s, notamment l\u2019administration am\u00e9ricaine.\u2009\u00bb<\/p>\n<p>    La suite apr\u00e8s cette publicit\u00e9<\/p>\n<p>\u00ab\u2009Nous avons une approche pro-Ouest et atlantiste \u00bb<\/p>\n<p>Voici la seconde partie de la t\u00e2che. Alors qu\u2019il lui \u00e9tait pr\u00e9sag\u00e9 un mandat solitaire sur la sc\u00e8ne internationale, Meloni s\u2019est appliqu\u00e9e \u00e0 faire cro\u00eetre son influence, cultivant ses liens avec Donald Trump ou <a href=\"https:\/\/www.parismatch.com\/bio\/javier-milei\" rel=\"nofollow noopener\" target=\"_blank\">Javier Milei<\/a> et se posant en pont entre le Nouveau Monde et l\u2019Ancien Continent. \u00ab\u2009Meloni a montr\u00e9 que l\u2019option politique qu\u2019elle repr\u00e9sente \u00e9tait compatible avec le fait de jouer le jeu europ\u00e9en de mani\u00e8re tr\u00e8s affirm\u00e9e\u2009\u00bb, abonde le chef de la d\u00e9l\u00e9gation LR \u00e0 Bruxelles, Fran\u00e7ois-Xavier Bellamy. \u00ab\u2009Elle a la recette d\u2019une droite qui gagne et qui gouverne \u00e0 droite, \u00e7a donne envie, non\u2009?\u2009\u00bb lance l\u2019eurod\u00e9\u00adput\u00e9e fran\u00e7aise C\u00e9line Imart.\u00a0<\/p>\n<p>\u00ab\u2009ECR est n\u00e9 d\u2019une vocation tr\u00e8s occidentale, narre le lieutenant melonien Nicola Procaccini, copr\u00e9sident du groupe au Parlement europ\u00e9en. L\u2019empreinte initiale vient des tories de \u00adMargaret Thatcher. Nous avons une approche pro-Ouest et atlantiste.\u2009\u00bb Une strat\u00e9gie pour l\u2019heure payante nationalement\u2009: malgr\u00e9 trois ans d\u2019usure du pouvoir \u2013\u00a0une \u00e9ternit\u00e9 en Italie\u00a0\u2013, Fratelli d\u2019Italia est cr\u00e9dit\u00e9 de 30\u2009%, contre \u00e0 peine 20\u2009% pour la gauche.<\/p>\n","protected":false},"excerpt":{"rendered":"\u00c0 droite, tous les chemins m\u00e8nent \u00e0 Rome. Au Parlement europ\u00e9en, le 13\u202fnovembre, une coalition d\u2019un nouveau genre&hellip;\n","protected":false},"author":2,"featured_media":548535,"comment_status":"","ping_status":"","sticky":false,"template":"","format":"standard","meta":{"footnotes":""},"categories":[1586],"tags":[11,1777,674,1011,27,12,25],"class_list":{"0":"post-548534","1":"post","2":"type-post","3":"status-publish","4":"format-standard","5":"has-post-thumbnail","7":"category-europe","8":"tag-actualites","9":"tag-eu","10":"tag-europe","11":"tag-fr","12":"tag-france","13":"tag-news","14":"tag-republique-francaise"},"share_on_mastodon":{"url":"https:\/\/pubeurope.com\/@fr\/115586272139866172","error":""},"_links":{"self":[{"href":"https:\/\/www.europesays.com\/fr\/wp-json\/wp\/v2\/posts\/548534","targetHints":{"allow":["GET"]}}],"collection":[{"href":"https:\/\/www.europesays.com\/fr\/wp-json\/wp\/v2\/posts"}],"about":[{"href":"https:\/\/www.europesays.com\/fr\/wp-json\/wp\/v2\/types\/post"}],"author":[{"embeddable":true,"href":"https:\/\/www.europesays.com\/fr\/wp-json\/wp\/v2\/users\/2"}],"replies":[{"embeddable":true,"href":"https:\/\/www.europesays.com\/fr\/wp-json\/wp\/v2\/comments?post=548534"}],"version-history":[{"count":0,"href":"https:\/\/www.europesays.com\/fr\/wp-json\/wp\/v2\/posts\/548534\/revisions"}],"wp:featuredmedia":[{"embeddable":true,"href":"https:\/\/www.europesays.com\/fr\/wp-json\/wp\/v2\/media\/548535"}],"wp:attachment":[{"href":"https:\/\/www.europesays.com\/fr\/wp-json\/wp\/v2\/media?parent=548534"}],"wp:term":[{"taxonomy":"category","embeddable":true,"href":"https:\/\/www.europesays.com\/fr\/wp-json\/wp\/v2\/categories?post=548534"},{"taxonomy":"post_tag","embeddable":true,"href":"https:\/\/www.europesays.com\/fr\/wp-json\/wp\/v2\/tags?post=548534"}],"curies":[{"name":"wp","href":"https:\/\/api.w.org\/{rel}","templated":true}]}}