{"id":548536,"date":"2025-11-21T06:28:15","date_gmt":"2025-11-21T06:28:15","guid":{"rendered":"https:\/\/www.europesays.com\/fr\/548536\/"},"modified":"2025-11-21T06:28:15","modified_gmt":"2025-11-21T06:28:15","slug":"anais-lagrange-jai-toujours-eu-envie-daider-les-autres","status":"publish","type":"post","link":"https:\/\/www.europesays.com\/fr\/548536\/","title":{"rendered":"Ana\u00efs Lagrange : \u00ab J\u2019ai toujours eu envie d\u2019aider les autres \u00bb"},"content":{"rendered":"<p>Que ce soit avec les Espoirs ou avec l\u2019\u00c9lite 1 de l\u2019ASM Rugby F\u00e9minin, Ana\u00efs Lagrange, n\u2019en finit pas de s\u2019illustrer sur les terrains de rugby en livrant de solides prestations, sous les conseils avis\u00e9s de Vincent Fargeas, sp\u00e9cialiste du jeu d\u2019avants. <\/p>\n<p>Originaire de Cusset, Ana\u00efs Lagrange, \u00e9tudiante en troisi\u00e8me ann\u00e9e de psychologie, est r\u00e9put\u00e9e pour ses prestation sur les terrains de Rugby. Que se soit avec les \u00e9quipes Espoirs ou l\u2019\u00c9lite 1 de l\u2019ASM Rugby F\u00e9minin, elle affiche \u00e0 tout juste 20 ans, un belle r\u00e9ussite. Cette jeune Bourbonnaise, championne de France \u00e0 XV, X et 7,\u00a0 fait la fiert\u00e9 de ses proches et du bassin de Vichy qui l\u2019a vu d\u00e9buter \u00e0 l\u2019\u00e2ge de 12 ans.<\/p>\n<p>7 Jours \u00e0 Clermont : Qu\u2019est-ce qui vous a attir\u00e9 \u00e0 pratiquer le rugby ?<br \/>Ana\u00efs Lagrange : Dans ma famille, pas mal de personnes ont jou\u00e9 au rugby, et cela m\u2019a pouss\u00e9, moi aussi, \u00e0 vouloir d\u00e9couvrir l\u2019aventure du ballon ovale. Mon cousin a pas mal jou\u00e9 au rugby dans la r\u00e9gion, et mon papy \u00e9tait un fan de ce sport. Il allait voir beaucoup de matchs, et cela a compt\u00e9 pour moi. Mes parents m\u2019ont pris une licence \u00e0 Cusset, \u00e0 l\u2019\u00e2ge de 11\/12 ans, et j\u2019ai tr\u00e8s vite accroch\u00e9. J\u2019ai \u00e9galement jou\u00e9 avec l\u2019Entente Vichy Val d\u2019Allier jusqu\u2019\u00e0 mes 15 ans, o\u00f9 j\u2019ai, par la suite rejoint l\u2019ASM Romagnat Rugby F\u00e9minin. J\u2019ai commenc\u00e9 au poste de troisi\u00e8me ligne.<\/p>\n<p>7J\u00e0C : D\u2019autres sports vous ont attir\u00e9 \u00e9galement ?<br \/>A. L : J\u2019ai fait beaucoup de sport comme la natation, de l\u2019athl\u00e9tisme, de l\u2019\u00e9quitation, et du judo. J\u2019ai d\u2019ailleurs h\u00e9sit\u00e9 entre le rugby et le judo, mais c\u2019est finalement vers le ballon ovale, que je me suis tourn\u00e9e. J\u2019ai \u00e9t\u00e9 prise au p\u00f4le Acad\u00e9mie de Clermont-Ferrand, et l\u00e0, je d\u00e9couvre un autre monde avec toute l\u2019exigence que cela implique. J\u2019ai crois\u00e9 Vincent Fargeas pendant les moments de d\u00e9tection, c\u2019est lui, qui m\u2019a fait rentrer au p\u00f4le, et m\u2019a replac\u00e9 au poste de talon.<\/p>\n<p>\u00ab J\u2019ai davantage confiance en moi \u00bb<\/p>\n<p>7 Jours \u00e0 Clermont : Nous vous voyons tr\u00e8s performantes sur le terrain, mettant souvent votre \u00e9quipe dans l\u2019avanc\u00e9e ?<br \/>Ana\u00efs Lagrange : Je suis tr\u00e8s contente du travail qui se fait ici, au service du collectif. Quand nous voyons les r\u00e9sultats avec les filles avec un titre de Championnes de France en 2024, un titre de vice-championnes de France en 2025, cela veut dire qu\u2019il y a beaucoup d\u2019engagement de la part des filles. Nous arrivons \u00e0 nous\u00a0 r\u00e9compenser de tout le travail entrepris. Jouer au plus haut niveau du rugby f\u00e9minin Fran\u00e7ais, est extr\u00eamement gratifiant (un essai inscrit contre Blagnac). J\u2019ai fait un rassemblement avec les moins de 20 ans en s\u00e9lection nationale.<\/p>\n<p>7J\u00e0C : Quelle est votre marge de progression, vous qui avez d\u00e9j\u00e0 une belle palette de joueuse de rugby accomplie ?<br \/>A. L : Je dois am\u00e9liorer ma technique notamment sur l\u2019individuel au poste, et puis aussi en attaque o\u00f9 il faut que j\u2019am\u00e9liore ma vison du jeu. Je dois aussi \u00eatre plus performante dans le jeu debout, et dans l\u2019alternance de celui-ci. Ce sont les premiers \u00e9l\u00e9ments o\u00f9 je dois progresser. J\u2019\u00e9volue positivement en prenant plus confiance en moi. J\u2019ai soucis de prendre tous les conseils que l\u2019on me donne, et de les appliquer au mieux. J\u2019aide aussi les nouvelles recrues \u00e0\u00a0 prendre leurs rep\u00e8res \u00e0 leur arriv\u00e9e au club.<\/p>\n<p>\u00ab J\u2019adore ce que je fais \u00bb<\/p>\n<p>7 Jours \u00e0 Clermont : Vous faites partie du groupe \u00e9largi, en jouant soit en r\u00e9serve, soit en \u00c9lite. Tout cela est facile pour vous ?<br \/>Ana\u00efs Lagrange : Oui je suis habitu\u00e9e \u00e0 ces rotations, car cela est bien fait, donc c\u2019est beaucoup plus facile pour nous les joueuses, qui sommes dans ce fonctionnement. Jouer avec n\u2019importe quel collectif, est tr\u00e8s plaisant. L\u2019ann\u00e9e prochaine, nous allons avoir un superbe outil de performance pour continuer notre progression, ce qui est tr\u00e8s motivant. Je prends ce qu\u2019il y a \u00e0 prendre, sans me mettre forc\u00e9ment trop de pression. Et puis \u00e9voluer aux c\u00f4t\u00e9s de joueuses de tr\u00e8s haut niveau, aide \u00e0 hisser son niveau de jeu. Je suis tr\u00e8s bien ici, et j\u2019adore ce que je fais.<\/p>\n<p>7J\u00e0C : C\u00f4t\u00e9 professionnel, vous \u00eates en \u00e9tude de psychologie, pourquoi ce choix ?<br \/>A. L : Depuis longtemps, je voulais faire un m\u00e9tier proche du m\u00e9dical, du social. J\u2019aime beaucoup accompagner les gens, les aider, les comprendre. J\u2019aimerais bien travailler avec les enfants. Et puis, aussi tout l\u2019aspect qui d\u00e9coule du fonctionnement du cerveau, des processus mentaux, et tout ce qui s\u2019y associe, me passionne. Je trouve la psychologie tr\u00e8s int\u00e9ressante dans ce domaine, avec notamment, le c\u00f4t\u00e9 clinicien. Il y a plein d\u2019aspects diff\u00e9rents sur ce sujet, ce qui permet d\u2019envisager une belle \u00e9volution de carri\u00e8re. J\u2019aime bien apporter de l\u2019aide. Ce sont des valeurs que nous retrouvons dans le rugby d\u2019ailleurs.<\/p>\n<p>\t\t\t\t<a href=\"https:\/\/www.clermontmetropole.eu\/no-cache\/actualites-et-agendas\/toute-lactualite\/detail\/actualites\/exposition-lauvergne-de-la-modernite-au-marq\/\" target=\"_blank\" rel=\"nofollow noopener\"><img decoding=\"async\" src=\"https:\/\/www.europesays.com\/fr\/wp-content\/uploads\/2025\/10\/7-jours-728x90px.jpg\"\/><\/a><\/p>\n","protected":false},"excerpt":{"rendered":"Que ce soit avec les Espoirs ou avec l\u2019\u00c9lite 1 de l\u2019ASM Rugby F\u00e9minin, Ana\u00efs Lagrange, n\u2019en finit&hellip;\n","protected":false},"author":2,"featured_media":548537,"comment_status":"","ping_status":"","sticky":false,"template":"","format":"standard","meta":{"footnotes":""},"categories":[1586],"tags":[11,66633,58386,1777,674,1779,1011,27,12,6109,25,58387,479,29249,1778,96,364],"class_list":{"0":"post-548536","1":"post","2":"type-post","3":"status-publish","4":"format-standard","5":"has-post-thumbnail","7":"category-europe","8":"tag-actualites","9":"tag-asm-rugby-feminin","10":"tag-axa-elite-1","11":"tag-eu","12":"tag-europe","13":"tag-european-union","14":"tag-fr","15":"tag-france","16":"tag-news","17":"tag-newsletter-lundi","18":"tag-republique-francaise","19":"tag-romagnat","20":"tag-rugby","21":"tag-sport-feminin","22":"tag-ue","23":"tag-une","24":"tag-union-europeenne"},"share_on_mastodon":{"url":"https:\/\/pubeurope.com\/@fr\/115586277115297698","error":""},"_links":{"self":[{"href":"https:\/\/www.europesays.com\/fr\/wp-json\/wp\/v2\/posts\/548536","targetHints":{"allow":["GET"]}}],"collection":[{"href":"https:\/\/www.europesays.com\/fr\/wp-json\/wp\/v2\/posts"}],"about":[{"href":"https:\/\/www.europesays.com\/fr\/wp-json\/wp\/v2\/types\/post"}],"author":[{"embeddable":true,"href":"https:\/\/www.europesays.com\/fr\/wp-json\/wp\/v2\/users\/2"}],"replies":[{"embeddable":true,"href":"https:\/\/www.europesays.com\/fr\/wp-json\/wp\/v2\/comments?post=548536"}],"version-history":[{"count":0,"href":"https:\/\/www.europesays.com\/fr\/wp-json\/wp\/v2\/posts\/548536\/revisions"}],"wp:featuredmedia":[{"embeddable":true,"href":"https:\/\/www.europesays.com\/fr\/wp-json\/wp\/v2\/media\/548537"}],"wp:attachment":[{"href":"https:\/\/www.europesays.com\/fr\/wp-json\/wp\/v2\/media?parent=548536"}],"wp:term":[{"taxonomy":"category","embeddable":true,"href":"https:\/\/www.europesays.com\/fr\/wp-json\/wp\/v2\/categories?post=548536"},{"taxonomy":"post_tag","embeddable":true,"href":"https:\/\/www.europesays.com\/fr\/wp-json\/wp\/v2\/tags?post=548536"}],"curies":[{"name":"wp","href":"https:\/\/api.w.org\/{rel}","templated":true}]}}