{"id":548540,"date":"2025-11-21T06:30:17","date_gmt":"2025-11-21T06:30:17","guid":{"rendered":"https:\/\/www.europesays.com\/fr\/548540\/"},"modified":"2025-11-21T06:30:17","modified_gmt":"2025-11-21T06:30:17","slug":"la-victoire-pour-la-mexicaine-fatima-bosch-eve-gilles-seulement-dans-le-top-30","status":"publish","type":"post","link":"https:\/\/www.europesays.com\/fr\/548540\/","title":{"rendered":"la victoire pour la Mexicaine Fatima Bosch, \u00c8ve Gilles seulement dans le top 30"},"content":{"rendered":"<p class=\"article-p mdl\">Une v\u00e9ritable revanche.\u00a0<a class=\"link\" href=\"https:\/\/www.rtl.fr\/culture\/medias-people\/miss-univers-2025-un-organisateur-qualifie-miss-mexique-de-debile-les-autres-candidates-s-insurgent-7900562517\" title=\"Miss Univers 2025 : un organisateur qualifie Miss Mexique de &quot;d\u00e9bile&quot;, les autres candidates s&#039;insurgent\" target=\"_blank\" rel=\"noopener\">La candidate mexicaine Fatima Bosch<\/a>\u00a0a \u00e9t\u00e9 sacr\u00e9e Miss Univers 2025, vendredi 21 novembre en Tha\u00eflande, apr\u00e8s avoir \u00e9t\u00e9 la cible de critiques publiques d&rsquo;un animateur, qui avaient suscit\u00e9 l&rsquo;indignation jusqu&rsquo;\u00e0 la pr\u00e9sidente du Mexique.<\/p>\n<p class=\"article-p mdl\">Lors d&rsquo;une r\u00e9union de pr\u00e9paration film\u00e9e, l&rsquo;animateur de Miss Univers Nawat Itsaragrisil avait qualifi\u00e9 d'\u00a0\u00bbidiote\u00a0\u00bb la participante, apr\u00e8s lui avoir notamment reproch\u00e9 de ne pas avoir publi\u00e9 sur ses r\u00e9seaux sociaux une vid\u00e9o promotionnelle sur la Tha\u00eflande, o\u00f9 se tenait cette ann\u00e9e la comp\u00e9tition. Furieuse, elle avait quitt\u00e9 la salle, suivie de quelques-unes de ses coll\u00e8gues.<\/p>\n<p class=\"article-p mdl\">\u00ab\u00a0Ce que votre directeur a fait est irrespectueux: il m&rsquo;a trait\u00e9e d&rsquo;idiote\u00a0\u00bb, s&rsquo;\u00e9tait indign\u00e9e Fatima Bosch devant les journalistes pr\u00e9sents. \u00ab\u00a0Le monde doit \u00eatre t\u00e9moin de cela, car nous sommes des femmes ind\u00e9pendantes et cet espace nous permet de faire entendre notre voix.\u00a0\u00bb<\/p>\n<p class=\"article-p mdl\">L&rsquo;\u00e9pisode avait fait r\u00e9agir la pr\u00e9sidente du Mexique, Claudia Sheinbaum, qui a d\u00e9clar\u00e9 \u00ab\u00a0rendre hommage\u00a0\u00bb \u00e0 la miss, dont la r\u00e9action est \u00ab\u00a0un exemple de la mani\u00e8re dont nous, les femmes, devons nous exprimer\u00a0\u00bb face aux agressions. L&rsquo;animateur avait ensuite pr\u00e9sent\u00e9 ses excuses.<\/p>\n<p>            \u00c8ve Gilles dans le top 30<\/p>\n<p class=\"article-p mdl\">Plus de 120 candidates venues du monde entier \u00e9taient r\u00e9unies pour tenter de remporter le titre de Miss Univers, consid\u00e9r\u00e9 comme l&rsquo;un des plus importants concours de beaut\u00e9 internationaux. Derri\u00e8re le Mexique, on retrouve les candidates tha\u00eflandaise, v\u00e9n\u00e9zu\u00e9lienne et philippine.\u00a0<\/p>\n<p class=\"article-p mdl\">De son c\u00f4t\u00e9, Miss France 2025, Eve Gilles, s&rsquo;est hiss\u00e9e dans le top 30 de l&rsquo;\u00e9lection, mais n&rsquo;a pas int\u00e9gr\u00e9 le top 12. Il y avait n\u00e9anmoins une Fran\u00e7aise qualifi\u00e9e \u00e0 ce stade de la comp\u00e9tition :\u00a0<a class=\"link\" href=\"https:\/\/www.rtl.fr\/culture\/medias-people\/miss-univers-2025-pourquoi-eve-gilles-va-faire-face-a-4-autres-francaises-cette-nuit-7900568646\" title=\"Miss Univers 2025 : pourquoi \u00c8ve Gilles va faire face \u00e0 4 autres Fran\u00e7aises cette nuit\" target=\"_blank\" rel=\"noopener\">Ophely M\u00e9zino, qui repr\u00e9sentait la Guadeloupe<\/a>.<\/p>\n<p>    La r\u00e9daction vous recommande<\/p>\n<p class=\"s-newsletter__title\">\n                L\u2019actualit\u00e9 par la r\u00e9daction de RTL dans votre bo\u00eete mail.\n            <\/p>\n<p class=\"s-newsletter__subtitle\">\n                Gr\u00e2ce \u00e0 votre compte RTL abonnez-vous \u00e0 la newsletter RTL info pour suivre toute l&rsquo;actualit\u00e9 au quotidien\n            <\/p>\n<p>\n                                    Lire la suite\n                                <\/p>\n","protected":false},"excerpt":{"rendered":"Une v\u00e9ritable revanche.\u00a0La candidate mexicaine Fatima Bosch\u00a0a \u00e9t\u00e9 sacr\u00e9e Miss Univers 2025, vendredi 21 novembre en Tha\u00eflande, apr\u00e8s&hellip;\n","protected":false},"author":2,"featured_media":548541,"comment_status":"","ping_status":"","sticky":false,"template":"","format":"standard","meta":{"footnotes":""},"categories":[2],"tags":[11,107,1011,27,3034,30091,12,25],"class_list":{"0":"post-548540","1":"post","2":"type-post","3":"status-publish","4":"format-standard","5":"has-post-thumbnail","7":"category-actualites","8":"tag-actualites","9":"tag-fil-info","10":"tag-fr","11":"tag-france","12":"tag-miss-france","13":"tag-miss-univers","14":"tag-news","15":"tag-republique-francaise"},"share_on_mastodon":{"url":"https:\/\/pubeurope.com\/@fr\/115586283880697182","error":""},"_links":{"self":[{"href":"https:\/\/www.europesays.com\/fr\/wp-json\/wp\/v2\/posts\/548540","targetHints":{"allow":["GET"]}}],"collection":[{"href":"https:\/\/www.europesays.com\/fr\/wp-json\/wp\/v2\/posts"}],"about":[{"href":"https:\/\/www.europesays.com\/fr\/wp-json\/wp\/v2\/types\/post"}],"author":[{"embeddable":true,"href":"https:\/\/www.europesays.com\/fr\/wp-json\/wp\/v2\/users\/2"}],"replies":[{"embeddable":true,"href":"https:\/\/www.europesays.com\/fr\/wp-json\/wp\/v2\/comments?post=548540"}],"version-history":[{"count":0,"href":"https:\/\/www.europesays.com\/fr\/wp-json\/wp\/v2\/posts\/548540\/revisions"}],"wp:featuredmedia":[{"embeddable":true,"href":"https:\/\/www.europesays.com\/fr\/wp-json\/wp\/v2\/media\/548541"}],"wp:attachment":[{"href":"https:\/\/www.europesays.com\/fr\/wp-json\/wp\/v2\/media?parent=548540"}],"wp:term":[{"taxonomy":"category","embeddable":true,"href":"https:\/\/www.europesays.com\/fr\/wp-json\/wp\/v2\/categories?post=548540"},{"taxonomy":"post_tag","embeddable":true,"href":"https:\/\/www.europesays.com\/fr\/wp-json\/wp\/v2\/tags?post=548540"}],"curies":[{"name":"wp","href":"https:\/\/api.w.org\/{rel}","templated":true}]}}