{"id":548542,"date":"2025-11-21T06:31:17","date_gmt":"2025-11-21T06:31:17","guid":{"rendered":"https:\/\/www.europesays.com\/fr\/548542\/"},"modified":"2025-11-21T06:31:17","modified_gmt":"2025-11-21T06:31:17","slug":"la-normandie-affiche-une-attractivite-economique-moderee","status":"publish","type":"post","link":"https:\/\/www.europesays.com\/fr\/548542\/","title":{"rendered":"La Normandie affiche une attractivit\u00e9 \u00e9conomique mod\u00e9r\u00e9e"},"content":{"rendered":"<p>La Normandie affiche une attractivit\u00e9 \u00e9conomique comparable \u00e0 celle des autres r\u00e9gions de France m\u00e9tropolitaine, c&rsquo;est la conclusion d&rsquo;une \u00e9tude pr\u00e9sent\u00e9e par l&rsquo;Insee sur l&rsquo;attractivit\u00e9 \u00e9conomique du territoire.\u00a0<\/p>\n<p>Entre 2014 et 2022, la r\u00e9gion\u00a0a attir\u00e9 l\u00e9g\u00e8rement plus d\u2019\u00e9tablissements qu\u2019il n\u2019en a perdu, sans que ces mouvements n\u2019aient un effet significatif sur l\u2019emploi. Cette dynamique place la r\u00e9gion en situation interm\u00e9diaire, malgr\u00e9 des atouts structurants comme sa fa\u00e7ade maritime et le poids de son complexe portuaire.<\/p>\n<p><strong>Un territoire port\u00e9 par les services<\/strong><\/p>\n<p><strong\/>Sur la p\u00e9riode \u00e9tudi\u00e9e, la Normandie enregistre un solde positif de 360 \u00e9tablissements venus d\u2019autres r\u00e9gions, soit en moyenne 85 arriv\u00e9es annuelles. Le ratio \u00ab\u00a0arriv\u00e9es\/d\u00e9parts\u00a0\u00bb atteint 1,1, un niveau proche de celui observ\u00e9 dans plusieurs r\u00e9gions industrielles. Cette progression repose exclusivement sur les services, o\u00f9 la r\u00e9gion pr\u00e9sente un ratio de 1,2. Les arriv\u00e9es concernent notamment l\u2019information-communication, les activit\u00e9s scientifiques et techniques, les services administratifs ou encore l\u2019industrie agroalimentaire.<\/p>\n<p>En revanche, l\u2019industrie et la construction affichent un recul, avec des ratios inf\u00e9rieurs \u00e0 1. La Normandie perd des \u00e9tablissements dans la fabrication de mat\u00e9riels de transport, d\u2019\u00e9quipements \u00e9lectroniques ou dans l\u2019\u00e9nergie.<\/p>\n<p><strong\/>Tous les d\u00e9partements normands, sauf la Seine-Maritime, pr\u00e9sentent un solde positif d\u2019arriv\u00e9es d\u2019\u00e9tablissements. La Manche est la plus dynamique, avec 740 arriv\u00e9es pour 510 d\u00e9parts. La Seine-Maritime conna\u00eet un d\u00e9ficit de 270 \u00e9tablissements sur la p\u00e9riode.<\/p>\n<p><strong\/>Malgr\u00e9 un solde positif d\u2019\u00e9tablissements, le ratio \u00ab\u00a0arriv\u00e9es\/d\u00e9parts\u00a0\u00bb des emplois reste d\u00e9favorable, \u00e0 0,8. Les \u00e9tablissements entrants am\u00e8nent moins d\u2019emplois que ceux qui quittent la r\u00e9gion. Comme pour les implantations, seuls les services d\u00e9gagent un solde positif, port\u00e9 par les activit\u00e9s immobili\u00e8res et les activit\u00e9s scientifiques et techniques. Le Calvados est le seul d\u00e9partement \u00e0 afficher un exc\u00e9dent d\u2019emplois li\u00e9 aux transferts.<\/p>\n<p><strong>3 472 entreprises ont implant\u00e9 leur centre de d\u00e9cision en Normandie<\/strong><\/p>\n<p>3 472 entreprises ont implant\u00e9 leur centre de d\u00e9cision en Normandie. Elles contr\u00f4lent 62 200 emplois hors r\u00e9gion, soit 14% de leurs effectifs, un taux \u00e9quivalent \u00e0 celui des autres r\u00e9gions hors \u00cele-de-France. \u00c0 l\u2019inverse, un peu plus de la moiti\u00e9 des salari\u00e9s normands d\u00e9pendent d\u2019un centre de d\u00e9cision ext\u00e9rieur, ce qui place la r\u00e9gion parmi celles dont l\u2019autonomie \u00e9conomique est la plus faible.<\/p>\n<p>&#13;<br \/>\nEn 2022, 11,7% des salari\u00e9s normands travaillent dans un \u00e9tablissement contr\u00f4l\u00e9 par une multinationale \u00e9trang\u00e8re soit\u00a082 600 salari\u00e9s normands travaillent dans l\u2019un de ces\u00a02 469 \u00e9tablissements, selon l\u2019Insee.\u00a0Ces groupes sont principalement implant\u00e9s en Seine-Maritime et dans l\u2019Eure, b\u00e9n\u00e9ficiant de la proximit\u00e9 de l\u2019\u00cele-de-France et du grand port maritime. Les entreprises am\u00e9ricaines repr\u00e9sentent pr\u00e8s d\u2019un quart de ces emplois, devant les groupes allemands.<\/p>\n<p>\u00ab\u00a0Les multinationales fran\u00e7aises sont \u00e9galement tr\u00e8s pr\u00e9sentes en Normandie : 29 % des salari\u00e9s normands du secteur marchand travaillent pour des groupes fran\u00e7ais dont le centre de d\u00e9cision se situe hors de la r\u00e9gion, principalement en \u00cele-de-France. La Normandie est d\u2019ailleurs la deuxi\u00e8me r\u00e9gion de France m\u00e9tropolitaine qui profite le plus de l\u2019implantation de ces groupes fran\u00e7ais sur son territoire\u00a0\u00bb, indique l&rsquo;Insee dans son \u00e9tude.<\/p>\n","protected":false},"excerpt":{"rendered":"La Normandie affiche une attractivit\u00e9 \u00e9conomique comparable \u00e0 celle des autres r\u00e9gions de France m\u00e9tropolitaine, c&rsquo;est la conclusion&hellip;\n","protected":false},"author":2,"featured_media":548543,"comment_status":"","ping_status":"","sticky":false,"template":"","format":"standard","meta":{"footnotes":""},"categories":[4],"tags":[11,1011,27,12,25],"class_list":{"0":"post-548542","1":"post","2":"type-post","3":"status-publish","4":"format-standard","5":"has-post-thumbnail","7":"category-france","8":"tag-actualites","9":"tag-fr","10":"tag-france","11":"tag-news","12":"tag-republique-francaise"},"share_on_mastodon":{"url":"https:\/\/pubeurope.com\/@fr\/115586287731642921","error":""},"_links":{"self":[{"href":"https:\/\/www.europesays.com\/fr\/wp-json\/wp\/v2\/posts\/548542","targetHints":{"allow":["GET"]}}],"collection":[{"href":"https:\/\/www.europesays.com\/fr\/wp-json\/wp\/v2\/posts"}],"about":[{"href":"https:\/\/www.europesays.com\/fr\/wp-json\/wp\/v2\/types\/post"}],"author":[{"embeddable":true,"href":"https:\/\/www.europesays.com\/fr\/wp-json\/wp\/v2\/users\/2"}],"replies":[{"embeddable":true,"href":"https:\/\/www.europesays.com\/fr\/wp-json\/wp\/v2\/comments?post=548542"}],"version-history":[{"count":0,"href":"https:\/\/www.europesays.com\/fr\/wp-json\/wp\/v2\/posts\/548542\/revisions"}],"wp:featuredmedia":[{"embeddable":true,"href":"https:\/\/www.europesays.com\/fr\/wp-json\/wp\/v2\/media\/548543"}],"wp:attachment":[{"href":"https:\/\/www.europesays.com\/fr\/wp-json\/wp\/v2\/media?parent=548542"}],"wp:term":[{"taxonomy":"category","embeddable":true,"href":"https:\/\/www.europesays.com\/fr\/wp-json\/wp\/v2\/categories?post=548542"},{"taxonomy":"post_tag","embeddable":true,"href":"https:\/\/www.europesays.com\/fr\/wp-json\/wp\/v2\/tags?post=548542"}],"curies":[{"name":"wp","href":"https:\/\/api.w.org\/{rel}","templated":true}]}}