{"id":548546,"date":"2025-11-21T06:35:18","date_gmt":"2025-11-21T06:35:18","guid":{"rendered":"https:\/\/www.europesays.com\/fr\/548546\/"},"modified":"2025-11-21T06:35:18","modified_gmt":"2025-11-21T06:35:18","slug":"coupe-davis-litalie-double-tenante-du-titre-en-demi-finale-sans-trembler","status":"publish","type":"post","link":"https:\/\/www.europesays.com\/fr\/548546\/","title":{"rendered":"Coupe Davis: l&rsquo;Italie, double tenante du titre, en demi-finale sans trembler"},"content":{"rendered":"<p class=\"mb-4 text-lg md:leading-8 break-words\">L&rsquo;Italie s&rsquo;est qualifi\u00e9e facilement pour les demi-finales de la Coupe Davis, dont elle est double tenante du titre, apr\u00e8s avoir battu l&rsquo;Autriche 2 \u00e0 0, mercredi \u00e0 Bologne.<\/p>\n<p class=\"mb-4 text-lg md:leading-8 break-words\">Apr\u00e8s la victoire de Matteo Berrettini face \u00e0 Jurij Rodionov (177e) 6-3, 7-6 (7\/4) dans le premier simple, Flavio Cobolli a apport\u00e9 le point d\u00e9cisif en disposant de Filip Misolic 6-1, 6-3.<\/p>\n<p class=\"mb-4 text-lg md:leading-8 break-words\">Les Italiens rencontreront en demi-finale la Belgique, tombeuse de la France mardi (2-0). L&rsquo;Italie m\u00e8ne six victoires \u00e0 quatre dans l&rsquo;histoire de leurs confrontations.<\/p>\n<p class=\"mb-4 text-lg md:leading-8 break-words\">Les autres quarts de finale opposeront jeudi l&rsquo;Argentine \u00e0 l&rsquo;Allemagne et l&rsquo;Espagne \u00e0 la R\u00e9publique tch\u00e8que.<\/p>\n<p class=\"mb-4 text-lg md:leading-8 break-words\">Devant une salle du Super Tennis Arena de Bologne acquise \u00e0 leur cause, les Italiens, bien que priv\u00e9s de leurs t\u00eates d&rsquo;affiche Jannick Sinner (2e mondial) et Lorenzo Musetti (8e), ont tenu leur rang.<\/p>\n<p class=\"mb-4 text-lg md:leading-8 break-words\">Matteo Berrettini, ancien N.6 et d\u00e9sormais 56e mondial, a eu connu quelques trous d&rsquo;air pour battre le 177e Jurij Rodionov.<\/p>\n<p class=\"mb-4 text-lg md:leading-8 break-words\">H\u00e9ros de la victoire italienne lors du Final 8 de 2024 &#8212; il avait gagn\u00e9 le double d\u00e9cisif en quarts, puis le premier simple en demie et en finale &#8212; Berrettini a d\u00e9but\u00e9 en fanfare, par un jeu blanc sur son service.<\/p>\n<p class=\"mb-4 text-lg md:leading-8 break-words\">Mais le modeste gaucher autrichien a jou\u00e9 cr\u00e2nement sa chance en obtenant une balle de break \u00e0 3-3, sauv\u00e9e par l&rsquo;Italien gr\u00e2ce \u00e0 un ace.<\/p>\n<p class=\"mb-4 text-lg md:leading-8 break-words\">Pass\u00e9e cette alerte, Berrettini a fait le break dans la foul\u00e9e avant de remporter la premi\u00e8re manche 6-3 en 33 minutes.<\/p>\n<p class=\"mb-4 text-lg md:leading-8 break-words\">Dans la seconde manche, interrompue pendant pr\u00e8s d&rsquo;une demi-heure \u00e0 cause d&rsquo;un probl\u00e8me d&rsquo;\u00e9clairage, Berrettini a connu un trou noir avant de retrouver le fil du match et de s&rsquo;imposer au jeu d\u00e9cisif conclu sur un service gagnant.<\/p>\n<p class=\"mb-4 text-lg md:leading-8 break-words\">&#8211; Se m\u00e9fier des Belges &#8211;<\/p>\n<p class=\"mb-4 text-lg md:leading-8 break-words\">Berrettini n&rsquo;a pas cach\u00e9 sa joie au moment de la victoire, sautant dans les bras de son capitaine Filippo Volandri. \u00ab\u00a0C&rsquo;est tellement important pour nous. Quand vous entonnez l&rsquo;hymne national, entour\u00e9 de vos co\u00e9quipiers. Je pense \u00e0 l&rsquo;\u00e9poque o\u00f9 j&rsquo;\u00e9tais enfant et chantais devant la t\u00e9l\u00e9vision. Je me disais que ce serait tellement bien d&rsquo;\u00eatre \u00e0 cette place-l\u00e0 un jour\u00a0\u00bb, a-t-il racont\u00e9 en conf\u00e9rence de presse.<\/p>\n<p class=\"mb-4 text-lg md:leading-8 break-words\">Apr\u00e8s ce premier combat d&rsquo;1h46, le match opposant les deux num\u00e9ros un de chaque nation n&rsquo;a m\u00e9nag\u00e9 aucun suspense.<\/p>\n<p class=\"mb-4 text-lg md:leading-8 break-words\">Flavio Cobolli (22e mondial) a rondement men\u00e9 son affaire face \u00e0 Filip Milosic (79e) en 1h05 (6-1, 6-3), n&rsquo;\u00e9tant jamais mis en difficult\u00e9 \u00a0sur ses mises en jeu avec huit aces contre un seul pour son adversaire.<\/p>\n<p class=\"mb-4 text-lg md:leading-8 break-words\">\u00ab\u00a0Ce sont deux matchs compl\u00e8tement diff\u00e9rents. Le dernier \u00e9tait malheureusement tr\u00e8s d\u00e9s\u00e9quilibr\u00e9. Le premier \u00e9tait, je pense, un tr\u00e8s bon match de la part des deux joueurs et il s&rsquo;est jou\u00e9 \u00e0 seulement quelques points\u00a0\u00bb, a analys\u00e9 le capitaine autrichien J\u00fcrgen Melzer.<\/p>\n<p class=\"mb-4 text-lg md:leading-8 break-words\">Dans la perspective de la demi-finale, bien que l&rsquo;Italie soit favorite, le capitaine a insist\u00e9 sur les \u00ab\u00a0deux matches incroyables\u00a0\u00bb livr\u00e9s par les Belges face aux Fran\u00e7ais. \u00ab\u00a0Quand ils jouent la Coupe Davis, ils sont bien meilleurs que ne le laisse penser leur classement. Nous devons nous m\u00e9fier d&rsquo;eux, et bien s\u00fbr les respecter\u00a0\u00bb, a averti Volandri.<\/p>\n<p class=\"mb-4 text-lg md:leading-8 break-words\">dga-chc\/dar\/cpb\/<\/p>\n","protected":false},"excerpt":{"rendered":"L&rsquo;Italie s&rsquo;est qualifi\u00e9e facilement pour les demi-finales de la Coupe Davis, dont elle est double tenante du titre,&hellip;\n","protected":false},"author":2,"featured_media":548547,"comment_status":"","ping_status":"","sticky":false,"template":"","format":"standard","meta":{"footnotes":""},"categories":[1415],"tags":[4178,66634,2768,1011,27,66635,66466,4480,60,1467],"class_list":{"0":"post-548546","1":"post","2":"type-post","3":"status-publish","4":"format-standard","5":"has-post-thumbnail","7":"category-tennis","8":"tag-coupe-davis","9":"tag-filippo-volandri","10":"tag-flavio-cobolli","11":"tag-fr","12":"tag-france","13":"tag-jurij-rodionov","14":"tag-matteo-berrettini","15":"tag-quart-de-finale","16":"tag-sports","17":"tag-tennis"},"share_on_mastodon":{"url":"https:\/\/pubeurope.com\/@fr\/115586303498677617","error":""},"_links":{"self":[{"href":"https:\/\/www.europesays.com\/fr\/wp-json\/wp\/v2\/posts\/548546","targetHints":{"allow":["GET"]}}],"collection":[{"href":"https:\/\/www.europesays.com\/fr\/wp-json\/wp\/v2\/posts"}],"about":[{"href":"https:\/\/www.europesays.com\/fr\/wp-json\/wp\/v2\/types\/post"}],"author":[{"embeddable":true,"href":"https:\/\/www.europesays.com\/fr\/wp-json\/wp\/v2\/users\/2"}],"replies":[{"embeddable":true,"href":"https:\/\/www.europesays.com\/fr\/wp-json\/wp\/v2\/comments?post=548546"}],"version-history":[{"count":0,"href":"https:\/\/www.europesays.com\/fr\/wp-json\/wp\/v2\/posts\/548546\/revisions"}],"wp:featuredmedia":[{"embeddable":true,"href":"https:\/\/www.europesays.com\/fr\/wp-json\/wp\/v2\/media\/548547"}],"wp:attachment":[{"href":"https:\/\/www.europesays.com\/fr\/wp-json\/wp\/v2\/media?parent=548546"}],"wp:term":[{"taxonomy":"category","embeddable":true,"href":"https:\/\/www.europesays.com\/fr\/wp-json\/wp\/v2\/categories?post=548546"},{"taxonomy":"post_tag","embeddable":true,"href":"https:\/\/www.europesays.com\/fr\/wp-json\/wp\/v2\/tags?post=548546"}],"curies":[{"name":"wp","href":"https:\/\/api.w.org\/{rel}","templated":true}]}}