{"id":548548,"date":"2025-11-21T06:39:30","date_gmt":"2025-11-21T06:39:30","guid":{"rendered":"https:\/\/www.europesays.com\/fr\/548548\/"},"modified":"2025-11-21T06:39:30","modified_gmt":"2025-11-21T06:39:30","slug":"vendee-u-leffectif-2026-actualite","status":"publish","type":"post","link":"https:\/\/www.europesays.com\/fr\/548548\/","title":{"rendered":"Vend\u00e9e U : L&rsquo;effectif 2026 &#8211; Actualit\u00e9"},"content":{"rendered":"<p style=\"text-align: justify;\">Le Vend\u00e9e U a pr\u00e9sent\u00e9 son effectif pour la saison prochaine. La Conti f\u00e9d\u00e9rale (et donc N1) conserve dix coureurs de l&rsquo;\u00e9quipe 2025. Cette ann\u00e9e, la r\u00e9serve de TotalEnergies a enregistr\u00e9 14 victoires individuelles dont le Championnat de France Amateurs. Le club termine 7e du classement par \u00e9quipes du Challenge DV Amateur et 12e de la Coupe de France N1<\/p>\n<p><strong>L&rsquo;effectif 2026 du Vend\u00e9e U<\/strong> :<br \/>Math\u00e9o Barusseau, 20 ans<br \/>Vincent Bodet, 20 ans (Team PicNic PostNL Development)<br \/>Johan Chardon, 19 ans<br \/>Paul Conor, 21 ans (UC Cholet 49)<br \/>Thimoth\u00e9e Coudi\u00e8re-Cantin, 18 ans (Guidon Machecoulais)<br \/>Alex Doltaire, 18 ans (V\u00e9loce Vannetais Cyclisme)<br \/>Gabin Gicquel, 18 ans (OC Locmin\u00e9)<br \/>Swann Guefveneu, 20 ans<br \/>Th\u00e9o H\u00e9bert, 22 ans (Team EliteOrga-US Saint-Herblain)<br \/>Dorian Lagrave, 21 ans<br \/>Lucas Menanteau, 19 ans<br \/>Maxime Meynard, 21 ans<br \/>Adam Mitchell, 23 ans<br \/>Evan Pavis, 20 ans<br \/>Ron Rooni, 18 ans (Decathlon AG2R La Mondiale U19 Team)<br \/>Cl\u00e9ment Sanchez, 20 ans<br \/>Oliver Scott, 19 ans<br \/>Les d\u00e9parts : Th\u00e9o L\u00e9v\u00eaque (TotalEnergies), Lucas Mainguenaud (VC Villefranche Beaujolais), Diego Charteau (Mayenne-V and B-Monbana) et Benjamin Marais.<\/p>\n","protected":false},"excerpt":{"rendered":"Le Vend\u00e9e U a pr\u00e9sent\u00e9 son effectif pour la saison prochaine. La Conti f\u00e9d\u00e9rale (et donc N1) conserve&hellip;\n","protected":false},"author":2,"featured_media":548549,"comment_status":"","ping_status":"","sticky":false,"template":"","format":"standard","meta":{"footnotes":""},"categories":[1411],"tags":[834,828,836,829,837,827,83,826,824,823,1154,207,814,817,815,816,822,821,832,211,839,1011,27,820,818,819,835,831,830,833,838,60,212,208,825],"class_list":{"0":"post-548548","1":"post","2":"type-post","3":"status-publish","4":"format-standard","5":"has-post-thumbnail","7":"category-cyclisme","8":"tag-attaque","9":"tag-belgique","10":"tag-braquet","11":"tag-bretagne","12":"tag-chute","13":"tag-competition","14":"tag-coupe-de-france","15":"tag-coureur","16":"tag-course-cyclisme","17":"tag-course-cycliste","18":"tag-cycling","19":"tag-cyclisme","20":"tag-direct","21":"tag-direct-velo","22":"tag-directvelo","23":"tag-directvelo-com","24":"tag-epreuve","25":"tag-epreuve-cycliste","26":"tag-federation-francaise-de-cyclisme","27":"tag-ffc","28":"tag-flandres","29":"tag-fr","30":"tag-france","31":"tag-live","32":"tag-live-course","33":"tag-live-epreuve","34":"tag-peloton","35":"tag-radio-peloton","36":"tag-radio-tour","37":"tag-ravitaillement","38":"tag-relance","39":"tag-sports","40":"tag-uci","41":"tag-velo","42":"tag-velos"},"share_on_mastodon":{"url":"https:\/\/pubeurope.com\/@fr\/115586319273200260","error":""},"_links":{"self":[{"href":"https:\/\/www.europesays.com\/fr\/wp-json\/wp\/v2\/posts\/548548","targetHints":{"allow":["GET"]}}],"collection":[{"href":"https:\/\/www.europesays.com\/fr\/wp-json\/wp\/v2\/posts"}],"about":[{"href":"https:\/\/www.europesays.com\/fr\/wp-json\/wp\/v2\/types\/post"}],"author":[{"embeddable":true,"href":"https:\/\/www.europesays.com\/fr\/wp-json\/wp\/v2\/users\/2"}],"replies":[{"embeddable":true,"href":"https:\/\/www.europesays.com\/fr\/wp-json\/wp\/v2\/comments?post=548548"}],"version-history":[{"count":0,"href":"https:\/\/www.europesays.com\/fr\/wp-json\/wp\/v2\/posts\/548548\/revisions"}],"wp:featuredmedia":[{"embeddable":true,"href":"https:\/\/www.europesays.com\/fr\/wp-json\/wp\/v2\/media\/548549"}],"wp:attachment":[{"href":"https:\/\/www.europesays.com\/fr\/wp-json\/wp\/v2\/media?parent=548548"}],"wp:term":[{"taxonomy":"category","embeddable":true,"href":"https:\/\/www.europesays.com\/fr\/wp-json\/wp\/v2\/categories?post=548548"},{"taxonomy":"post_tag","embeddable":true,"href":"https:\/\/www.europesays.com\/fr\/wp-json\/wp\/v2\/tags?post=548548"}],"curies":[{"name":"wp","href":"https:\/\/api.w.org\/{rel}","templated":true}]}}