{"id":548560,"date":"2025-11-21T06:46:43","date_gmt":"2025-11-21T06:46:43","guid":{"rendered":"https:\/\/www.europesays.com\/fr\/548560\/"},"modified":"2025-11-21T06:46:43","modified_gmt":"2025-11-21T06:46:43","slug":"lune-des-meilleures-series-dhorreur-des-annees-2010-pourrait-avoir-droit-a-une-saison-4","status":"publish","type":"post","link":"https:\/\/www.europesays.com\/fr\/548560\/","title":{"rendered":"L&rsquo;une des meilleures s\u00e9ries d&rsquo;horreur des ann\u00e9es 2010 pourrait avoir droit \u00e0 une saison 4"},"content":{"rendered":"<p>Bryan Fuller, showrunner de la s\u00e9rie Hannibal, a partag\u00e9 des propos en forme de promesses pour une \u00e9ventuelle saison 4. Dix ans apr\u00e8s une fin abrupte, l\u2019adaptation pourrait donc conna\u00eetre une suite avec le retour de l\u2019ensemble du casting, Mads Mikkelsen en t\u00eate. <\/p>\n<p>Si on demande \u00e0 un \u00e9chantillon de personnes de citer un serial killer populaire, il y a fort \u00e0 parier qu\u2019Hannibal Lecter sera le premier choix. Brillamment incarn\u00e9 par Anthony Hopkins (et le regrett\u00e9 Gaspard Ulliel dans un prologue) au cin\u00e9ma, le cannibale a aussi eu droit \u00e0 son instant de gloire \u00e0 la t\u00e9l\u00e9vision, sous les traits de Mads Mikkelsen. Mais la s\u00e9rie s\u2019est brutalement arr\u00eat\u00e9e, apr\u00e8s seulement trois saisons.<\/p>\n<p>Cependant, tant qu\u2019il y a de la vie, il y a de l\u2019espoir. \u00c0 l\u2019occasion d\u2019un \u00e9pisode du podcast The Horror Queers (via <a href=\"https:\/\/www.gamesradar.com\/entertainment\/horror-shows\/hannibal-showrunner-gives-promising-update-on-season-4-saying-everybody-wants-to-return-including-mads-mikkelsen-and-hugh-dancy\/\" target=\"_blank\" rel=\"noreferrer noopener nofollow\">GamesRadar+<\/a>, le 20 novembre), le showrunner Bryan Fuller a ainsi teas\u00e9 une bonne nouvelle pour la s\u00e9rie <a href=\"https:\/\/www.numerama.com\/series-tv\/hannibal\/\" rel=\"nofollow noopener\" target=\"_blank\">Hannibal<\/a>, diffus\u00e9e sur la cha\u00eene NBC. Il a en tout cas sous-entendu qu\u2019une quatri\u00e8me saison pourrait voir le jour, sachant qu\u2019il voulait en offrir sept \u00e0 la base. Une quatri\u00e8me suffirait d\u00e9j\u00e0 au bonheur des quelques fans, qui esp\u00e8rent la lueur depuis 2015.<\/p>\n<p>                <img decoding=\"async\" width=\"1024\" height=\"380\" loading=\"lazy\" alt=\"1\" title=\"1\" class=\"is-block placeholder-default wp-image\" src=\"https:\/\/www.europesays.com\/fr\/wp-content\/uploads\/2025\/11\/1-3-1024x380.jpg\" \/>            <\/p>\n<p>\n                    L\u2019iPhone 17 est moins cher sur Rakuten                <\/p>\n<p>\n                    Superbe \u00e9cran OLED 120 Hz, puce A19 puissante et design maitris\u00e9 : le dernier iPhone 17 avec 256 Go de stockage est \u00e0 849,99 euros sur Rakuten.                <\/p>\n<\/p>\n<p>            Ce contenu est bloqu\u00e9 car vous n\u2019avez pas accept\u00e9 les cookies et autres traceurs. Ce contenu est fourni par YouTube.<br \/>Pour pouvoir le visualiser, vous devez accepter l\u2019usage \u00e9tant op\u00e9r\u00e9 par YouTube avec vos donn\u00e9es qui pourront \u00eatre utilis\u00e9es pour les finalit\u00e9s suivantes : vous permettre de visualiser et de partager des contenus avec des m\u00e9dias sociaux, favoriser le d\u00e9veloppement et l\u2019am\u00e9lioration des produits d\u2019Humanoid et de ses partenaires, vous afficher des publicit\u00e9s personnalis\u00e9es par rapport \u00e0 votre profil et activit\u00e9, vous d\u00e9finir un profil publicitaire personnalis\u00e9, mesurer la performance des publicit\u00e9s et du contenu de ce site et mesurer l\u2019audience de ce site <a href=\"#\" class=\"js-privacy\" target=\"_blank\">(en savoir plus)<\/a>        <\/p>\n<p>            En cliquant sur \u00ab J\u2019accepte tout \u00bb, vous consentez aux finalit\u00e9s susmentionn\u00e9es pour l\u2019ensemble des cookies et autres traceurs d\u00e9pos\u00e9s par Humanoid et <a class=\"embed-consent-overlay-vendors-link\" href=\"#preferences-vendeurs\">ses partenaires<\/a>.        <\/p>\n<p>            Vous gardez la possibilit\u00e9 de retirer votre consentement \u00e0 tout moment. Pour plus d\u2019informations, nous vous invitons \u00e0 prendre connaissance de notre <a href=\"https:\/\/www.numerama.com\/politique-cookies\" rel=\"nofollow noopener\" target=\"_blank\">Politique cookies<\/a>.        <\/p>\n<p>        J\u2019accepte tout    <\/p>\n<p class=\"embed-consent-overlay-manage-choices\">        <a href=\"#preferences-publicitaires\">G\u00e9rer mes choix<\/a>    <\/p>\n<p>La s\u00e9rie Hannibal pourrait avoir droit \u00e0 une saison 4, enfin<\/p>\n<p>Arr\u00eat\u00e9e brutalement \u00e0 la fin de la saison 3, en d\u00e9pit d\u2019un cliffhanger qui laissait esp\u00e9rer de futurs \u00e9pisodes, Hannibal a \u00e9t\u00e9 copieusement chahut\u00e9e par des probl\u00e8mes de droits (bas\u00e9s sur les romans \u00e9crits par Thomas Harris) \u2014 sachant en prime que les audiences n\u2019ont jamais atteint des sommets. Bryan Fuller a conscience de ces soucis qui peuvent tout compliquer, surtout dans le cadre d\u2019une adaptation articul\u00e9e autour de personnages forts.<\/p>\n<p>Mais il reste optimiste. Il peut en tout cas compter sur la motivation des acteurs apparus dans la s\u00e9rie : \u00ab\u00a0Tout le monde veut revenir. Hugh [Dancy] et Mads [Mikkelsen], assur\u00e9ment. Mais Lawrence Fishburne, Katie Isabelle, Caroline Dhavernas, Lara Jean Chorostecki, Aaron Abrams et Scott Thompson veulent aussi revenir dans cette histoire.\u00a0\u00bb\u00a0<\/p>\n<p><a href=\"https:\/\/www.numerama.com\/wp-content\/uploads\/2024\/09\/hanni.jpg\" rel=\"nofollow noopener\" target=\"_blank\"><img decoding=\"async\" width=\"1024\" height=\"576\" loading=\"lazy\" alt=\"Hannibal \/\/ Source : Gaumont International Television\" title=\"Hannibal \/\/ Source : Gaumont International Television\" class=\"wp-image-1816152 placeholder-default wp-image\" src=\"https:\/\/www.europesays.com\/fr\/wp-content\/uploads\/2025\/11\/hanni-1024x576.jpg\" \/><\/a>Hannibal \/\/ Source : Gaumont International Television<\/p>\n<p>Bryan Fuller sait en tout cas o\u00f9 aller, s\u2019il finit par obtenir le feu vert tant attendu. \u00ab\u00a0J\u2019\u00e9tais frustr\u00e9 avec la saison 1. Elle ressemblait \u00e0 un peu trop \u00e0 de la t\u00e9l\u00e9vision traditionnelle selon moi\u2026 Je n\u2019\u00e9tais pas n\u00e9cessairement conquis par \u00e7a en tant que spectateur, et je pense que la saison 2 est bien meilleure. Puis, avec la saison 3, c\u2019est l\u00e0 o\u00f9 je me suis dit, \u2018Ok, c\u2019est l\u00e0 o\u00f9 il faut aller. C\u2019est ce que je veux faire. C\u2019est ce type de narration vers laquelle la s\u00e9rie doit aller.\u2019\u00a0\u00bb On comprend alors qu\u2019Hannibal a \u00e9t\u00e9 fauch\u00e9e au moment o\u00f9 les choses commen\u00e7aient s\u00e9rieusement \u00e0 d\u00e9coller pour elle, avec la perspective d\u2019adapter \u00e0 son tour les \u00e9v\u00e9nements narr\u00e9s dans Le Silence des agneaux.<\/p>\n<p>En tout cas, si saison 4 il finit par y avoir pour Hannibal, alors ce serait la suite directe de la saison 3 \u2014 y compris en termes de ton. Ce qui tombe plut\u00f4t bien au regard de ses scores affich\u00e9s sur <a href=\"https:\/\/www.rottentomatoes.com\/tv\/hannibal\/s03\" target=\"_blank\" rel=\"noreferrer noopener nofollow\">Rotten Tomatoes<\/a>. Avec un peu de chance, une plateforme de streaming (Amazon Prime Video ?) ne restera pas insensible \u00e0 cette conjoncture favorable qui permettrait de relancer Hannibal pour, cette fois, aller au bout.<\/p>\n<p>                        <a href=\"https:\/\/www.numerama.com\/series-tv\/hannibal\/\" class=\"is-block\" rel=\"nofollow noopener\" target=\"_blank\"><br \/>\n                            <img decoding=\"async\" width=\"350\" height=\"210\" loading=\"lazy\" alt=\"Hannibal \/\/ Source : Gaumont International Television\" title=\"Hannibal \/\/ Source : Gaumont International Television\" class=\"is-block is-radiused placeholder-default wp-image\" src=\"https:\/\/www.europesays.com\/fr\/wp-content\/uploads\/2025\/11\/han-680x383.jpg\" \/>                        <\/a><\/p>\n<p>            <img decoding=\"async\" src=\"https:\/\/www.europesays.com\/fr\/wp-content\/uploads\/2025\/04\/iPhone-16-pro.png\" alt=\"Toute l'actu tech en un clien d'oeil\"\/><\/p>\n<p class=\"card-install-pwa__title\">Toute l&rsquo;actu tech en un clin d&rsquo;\u0153il<\/p>\n<p class=\"card-install-pwa__description\">Ajoutez Numerama \u00e0 votre \u00e9cran d&rsquo;accueil et restez connect\u00e9s au futur !<\/p>\n<p>            <img decoding=\"async\" src=\"https:\/\/www.numerama.com\/wp-content\/themes\/numerama-next\/assets\/images\/premium\/logo-card-pwa-coupe.svg\" alt=\"Logo PWA\"\/><\/p>\n<p>       Installer Numerama<\/p>\n","protected":false},"excerpt":{"rendered":"Bryan Fuller, showrunner de la s\u00e9rie Hannibal, a partag\u00e9 des propos en forme de promesses pour une \u00e9ventuelle&hellip;\n","protected":false},"author":2,"featured_media":548561,"comment_status":"","ping_status":"","sticky":false,"template":"","format":"standard","meta":{"footnotes":""},"categories":[1354],"tags":[58,59,1346,1011,27,66638,1360,7259],"class_list":{"0":"post-548560","1":"post","2":"type-post","3":"status-publish","4":"format-standard","5":"has-post-thumbnail","7":"category-films","8":"tag-divertissement","9":"tag-entertainment","10":"tag-films","11":"tag-fr","12":"tag-france","13":"tag-hannibal","14":"tag-movies","15":"tag-vie-du-streaming"},"share_on_mastodon":{"url":"https:\/\/pubeurope.com\/@fr\/115586349097309856","error":""},"_links":{"self":[{"href":"https:\/\/www.europesays.com\/fr\/wp-json\/wp\/v2\/posts\/548560","targetHints":{"allow":["GET"]}}],"collection":[{"href":"https:\/\/www.europesays.com\/fr\/wp-json\/wp\/v2\/posts"}],"about":[{"href":"https:\/\/www.europesays.com\/fr\/wp-json\/wp\/v2\/types\/post"}],"author":[{"embeddable":true,"href":"https:\/\/www.europesays.com\/fr\/wp-json\/wp\/v2\/users\/2"}],"replies":[{"embeddable":true,"href":"https:\/\/www.europesays.com\/fr\/wp-json\/wp\/v2\/comments?post=548560"}],"version-history":[{"count":0,"href":"https:\/\/www.europesays.com\/fr\/wp-json\/wp\/v2\/posts\/548560\/revisions"}],"wp:featuredmedia":[{"embeddable":true,"href":"https:\/\/www.europesays.com\/fr\/wp-json\/wp\/v2\/media\/548561"}],"wp:attachment":[{"href":"https:\/\/www.europesays.com\/fr\/wp-json\/wp\/v2\/media?parent=548560"}],"wp:term":[{"taxonomy":"category","embeddable":true,"href":"https:\/\/www.europesays.com\/fr\/wp-json\/wp\/v2\/categories?post=548560"},{"taxonomy":"post_tag","embeddable":true,"href":"https:\/\/www.europesays.com\/fr\/wp-json\/wp\/v2\/tags?post=548560"}],"curies":[{"name":"wp","href":"https:\/\/api.w.org\/{rel}","templated":true}]}}