{"id":548566,"date":"2025-11-21T06:49:16","date_gmt":"2025-11-21T06:49:16","guid":{"rendered":"https:\/\/www.europesays.com\/fr\/548566\/"},"modified":"2025-11-21T06:49:16","modified_gmt":"2025-11-21T06:49:16","slug":"la-grande-gagnante-devoilee-juste-avant-miss-france-quel-classement-pour-eve-gilles","status":"publish","type":"post","link":"https:\/\/www.europesays.com\/fr\/548566\/","title":{"rendered":"la grande gagnante d\u00e9voil\u00e9e juste avant Miss France, quel classement pour Eve Gilles\u00a0?"},"content":{"rendered":"<p>                    <a title=\"\u00a0\u00a9\u00a0Miss Univers, Sipa\" href=\"https:\/\/www.europesays.com\/fr\/wp-content\/uploads\/2025\/11\/82934940.jpg\" class=\"fancy\"><\/p>\n<p>                            <img loading=\"lazy\" decoding=\"async\" src=\"https:\/\/www.europesays.com\/fr\/wp-content\/uploads\/2025\/11\/82934940.jpg\" alt=\"Miss univers 2025\u00a0: la grande gagnante d\u00e9voil\u00e9e juste avant Miss France, quel classement pour Eve Gilles\u00a0?\" width=\"1500\" height=\"1000\"\/><\/p>\n<p>                    <\/a><\/p>\n<p>                L&rsquo;heure du verdict a sonn\u00e9. La gagnante du 74e concours Miss Univers, d\u00e9voil\u00e9e \u00e0 Bangkok, en Tha\u00eflande ce vendredi 21\u00a0novembre, remporte une couronne hors de prix, un gros salaire et un appartement de luxe \u00e0 New York&#8230;<\/p>\n<p><a href=\"https:\/\/www.linternaute.com\/miss-univers\/\" title=\"Miss Univers\" target=\"_blank\" rel=\"noopener\">Miss Univers<\/a> pr\u00e9c\u00e8de de tr\u00e8s peu Miss France. Alors que la reine de beaut\u00e9 fran\u00e7aise sera d\u00e9sign\u00e9e le 6 d\u00e9cembre prochain \u00e0 Amiens, la plus belle femme du monde (ou plut\u00f4t de l&rsquo;univers !), elle, a \u00e9t\u00e9 d\u00e9sign\u00e9e\u00a0dans la nuit du 20\u00a0au 21\u00a0novembre, \u00e0 Bangkok, en Tha\u00eflande cette ann\u00e9e.\u00a0127\u00a0candidates sont venues du monde entier d\u00e9filer devant des millions de t\u00e9l\u00e9spectateurs pour tenter de succ\u00e9der \u00e0 l&rsquo;Am\u00e9ricaine Sheynnis Palacios, Miss Univers 2024.<\/p>\n<p>Et le titre de Miss Univers a \u00e9t\u00e9 d\u00e9cern\u00e9 \u00e0 la candidate mexicaine Fatima Bosch, celle qui fut au c\u0153ur d&rsquo;une pol\u00e9mique avec l&rsquo;animateur du concours. Insult\u00e9e par un organisateur pour n&rsquo;avoir pas particip\u00e9 \u00e0 un d\u00e9fil\u00e9 en amont du concours et \u00e0 l&rsquo;origine d&rsquo;un des multiples scandales de cette \u00e9dition 2025.\u00a0Le 4\u00a0novembre dernier, seulement deux jours apr\u00e8s l&rsquo;arriv\u00e9e des candidates en Tha\u00eflande pour leur voyage de pr\u00e9paration de trois semaines, Nawat Itsaragrisil, membre du comit\u00e9 d&rsquo;organisation tha\u00eflandais, s&rsquo;\u00e9tait emport\u00e9 contre la candidate. L&rsquo;accusant de ne pas s&rsquo;\u00eatre pr\u00e9sent\u00e9e \u00e0 un d\u00e9fil\u00e9 promotionnel, il l&rsquo;a publiquement humili\u00e9e devant les autres concurrentes m\u00e9dus\u00e9es, la traitant d'\u00a0\u00bbidiote\u00a0\u00bb et de \u00ab\u00a0d\u00e9bile\u00a0\u00bb.<\/p>\n<p>En signe de protestation, plusieurs candidates dont Miss USA et Miss Univers 2023\u00a0et 2024\u00a0ont quitt\u00e9 la salle, d\u00e9non\u00e7ant le manque de respect et la violence des propos. Devant le toll\u00e9 provoqu\u00e9, le comit\u00e9 Miss Univers a d\u00fb prendre des sanctions, interdisant \u00e0 Nawat Itsaragrisil d&rsquo;assister aux \u00e9v\u00e9nements. Dans une sc\u00e8ne surr\u00e9aliste, ce dernier est apparu en larmes devant les journalistes, s&rsquo;excusant platement et reconnaissant avoir agi sous le coup de l&rsquo;\u00e9motion.<\/p>\n<p>De son c\u00f4t\u00e9, <a href=\"https:\/\/www.linternaute.com\/television\/programme\/9178757-miss-france-2026-decouvrez-les-noms-des-30-candidates-la-date-du-concours-devrait-faire-polemique\/\" title=\"Miss France\" target=\"_blank\" rel=\"noopener\">Miss France<\/a> 2025, Eve Gilles, s&rsquo;est hiss\u00e9e dans le top 30 de l&rsquo;\u00e9lection, mais n&rsquo;a pas int\u00e9gr\u00e9 le top 12. Il y avait n\u00e9anmoins une Fran\u00e7aise qualifi\u00e9e \u00e0 ce stade de la comp\u00e9tition : Ophely M\u00e9zino, qui repr\u00e9sentait la Guadeloupe.<\/p>\n<p>Cr\u00e9\u00e9 en 1952\u00a0aux \u00c9tats-Unis, un an apr\u00e8s Miss Monde, le concours Miss Univers a pour objectif de promouvoir la beaut\u00e9 f\u00e9minine \u00e0 travers la plan\u00e8te. Chaque pays envoie sa repr\u00e9sentante, g\u00e9n\u00e9ralement la gagnante de son concours national, pour une grande soir\u00e9e de gala combinant d\u00e9fil\u00e9s en tenues de soir\u00e9e, en maillots de bain et en costumes nationaux. Bien \u00e9videmment, les candidates sont aussi \u00e9valu\u00e9es sur leur personnalit\u00e9 et leur capacit\u00e9 \u00e0 s&rsquo;exprimer sur des sujets d&rsquo;actualit\u00e9.<\/p>\n<p>Il y a de quoi r\u00eaver.\u00a0La gagnante de Miss Univers remporte un an de salaire \u00e9valu\u00e9 en 2021\u00a0\u00e0 5\u00a0000\u00a0euros mensuels et un superbe logement de fonction \u00e0 New York, avec vue sur Central Park (partag\u00e9 avec Miss USA et Miss Teen USA). Sa couronne vaut \u00e0 elle seule 300\u00a0000\u00a0dollars.\u00a0<\/p>\n","protected":false},"excerpt":{"rendered":"L&rsquo;heure du verdict a sonn\u00e9. La gagnante du 74e concours Miss Univers, d\u00e9voil\u00e9e \u00e0 Bangkok, en Tha\u00eflande ce&hellip;\n","protected":false},"author":2,"featured_media":548567,"comment_status":"","ping_status":"","sticky":false,"template":"","format":"standard","meta":{"footnotes":""},"categories":[8],"tags":[66641,51761,58,59,51763,1011,27,30091,51767,5240],"class_list":{"0":"post-548566","1":"post","2":"type-post","3":"status-publish","4":"format-standard","5":"has-post-thumbnail","7":"category-divertissement","8":"tag-cms-linternaute-9228443","9":"tag-controller-content","10":"tag-divertissement","11":"tag-entertainment","12":"tag-format-papier","13":"tag-fr","14":"tag-france","15":"tag-miss-univers","16":"tag-parallaxeinfeed","17":"tag-programme"},"share_on_mastodon":{"url":"https:\/\/pubeurope.com\/@fr\/115586359737954418","error":""},"_links":{"self":[{"href":"https:\/\/www.europesays.com\/fr\/wp-json\/wp\/v2\/posts\/548566","targetHints":{"allow":["GET"]}}],"collection":[{"href":"https:\/\/www.europesays.com\/fr\/wp-json\/wp\/v2\/posts"}],"about":[{"href":"https:\/\/www.europesays.com\/fr\/wp-json\/wp\/v2\/types\/post"}],"author":[{"embeddable":true,"href":"https:\/\/www.europesays.com\/fr\/wp-json\/wp\/v2\/users\/2"}],"replies":[{"embeddable":true,"href":"https:\/\/www.europesays.com\/fr\/wp-json\/wp\/v2\/comments?post=548566"}],"version-history":[{"count":0,"href":"https:\/\/www.europesays.com\/fr\/wp-json\/wp\/v2\/posts\/548566\/revisions"}],"wp:featuredmedia":[{"embeddable":true,"href":"https:\/\/www.europesays.com\/fr\/wp-json\/wp\/v2\/media\/548567"}],"wp:attachment":[{"href":"https:\/\/www.europesays.com\/fr\/wp-json\/wp\/v2\/media?parent=548566"}],"wp:term":[{"taxonomy":"category","embeddable":true,"href":"https:\/\/www.europesays.com\/fr\/wp-json\/wp\/v2\/categories?post=548566"},{"taxonomy":"post_tag","embeddable":true,"href":"https:\/\/www.europesays.com\/fr\/wp-json\/wp\/v2\/tags?post=548566"}],"curies":[{"name":"wp","href":"https:\/\/api.w.org\/{rel}","templated":true}]}}