{"id":548570,"date":"2025-11-21T06:51:12","date_gmt":"2025-11-21T06:51:12","guid":{"rendered":"https:\/\/www.europesays.com\/fr\/548570\/"},"modified":"2025-11-21T06:51:12","modified_gmt":"2025-11-21T06:51:12","slug":"menace-sur-le-cheque-energie-pourquoi-de-nombreux-foyers-pourraient-etre-prives-de-cette-aide-des-2026","status":"publish","type":"post","link":"https:\/\/www.europesays.com\/fr\/548570\/","title":{"rendered":"Menace sur le ch\u00e8que \u00e9nergie : pourquoi de nombreux foyers pourraient \u00eatre priv\u00e9s de cette aide d\u00e8s 2026"},"content":{"rendered":"<p>\u00c0 l&rsquo;approche de l&rsquo;hiver, alors que le froid s&rsquo;invite dans les foyers fran\u00e7ais, la question du pouvoir d&rsquo;achat revient sur toutes les l\u00e8vres. Le ch\u00e8que \u00e9nergie, jusqu&rsquo;ici v\u00e9ritable bouff\u00e9e d&rsquo;oxyg\u00e8ne pour des millions de m\u00e9nages, semble aujourd&rsquo;hui sur la sellette. Pourquoi ce dispositif, cens\u00e9 prot\u00e9ger les plus vuln\u00e9rables contre la flamb\u00e9e des factures d&rsquo;\u00e9lectricit\u00e9 ou de gaz, risque-t-il d&rsquo;exclure davantage de foyers d\u00e8s 2026 ? Plong\u00e9e dans les coulisses d&rsquo;un soutien vital qui vacille sous la pression des r\u00e9formes et des choix budg\u00e9taires.<\/p>\n<p>Le ch\u00e8que \u00e9nergie : un pilier pour le pouvoir d&rsquo;achat sous tension<\/p>\n<p>Depuis sa cr\u00e9ation, le <strong>ch\u00e8que \u00e9nergie s&rsquo;est impos\u00e9 comme un rempart contre la pr\u00e9carit\u00e9 \u00e9nerg\u00e9tique<\/strong>. Son principe ? Permettre aux m\u00e9nages les plus modestes de r\u00e9gler une partie de leurs d\u00e9penses li\u00e9es \u00e0 l&rsquo;\u00e9lectricit\u00e9, au gaz, au fioul ou m\u00eame au bois de chauffage. En 2025, le montant de cette aide s&rsquo;\u00e9tend de <strong>48 \u00e0 277 euros<\/strong> par an et concerne environ <strong>5,5 \u00e0 5,8 millions de foyers<\/strong>, soit pr\u00e8s de 20 % des m\u00e9nages fran\u00e7ais.<\/p>\n<p>Avec les prix de l&rsquo;\u00e9nergie qui ont bondi ces derni\u00e8res ann\u00e9es \u2014 jusqu&rsquo;\u00e0 <strong>40 % d&rsquo;augmentation pour l&rsquo;\u00e9lectricit\u00e9 et 60 % pour le gaz<\/strong> depuis 2021 \u2014 ce coup de pouce fait d\u00e9sormais la diff\u00e9rence entre un hiver confortable et des fins de mois difficiles pour de nombreux Fran\u00e7ais.<\/p>\n<p> Quand une aide devient indispensable \u00e0 des millions de foyers<\/p>\n<p>Dans l&rsquo;Hexagone, impossible d&rsquo;ignorer le r\u00f4le crucial du ch\u00e8que \u00e9nergie en p\u00e9riode hivernale. \u00c0 la campagne comme en ville, il permet \u00e0 <strong>de nombreuses familles de maintenir un logement chauff\u00e9<\/strong>, m\u00eame lorsque la hausse des tarifs impacte lourdement leur budget mensuel.<\/p>\n<p> Les b\u00e9n\u00e9ficiaires du ch\u00e8que \u00e9nergie<\/p>\n<p>Les personnes concern\u00e9es sont diverses : retrait\u00e9s aux pensions modestes qui doivent arbitrer entre chauffage et autres n\u00e9cessit\u00e9s quotidiennes, familles nombreuses dont les ressources s&rsquo;amenuisent, ou encore travailleurs pr\u00e9caires aux revenus instables. Pour tous ces profils, le ch\u00e8que \u00e9nergie n&rsquo;est pas un luxe : <strong>c&rsquo;est une aide vitale<\/strong>. Sans ce soutien, beaucoup seraient contraints \u00e0 des choix impossibles entre se chauffer ou satisfaire d&rsquo;autres besoins essentiels.<\/p>\n<p>Derri\u00e8re la menace : ce que le budget 2026 pourrait bouleverser<\/p>\n<p>Pourtant, la s\u00e9r\u00e9nit\u00e9 des b\u00e9n\u00e9ficiaires s&rsquo;effrite. Si le ch\u00e8que \u00e9nergie n&rsquo;est pas supprim\u00e9, <strong>la dynamique engag\u00e9e depuis deux ans<\/strong> fait planer une menace bien r\u00e9elle sur son avenir, et surtout sur le nombre de personnes qui pourront compter dessus lors des prochains hivers.<\/p>\n<p> Pourquoi le montant allou\u00e9 au ch\u00e8que \u00e9nergie risque de baisser<\/p>\n<p>L&rsquo;ann\u00e9e 2025 a marqu\u00e9 un <strong>changement de cap budg\u00e9taire<\/strong>. L&rsquo;\u00c9tat a r\u00e9duit l&rsquo;enveloppe d\u00e9di\u00e9e au ch\u00e8que \u00e9nergie de pr\u00e8s de <strong>180 millions d&rsquo;euros<\/strong>, passant de 795 millions en 2024 \u00e0 615 millions en 2025. Pour 2026, les premi\u00e8res projections laissent pr\u00e9sager une reconduction du dispositif, mais avec un budget calqu\u00e9 sur celui, rogn\u00e9, de 2025.<\/p>\n<tr>\nAnn\u00e9e<br \/>\nBudget consacr\u00e9<br \/>\nNombre de b\u00e9n\u00e9ficiaires<br \/>\n<\/tr>\n<tr>\n<td>2024<\/td>\n<td>795 M\u20ac<\/td>\n<td>5,5 \u00e0 5,8 millions<\/td>\n<\/tr>\n<tr>\n<td>2025<\/td>\n<td>615 M\u20ac<\/td>\n<td>env. 5 millions<\/td>\n<\/tr>\n<tr>\n<td>2026 (pr\u00e9vision)<\/td>\n<td>~615 M\u20ac<\/td>\n<td>en diminution (\u00e0 confirmer)<\/td>\n<\/tr>\n<p>Cette r\u00e9duction de financement, combin\u00e9e \u00e0 l&rsquo;absence de revalorisation du montant de l&rsquo;aide alors que les prix de l&rsquo;\u00e9nergie explosent, <strong>assombrit les perspectives<\/strong> pour de nombreux foyers. Au-del\u00e0 des chiffres budg\u00e9taires, ce sont des r\u00e9alit\u00e9s concr\u00e8tes qui se jouent pour les familles cet hiver.<\/p>\n<p> Qui sont les oubli\u00e9s potentiels de la prochaine r\u00e9forme ?<\/p>\n<p>La disparition r\u00e9cente de la taxe d&rsquo;habitation, qui \u00e9tait utilis\u00e9e pour identifier les b\u00e9n\u00e9ficiaires, a conduit \u00e0 un <strong>nouveau mode d&rsquo;attribution<\/strong>. D\u00e9sormais, une partie des foyers re\u00e7oit son ch\u00e8que automatiquement, tandis que d&rsquo;autres doivent en faire la demande via une plateforme en ligne, entre mi-octobre et fin f\u00e9vrier. Or, ce changement risque de laisser de c\u00f4t\u00e9 :<\/p>\n<ul>\n<li>Les personnes isol\u00e9es, notamment les seniors peu familiers du num\u00e9rique<\/li>\n<li>Les m\u00e9nages en situation tr\u00e8s pr\u00e9caire ou sans acc\u00e8s fiable \u00e0 internet<\/li>\n<li>Ceux vivant dans des logements mal enregistr\u00e9s ou atypiques<\/li>\n<\/ul>\n<p>Cons\u00e9quence : <strong>le non-recours \u00e0 cette aide pourrait s&rsquo;amplifier<\/strong>. Selon plusieurs associations, des centaines de milliers de personnes pourraient ainsi passer \u00e0 travers les mailles du filet en 2026.<\/p>\n<p>La mobilisation associative : un cri d&rsquo;alerte face au risque d&rsquo;exclusion<\/p>\n<p>Les organisations de consommateurs et les acteurs de la lutte contre la pr\u00e9carit\u00e9 \u00e9nerg\u00e9tique n&rsquo;ont pas tard\u00e9 \u00e0 tirer la sonnette d&rsquo;alarme. Dans toute la France, <strong>l&rsquo;inqui\u00e9tude s&rsquo;intensifie<\/strong> \u00e0 mesure que l&rsquo;hiver approche.<\/p>\n<p> Les signaux faibles d\u00e9j\u00e0 observ\u00e9s sur le terrain<\/p>\n<p>Partout, les b\u00e9n\u00e9voles constatent des cas de m\u00e9nages ayant renonc\u00e9 \u00e0 demander le ch\u00e8que \u00e9nergie faute d&rsquo;informations ou \u00e0 cause de la complexit\u00e9 administrative. Cette probl\u00e9matique touche particuli\u00e8rement <strong>les populations les plus vuln\u00e9rables<\/strong>, souvent sous-repr\u00e9sent\u00e9es dans les statistiques officielles.<\/p>\n<p> Les propositions pour pr\u00e9server les plus fragiles<\/p>\n<p>Face \u00e0 ces risques, des pistes \u00e9mergent : <strong>simplification des d\u00e9marches<\/strong>, am\u00e9lioration de la communication, accompagnement cibl\u00e9 vers les publics isol\u00e9s. Certains acteurs plaident \u00e9galement pour un budget revaloris\u00e9, ou au minimum <strong>l&rsquo;indexation du montant du ch\u00e8que \u00e9nergie sur l&rsquo;\u00e9volution r\u00e9elle des prix<\/strong>. La question demeure : ces propositions seront-elles prises en compte \u00e0 temps ?<\/p>\n<p> Quelles cons\u00e9quences si le ch\u00e8que \u00e9nergie recule en 2026 ?<\/p>\n<p>La vigilance est de mise. Car derri\u00e8re ce d\u00e9bat budg\u00e9taire, c&rsquo;est bien le quotidien de millions de Fran\u00e7ais qui pourrait \u00eatre impact\u00e9, <strong>d\u00e8s cette fin d&rsquo;ann\u00e9e et au c\u0153ur de l&rsquo;hiver 2025-2026<\/strong>.<\/p>\n<p> L&rsquo;effet domino sur la pr\u00e9carit\u00e9 \u00e9nerg\u00e9tique<\/p>\n<p>Une diminution du nombre de b\u00e9n\u00e9ficiaires, cumul\u00e9e \u00e0 des <strong>montants gel\u00e9s<\/strong> face \u00e0 des hausses tarifaires vertigineuses, entra\u00eenerait m\u00e9caniquement plus de difficult\u00e9s \u00e0 payer les factures. Les cons\u00e9quences potentielles sont pr\u00e9occupantes : coupures d&rsquo;\u00e9lectricit\u00e9, accumulation de dettes, voire impossibilit\u00e9 de se chauffer correctement pendant les p\u00e9riodes de grand froid.<\/p>\n<p> Les alternatives possibles pour les foyers menac\u00e9s<\/p>\n<p>Les collectivit\u00e9s territoriales ou les associations pourraient tenter de compenser avec des <strong>aides d&rsquo;urgence locales<\/strong>, mais leurs budgets sont \u00e9galement sous pression. Quant aux dispositifs ponctuels (comme le \u00ab\u00a0ch\u00e8que fioul\u00a0\u00bb mis en place pr\u00e9c\u00e9demment), ils ne sont pas garantis et ne couvrent pas l&rsquo;ensemble des sources d&rsquo;\u00e9nergie utilis\u00e9es par les m\u00e9nages.<\/p>\n<p> Ce que l&rsquo;avenir r\u00e9serve aux b\u00e9n\u00e9ficiaires du ch\u00e8que \u00e9nergie<\/p>\n<p>Alors que le projet de budget 2026 n&rsquo;est pas encore d\u00e9finitivement adopt\u00e9, la prudence reste n\u00e9cessaire. Plusieurs indicateurs incitent \u00e0 la vigilance sans pour autant c\u00e9der \u00e0 un pessimisme excessif.<\/p>\n<p> Les enseignements tir\u00e9s des d\u00e9bats et alertes<\/p>\n<p>Le ch\u00e8que \u00e9nergie perdure, mais dans une situation plus incertaine que jamais. Les discussions actuelles <strong>mettent en lumi\u00e8re l&rsquo;imp\u00e9ratif<\/strong>, en pleine transition \u00e9nerg\u00e9tique, d&rsquo;accompagner les populations vuln\u00e9rables et d&rsquo;adapter les m\u00e9canismes de solidarit\u00e9 face \u00e0 l&rsquo;\u00e9volution rapide des tarifs \u00e9nerg\u00e9tiques et des modes de consommation.<\/p>\n<p> Les enjeux cruciaux pour \u00e9viter de nouvelles crises \u00e9nerg\u00e9tiques<\/p>\n<p>Garantir l&rsquo;\u00e9quit\u00e9, surmonter les fractures num\u00e9riques ou administratives : voil\u00e0 les d\u00e9fis majeurs pour l&rsquo;avenir. Face \u00e0 l&rsquo;augmentation continue des co\u00fbts \u00e9nerg\u00e9tiques, <strong>la France devra n\u00e9cessairement repenser ses dispositifs de soutien<\/strong>. Un fait demeure certain : rester attentif aux signaux d&rsquo;alerte permettra d&rsquo;\u00e9viter qu&rsquo;un simple ajustement budg\u00e9taire ne plonge des milliers de familles dans des situations critiques.<\/p>\n<p>Alors que l&rsquo;hiver s&rsquo;installe progressivement, une question fondamentale se pose : le ch\u00e8que \u00e9nergie saura-t-il encore prot\u00e9ger efficacement tous les foyers qui en d\u00e9pendent l&rsquo;ann\u00e9e prochaine ? Derri\u00e8re chaque d\u00e9cision budg\u00e9taire se cachent des r\u00e9alit\u00e9s humaines que la solidarit\u00e9 nationale a le devoir de prendre en compte pour que personne ne reste dans le froid.<\/p>\n","protected":false},"excerpt":{"rendered":"\u00c0 l&rsquo;approche de l&rsquo;hiver, alors que le froid s&rsquo;invite dans les foyers fran\u00e7ais, la question du pouvoir d&rsquo;achat&hellip;\n","protected":false},"author":2,"featured_media":548571,"comment_status":"","ping_status":"","sticky":false,"template":"","format":"standard","meta":{"footnotes":""},"categories":[6],"tags":[35,33,34,1011,27,56],"class_list":{"0":"post-548570","1":"post","2":"type-post","3":"status-publish","4":"format-standard","5":"has-post-thumbnail","7":"category-economie","8":"tag-business","9":"tag-economie","10":"tag-economy","11":"tag-fr","12":"tag-france","13":"tag-push"},"share_on_mastodon":{"url":"https:\/\/pubeurope.com\/@fr\/115586366486881043","error":""},"_links":{"self":[{"href":"https:\/\/www.europesays.com\/fr\/wp-json\/wp\/v2\/posts\/548570","targetHints":{"allow":["GET"]}}],"collection":[{"href":"https:\/\/www.europesays.com\/fr\/wp-json\/wp\/v2\/posts"}],"about":[{"href":"https:\/\/www.europesays.com\/fr\/wp-json\/wp\/v2\/types\/post"}],"author":[{"embeddable":true,"href":"https:\/\/www.europesays.com\/fr\/wp-json\/wp\/v2\/users\/2"}],"replies":[{"embeddable":true,"href":"https:\/\/www.europesays.com\/fr\/wp-json\/wp\/v2\/comments?post=548570"}],"version-history":[{"count":0,"href":"https:\/\/www.europesays.com\/fr\/wp-json\/wp\/v2\/posts\/548570\/revisions"}],"wp:featuredmedia":[{"embeddable":true,"href":"https:\/\/www.europesays.com\/fr\/wp-json\/wp\/v2\/media\/548571"}],"wp:attachment":[{"href":"https:\/\/www.europesays.com\/fr\/wp-json\/wp\/v2\/media?parent=548570"}],"wp:term":[{"taxonomy":"category","embeddable":true,"href":"https:\/\/www.europesays.com\/fr\/wp-json\/wp\/v2\/categories?post=548570"},{"taxonomy":"post_tag","embeddable":true,"href":"https:\/\/www.europesays.com\/fr\/wp-json\/wp\/v2\/tags?post=548570"}],"curies":[{"name":"wp","href":"https:\/\/api.w.org\/{rel}","templated":true}]}}