{"id":548577,"date":"2025-11-21T06:55:19","date_gmt":"2025-11-21T06:55:19","guid":{"rendered":"https:\/\/www.europesays.com\/fr\/548577\/"},"modified":"2025-11-21T06:55:19","modified_gmt":"2025-11-21T06:55:19","slug":"saint-etienne-securite-commerce-urbanisme-six-ans-apres-que-reste-t-il-des-promesses-de-gael-perdriau","status":"publish","type":"post","link":"https:\/\/www.europesays.com\/fr\/548577\/","title":{"rendered":"Saint-\u00c9tienne. S\u00e9curit\u00e9, commerce, urbanisme\u2026 Six ans apr\u00e8s, que reste-t-il des promesses de Ga\u00ebl Perdriau\u00a0?"},"content":{"rendered":"<p>Comment r\u00e9sumer les six derni\u00e8res ann\u00e9es en quelques lignes\u00a0? \u00c0 Saint-\u00c9tienne, peut-\u00eatre plus qu\u2019ailleurs, l\u2019exercice est difficile. En plus de la pand\u00e9mie de Covid-19, l\u2019inflation li\u00e9e \u00e0 la guerre en Ukraine, les \u00e9meutes\u2026 la ville a travers\u00e9 une autre \u00e9preuve, celle de l\u2019<a href=\"https:\/\/www.leprogres.fr\/affaire-perdriau\" target=\"_blank\" rel=\"noopener\">affaire du chantage \u00e0 la mairie<\/a>.<\/p>\n<p>En 2020, <a href=\"https:\/\/www.leprogres.fr\/p\/gael-perdriau\" target=\"_blank\" rel=\"noopener\">Ga\u00ebl Perdriau<\/a>, candidat \u00e0 sa r\u00e9\u00e9lection, n\u2019avait pas \u00e9t\u00e9 avare de promesses avec plus de 430 propositions. Six ans plus tard, le maire affirme en avoir r\u00e9alis\u00e9 85\u00a0%. \u00ab\u00a0Comment la ville pourrait \u00eatre \u00e0 l\u2019arr\u00eat avec 55\u00a0millions d\u2019euros d\u2019investissements par an\u00a0?\u00a0\u00bb, insiste-t-il, assurant avoir \u00ab\u00a0r\u00e9ussi \u00e0 rendre Saint-\u00c9tienne plus attractive\u00a0\u00bb.<\/p>\n<p>Urbanisme\u00a0: plusieurs secteurs r\u00e9nov\u00e9s et des projets report\u00e9s<\/p>\n<p>\u00ab\u00a0Il n\u2019y a pas un quartier o\u00f9 il n\u2019y a pas de nouveaux projets, lanc\u00e9s ou programm\u00e9s\u00a0\u00bb, se targue Ga\u00ebl Perdriau. Tout au long du mandat, une centaine de r\u00e9unions publiques ont&#8230;<\/p>\n","protected":false},"excerpt":{"rendered":"Comment r\u00e9sumer les six derni\u00e8res ann\u00e9es en quelques lignes\u00a0? \u00c0 Saint-\u00c9tienne, peut-\u00eatre plus qu\u2019ailleurs, l\u2019exercice est difficile. En&hellip;\n","protected":false},"author":2,"featured_media":548578,"comment_status":"","ping_status":"","sticky":false,"template":"","format":"standard","meta":{"footnotes":""},"categories":[9653],"tags":[1111,11,2430,1984,7539,4188,1777,674,107,1011,27,3367,12,316,25,4001,7538],"class_list":{"0":"post-548577","1":"post","2":"type-post","3":"status-publish","4":"format-standard","5":"has-post-thumbnail","7":"category-saint-etienne","8":"tag-actu","9":"tag-actualites","10":"tag-auvergne-rhone-alpes","11":"tag-conseil-municipal","12":"tag-edition-loire-sud","13":"tag-elections-municipales","14":"tag-eu","15":"tag-europe","16":"tag-fil-info","17":"tag-fr","18":"tag-france","19":"tag-loire","20":"tag-news","21":"tag-politique","22":"tag-republique-francaise","23":"tag-saint-etienne","24":"tag-saint-etienne-ville"},"share_on_mastodon":{"url":"https:\/\/pubeurope.com\/@fr\/115586382214320746","error":""},"_links":{"self":[{"href":"https:\/\/www.europesays.com\/fr\/wp-json\/wp\/v2\/posts\/548577","targetHints":{"allow":["GET"]}}],"collection":[{"href":"https:\/\/www.europesays.com\/fr\/wp-json\/wp\/v2\/posts"}],"about":[{"href":"https:\/\/www.europesays.com\/fr\/wp-json\/wp\/v2\/types\/post"}],"author":[{"embeddable":true,"href":"https:\/\/www.europesays.com\/fr\/wp-json\/wp\/v2\/users\/2"}],"replies":[{"embeddable":true,"href":"https:\/\/www.europesays.com\/fr\/wp-json\/wp\/v2\/comments?post=548577"}],"version-history":[{"count":0,"href":"https:\/\/www.europesays.com\/fr\/wp-json\/wp\/v2\/posts\/548577\/revisions"}],"wp:featuredmedia":[{"embeddable":true,"href":"https:\/\/www.europesays.com\/fr\/wp-json\/wp\/v2\/media\/548578"}],"wp:attachment":[{"href":"https:\/\/www.europesays.com\/fr\/wp-json\/wp\/v2\/media?parent=548577"}],"wp:term":[{"taxonomy":"category","embeddable":true,"href":"https:\/\/www.europesays.com\/fr\/wp-json\/wp\/v2\/categories?post=548577"},{"taxonomy":"post_tag","embeddable":true,"href":"https:\/\/www.europesays.com\/fr\/wp-json\/wp\/v2\/tags?post=548577"}],"curies":[{"name":"wp","href":"https:\/\/api.w.org\/{rel}","templated":true}]}}