{"id":548597,"date":"2025-11-21T07:08:24","date_gmt":"2025-11-21T07:08:24","guid":{"rendered":"https:\/\/www.europesays.com\/fr\/548597\/"},"modified":"2025-11-21T07:08:24","modified_gmt":"2025-11-21T07:08:24","slug":"que-faire-a-rennes-ce-week-end-du-22-novembre-au-23-novembre-2025","status":"publish","type":"post","link":"https:\/\/www.europesays.com\/fr\/548597\/","title":{"rendered":"Que faire \u00e0 Rennes ce week-end du 22 novembre au 23 novembre 2025 ?"},"content":{"rendered":"<p>\n        En \u00e9cho au Poisson qui vivait dans les arbres, Herv\u00e9 Walbecq revient avec ce mobile XXL install\u00e9 sous le puits de lumi\u00e8re du hall du Triangle. Avec cette immersion po\u00e9tique et d\u00e9cal\u00e9e dans l\u2019espace, c\u2019est un bestiaire tout droit sorti des souvenirs d\u2019Herv\u00e9 qui s\u2019articule devant les yeux des visiteurs.\n        <\/p>\n<p><a href=\"https:\/\/www.letelegramme.fr\/api\/gotourl\/bevt\/2910686\/\" target=\"_blank\" rel=\"noopener\"><br \/>\n        Exposition \u00ab\u00a0Voix de femmes, un matrimoine au coeur du Blosne\u00a0\u00bb<br \/>\n        <\/a><\/p>\n<p>\n        Tout public. Dispositif propos\u00e9 par la Ville de Rennes. Dans le cadre du dispositif Nouveaux commissaires, sept habitants du quartier ont choisi de concevoir une exposition sur le matrimoine du Blosne, abord\u00e9 \u00e0 travers les t\u00e9moignages de femmes qui font ou ont fait l\u2019histoire et le matrimoine du quartier.\n        <\/p>\n<p><a href=\"https:\/\/www.letelegramme.fr\/api\/gotourl\/bevt\/3006068\/\" target=\"_blank\" rel=\"noopener\"><br \/>\n        Spectacle des F\u00eal\u00e9s du vocal \u00ab\u00a0D\u00e9cade d\u00e9cal\u00e9e\u00a0\u00bb sur r\u00e9servation<br \/>\n        <\/a><\/p>\n<p>\n        Balade gourmande pleine d\u2019impr\u00e9vus qui m\u00e8nera de San Francisco \u00e0 Courseulles-sur-Mer. Trois spectacles au profit d\u2019associations. Billetterie en ligne sur la page HelloAsso des F\u00eal\u00e9s du vocal.\n        <\/p>\n<p><a href=\"https:\/\/www.letelegramme.fr\/api\/gotourl\/bevt\/3017464\/\" target=\"_blank\" rel=\"noopener\"><br \/>\n        Exposition de Carole Rivalin\u00a0: \u00ab\u00a0TuTTi fruTTi\u00a0\u00bb<br \/>\n        <\/a><\/p>\n<p>\n        Nouvelle exposition o\u00f9 elle s\u2019\u00e9loigne des \u0153uvres sur papier et des interventions murales pour s\u2019aventurer dans des compositions plus proches du tableau.\n        <\/p>\n<p>L&rsquo;agenda des loisirs<\/p>\n<p class=\"moveInBrittany__text\" style=\"color:#fff\">\n            Festivals, expositions, visites, conf\u00e9rences, &#8230;\n          <\/p>\n<p>Sortir \u00e0 Rennes le dimanche 23 novembre<a href=\"https:\/\/www.letelegramme.fr\/api\/gotourl\/bevt\/3021460\/\" target=\"_blank\" rel=\"noopener\"><br \/>\n        Les F\u00eal\u00e9s du Vocal f\u00eatent leurs dix ans<br \/>\n        <\/a><\/p>\n<p>\n        Dix ans \u00e7a se f\u00eate. Embarquer avec l\u2019\u00e9quipe f\u00eal\u00e9e pour une balade gourmande pleine d\u2019impr\u00e9vus qui m\u00e8nera le public de San Francisco \u00e0 Courseulles-sur-Mer. Un cocktail m\u00e9morable y sera propos\u00e9 ainsi que des cornichons, des macarons et des bonbons. Si tu m\u2019crois pas, viens voir le nouveau spectacle des F\u00eal\u00e9s du Vocal. Samedi, \u00e0 15 h, au profit de Habitat et Humanisme ; \u00e0 21 h, au profit de Cap-Ouest Roz\u2019Eskell ; dimanche, \u00e0 21 h, au profit de Croix-Rouge Rennes.\n        <\/p>\n<p><a href=\"https:\/\/www.letelegramme.fr\/api\/gotourl\/bevt\/3047980\/\" target=\"_blank\" rel=\"noopener\"><br \/>\n        Exposition\u00a0: Faire corps<br \/>\n        <\/a><\/p>\n<p>\n        Dans le cadre du festival Glaz, rencontres internationales de la photographie de Rennes, dont l\u2019\u00e9dition 2025 explore les liens entre actes d\u2019amour et de r\u00e9bellion, L\u2019Imagerie centre d\u2019art et de photographie \u00e0 Lannion, s\u2019associe au Frac Bretagne pour une exposition construite \u00e0 partir de leurs collections photographiques. Cette proposition r\u00e9unit des \u0153uvres de 17 artistes de diff\u00e9rentes nationalit\u00e9s qui interrogent les mani\u00e8res de se relier les uns aux autres.\n        <\/p>\n<p><a href=\"https:\/\/www.letelegramme.fr\/api\/gotourl\/bevt\/3042058\/\" target=\"_blank\" rel=\"noopener\"><br \/>\n        Exposition\u00a0: Elles &#8211; Leurs droits, notre histoire<br \/>\n        <\/a><\/p>\n<p>\n        Pour plonger dans le quotidien des Bretilliennes, du XIXe si\u00e8cle \u00e0 nos jours. \u00ab Elles. Leurs droits, notre histoire. Les Bretilliennes s\u2019\u00e9mancipent (XIX-XXe si\u00e8cles) \u00bb retrace l\u2019histoire de l\u2019\u00e9mancipation f\u00e9minine et l\u2019impact que la conqu\u00eate des droits a eu sur le quotidien des femmes d\u2019Ille-et-Vilaine. Fermeture le premier lundi de chaque mois et jours f\u00e9ri\u00e9s. Ouverture exceptionnelle : dimanche 26 octobre, dimanche 30 novembre, dimanches 1er f\u00e9vrier et 8 mars 2026 de 14 h 30 \u00e0 18 h.\n        <\/p>\n<p><a href=\"https:\/\/www.letelegramme.fr\/api\/gotourl\/bevt\/3081176\/\" target=\"_blank\" rel=\"noopener\"><br \/>\n        Concert solidaire \u00ab\u00a0Notes In&rsquo; Rennes\u00a0\u00bb<br \/>\n        <\/a><\/p>\n<p>\n        La troupe Notes In&rsquo; Rennes (170 chanteurs) propose 2 heures de tourbillon musical, rempli de joie et d\u2019\u00e9nergie, avec des chansons de Queen, Mika, ABBA, etc. Le concert est organis\u00e9 au profit de l\u2019association France Parrainages Ille-et-Vilaine, qui soutient les enfants et jeunes par le parrainage de proximit\u00e9.\n        <\/p>\n<p><a href=\"https:\/\/www.letelegramme.fr\/api\/gotourl\/bevt\/3091246\/\" target=\"_blank\" rel=\"noopener\"><br \/>\n        Solidarit\u00e9 en sc\u00e8ne\u00a0: th\u00e9\u00e2tre dans l\u2019enfer du proc\u00e8s Dreyfus<br \/>\n        <\/a><\/p>\n<p>\n        Cet \u00e9v\u00e9nement est accessible aux personnes \u00e0 mobilit\u00e9 r\u00e9duite.\n        <\/p>\n<p><\/p>\n","protected":false},"excerpt":{"rendered":"En \u00e9cho au Poisson qui vivait dans les arbres, Herv\u00e9 Walbecq revient avec ce mobile XXL install\u00e9 sous&hellip;\n","protected":false},"author":2,"featured_media":6963,"comment_status":"","ping_status":"","sticky":false,"template":"","format":"standard","meta":{"footnotes":""},"categories":[2821],"tags":[1111,11,829,1777,674,1011,27,12,3907,584,25],"class_list":{"0":"post-548597","1":"post","2":"type-post","3":"status-publish","4":"format-standard","5":"has-post-thumbnail","7":"category-rennes","8":"tag-actu","9":"tag-actualites","10":"tag-bretagne","11":"tag-eu","12":"tag-europe","13":"tag-fr","14":"tag-france","15":"tag-news","16":"tag-que-faire","17":"tag-rennes","18":"tag-republique-francaise"},"share_on_mastodon":{"url":"https:\/\/pubeurope.com\/@fr\/115586433393434503","error":""},"_links":{"self":[{"href":"https:\/\/www.europesays.com\/fr\/wp-json\/wp\/v2\/posts\/548597","targetHints":{"allow":["GET"]}}],"collection":[{"href":"https:\/\/www.europesays.com\/fr\/wp-json\/wp\/v2\/posts"}],"about":[{"href":"https:\/\/www.europesays.com\/fr\/wp-json\/wp\/v2\/types\/post"}],"author":[{"embeddable":true,"href":"https:\/\/www.europesays.com\/fr\/wp-json\/wp\/v2\/users\/2"}],"replies":[{"embeddable":true,"href":"https:\/\/www.europesays.com\/fr\/wp-json\/wp\/v2\/comments?post=548597"}],"version-history":[{"count":0,"href":"https:\/\/www.europesays.com\/fr\/wp-json\/wp\/v2\/posts\/548597\/revisions"}],"wp:featuredmedia":[{"embeddable":true,"href":"https:\/\/www.europesays.com\/fr\/wp-json\/wp\/v2\/media\/6963"}],"wp:attachment":[{"href":"https:\/\/www.europesays.com\/fr\/wp-json\/wp\/v2\/media?parent=548597"}],"wp:term":[{"taxonomy":"category","embeddable":true,"href":"https:\/\/www.europesays.com\/fr\/wp-json\/wp\/v2\/categories?post=548597"},{"taxonomy":"post_tag","embeddable":true,"href":"https:\/\/www.europesays.com\/fr\/wp-json\/wp\/v2\/tags?post=548597"}],"curies":[{"name":"wp","href":"https:\/\/api.w.org\/{rel}","templated":true}]}}