{"id":548599,"date":"2025-11-21T07:10:17","date_gmt":"2025-11-21T07:10:17","guid":{"rendered":"https:\/\/www.europesays.com\/fr\/548599\/"},"modified":"2025-11-21T07:10:17","modified_gmt":"2025-11-21T07:10:17","slug":"voici-ou-auront-lieu-les-prochaines-plantations-darbre","status":"publish","type":"post","link":"https:\/\/www.europesays.com\/fr\/548599\/","title":{"rendered":"voici o\u00f9 auront lieu les prochaines plantations d&rsquo;arbre"},"content":{"rendered":"<p>                    Par<br \/>\n        <strong><br \/>\n            <a href=\"https:\/\/actu.fr\/auteur\/ivan-capecchi\" title=\"Consulter tous les articles de Ivan CAPECCHI\" rel=\"nofollow noopener\" target=\"_blank\">Ivan CAPECCHI<\/a><br \/>\n                    <\/strong><\/p>\n<p>        Publi\u00e9 le<\/p>\n<p>            21 nov. 2025 \u00e0 7h00        <\/p>\n<p>Mardi, lors d\u2019une conf\u00e9rence de presse, la Ville de Strasbourg a officiellement lanc\u00e9 la <strong>6e saison du plan Canop\u00e9e<\/strong>, lequel vise la <a href=\"https:\/\/actu.fr\/grand-est\/strasbourg_67482\/10-000-arbres-a-planter-a-strasbourg-d-ici-2030-ou-en-est-cette-promesse-de-la-mairie_62609478.html\" rel=\"nofollow noopener\" target=\"_blank\">plantation de 10\u2009000 arbres d\u2019ici 2030<\/a> afin d\u2019augmenter l\u2019indice de canop\u00e9e de la ville, un indice d\u00e9fini comme la surface d\u2019ombre au sol que procurent les arbres sur un territoire donn\u00e9.<\/p>\n<p class=\" wall-content\">Plusieurs secteurs de la ville vont accueillir de nouveaux arbres dans les prochaines semaines.<\/p>\n<p>Des arbres plant\u00e9s le long de pistes cyclables ou sur des places\u2026<\/p>\n<p class=\" wall-content\">De premi\u00e8res plantations concerneront la <strong>Cit\u00e9 Rotterdam<\/strong>, au Conseil des XV, avec plus de 120 arbres pr\u00e9vus.<\/p>\n<p class=\" wall-content\">D\u2019autres s\u00e9ries seront r\u00e9alis\u00e9es le long des nouvelles <a href=\"https:\/\/actu.fr\/grand-est\/strasbourg_67482\/strasbourg-cette-piste-cyclable-est-jugee-trop-large-par-rapport-aux-besoins-c-est-carrement-un-boulevard_63275641.html\" rel=\"nofollow noopener\" target=\"_blank\">pistes cyclables, notamment celle de la Colmarienne<\/a>, <strong>avenue de Colmar<\/strong> et <strong>route de l\u2019H\u00f4pital<\/strong>.<\/p>\n<p class=\" wall-content\">Des arbres seront \u00e9galement ajout\u00e9s sur plusieurs places publiques, comme les <strong>cours Saint-Louis<\/strong> \u00e0 la Robertsau ou devant le <strong>coll\u00e8ge de l\u2019Elsau<\/strong>.<\/p>\n<p>\u2026 mais aussi dans plusieurs rues et \u00e9coles<\/p>\n<p class=\" wall-content\">Plusieurs rues sont aussi concern\u00e9es\u2009: <strong>rue Jacques-Kabl\u00e9, rue Mentelin, rue du Schnokeloch<\/strong> \u00e0 Koenigshoffen,<strong> rue Zielbaum<\/strong> \u00e0 Cronenbourg ou encore l\u2019<strong>avenue du Rhin<\/strong> au Neudorf.<\/p>\n<p>Votre r\u00e9gion, votre actu !<\/p>\n<p>Recevez chaque jour les infos qui comptent pour vous.<\/p>\n<p>\t<a href=\"https:\/\/actu.fr\/newsletter\" class=\"ac-btn ac-btn--corner ac-btn--medium ac-btn--blue800\" rel=\"nofollow noopener\" target=\"_blank\">S&rsquo;incrire<\/a><\/p>\n<p class=\" wall-content\">Dans les parcs et squares, les plantations reprendront \u00e0 la <strong>Meinau (square de la Peupleraie)<\/strong>, \u00e0 <strong>Hautepierre (plaine des Jeux)<\/strong>, au <a href=\"https:\/\/actu.fr\/grand-est\/strasbourg_67482\/ce-celebre-parc-de-strasbourg-fete-ses-20-ans-bientot-voici-les-animations-prevues_61581865.html\" rel=\"nofollow noopener\" target=\"_blank\">Jardin des Deux-Rives<\/a>, au <a href=\"https:\/\/actu.fr\/grand-est\/strasbourg_67482\/strasbourg-comment-sera-gere-le-parc-de-la-citadelle-pour-les-10-ans-a-venir-donnez-votre-avis_50308216.html\" rel=\"nofollow noopener\" target=\"_blank\">parc de la Citadelle<\/a> ou encore au <strong>parc du Petit-Rhin<\/strong>.<\/p>\n<p class=\" wall-content\">En parall\u00e8le, pr\u00e8s de 200 arbres seront plant\u00e9s dans les <strong>cours d\u2019\u00e9cole<\/strong>, dans la continuit\u00e9 <a href=\"https:\/\/actu.fr\/grand-est\/strasbourg_67482\/strasbourg-voici-la-liste-des-cours-d-ecole-qui-seront-vegetalisees-d-ici-l-ete-2023_55919017.html\" rel=\"nofollow noopener\" target=\"_blank\">des v\u00e9g\u00e9talisations<\/a> men\u00e9es ces derni\u00e8res ann\u00e9es.<\/p>\n<p>Des arbres aussi plant\u00e9s dans le futur parc d\u2019Archipel 2<\/p>\n<p class=\" wall-content\">La Ville annonce enfin un chantier important au sein du quartier <strong>Archipel 2<\/strong>, o\u00f9 102 arbres seront plant\u00e9s d\u00e8s cette saison, marquant le d\u00e9but d\u2019un parc de 4,5 hectares qui sera livr\u00e9 d\u2019ici 2030.<\/p>\n<p class=\" wall-content\">Personnalisez votre actualit\u00e9 en ajoutant vos villes et m\u00e9dias en favori avec <a href=\"https:\/\/moncompte.actu.fr\" title=\"D\u00e9couvez Mon Actu\" rel=\"nofollow noopener\" data-trk=\"{&quot;cta&quot;:{&quot;action&quot;:&quot;https:\\\/\\\/moncompte.actu.fr&quot;,&quot;category&quot;:&quot;mon compte&quot;,&quot;from&quot;:&quot;article footer&quot;,&quot;name&quot;:&quot;Mon actu&quot;,&quot;type&quot;:&quot;cta&quot;}}\" target=\"_blank\">Mon Actu<\/a>.<\/p>\n","protected":false},"excerpt":{"rendered":"Par Ivan CAPECCHI Publi\u00e9 le 21 nov. 2025 \u00e0 7h00 Mardi, lors d\u2019une conf\u00e9rence de presse, la Ville&hellip;\n","protected":false},"author":2,"featured_media":548600,"comment_status":"","ping_status":"","sticky":false,"template":"","format":"standard","meta":{"footnotes":""},"categories":[2820],"tags":[1111,11,436,1777,674,1011,27,775,12,25,104,640],"class_list":{"0":"post-548599","1":"post","2":"type-post","3":"status-publish","4":"format-standard","5":"has-post-thumbnail","7":"category-strasbourg","8":"tag-actu","9":"tag-actualites","10":"tag-environnement","11":"tag-eu","12":"tag-europe","13":"tag-fr","14":"tag-france","15":"tag-grand-est","16":"tag-news","17":"tag-republique-francaise","18":"tag-societe","19":"tag-strasbourg"},"share_on_mastodon":{"url":"https:\/\/pubeurope.com\/@fr\/115586441198238339","error":""},"_links":{"self":[{"href":"https:\/\/www.europesays.com\/fr\/wp-json\/wp\/v2\/posts\/548599","targetHints":{"allow":["GET"]}}],"collection":[{"href":"https:\/\/www.europesays.com\/fr\/wp-json\/wp\/v2\/posts"}],"about":[{"href":"https:\/\/www.europesays.com\/fr\/wp-json\/wp\/v2\/types\/post"}],"author":[{"embeddable":true,"href":"https:\/\/www.europesays.com\/fr\/wp-json\/wp\/v2\/users\/2"}],"replies":[{"embeddable":true,"href":"https:\/\/www.europesays.com\/fr\/wp-json\/wp\/v2\/comments?post=548599"}],"version-history":[{"count":0,"href":"https:\/\/www.europesays.com\/fr\/wp-json\/wp\/v2\/posts\/548599\/revisions"}],"wp:featuredmedia":[{"embeddable":true,"href":"https:\/\/www.europesays.com\/fr\/wp-json\/wp\/v2\/media\/548600"}],"wp:attachment":[{"href":"https:\/\/www.europesays.com\/fr\/wp-json\/wp\/v2\/media?parent=548599"}],"wp:term":[{"taxonomy":"category","embeddable":true,"href":"https:\/\/www.europesays.com\/fr\/wp-json\/wp\/v2\/categories?post=548599"},{"taxonomy":"post_tag","embeddable":true,"href":"https:\/\/www.europesays.com\/fr\/wp-json\/wp\/v2\/tags?post=548599"}],"curies":[{"name":"wp","href":"https:\/\/api.w.org\/{rel}","templated":true}]}}