{"id":548617,"date":"2025-11-21T07:20:16","date_gmt":"2025-11-21T07:20:16","guid":{"rendered":"https:\/\/www.europesays.com\/fr\/548617\/"},"modified":"2025-11-21T07:20:16","modified_gmt":"2025-11-21T07:20:16","slug":"toulouse-une-femme-grievement-blessee-apres-avoir-chute-de-grande-hauteur-sur-le-toit-dun-batiment","status":"publish","type":"post","link":"https:\/\/www.europesays.com\/fr\/548617\/","title":{"rendered":"Toulouse. Une femme gri\u00e8vement bless\u00e9e apr\u00e8s avoir chut\u00e9 de grande hauteur sur le toit d&rsquo;un b\u00e2timent"},"content":{"rendered":"<p>                    Par<br \/>\n        <strong><br \/>\n            <a href=\"https:\/\/actu.fr\/auteur\/lucie-2\" title=\"Consulter tous les articles de Lucie Fraisse\" rel=\"nofollow noopener\" target=\"_blank\">Lucie Fraisse<\/a><br \/>\n                    <\/strong><\/p>\n<p>        Publi\u00e9 le<\/p>\n<p>            21 nov. 2025 \u00e0 8h02        <\/p>\n<p>Il \u00e9tait pr\u00e8s de 21h30, ce jeudi 20 novembre 2025, quand l\u2019alerte a \u00e9t\u00e9 donn\u00e9e. Une femme dont l\u2019\u00e2ge n\u2019a pas pu \u00eatre d\u00e9termin\u00e9, venait de faire une chute de grande hauteur, au niveau de la place des Carmes, <a href=\"https:\/\/actu.fr\/toulouse\/\" rel=\"nofollow noopener\" target=\"_blank\">\u00e0 Toulouse<\/a>.\u00a0<\/p>\n<p>    <a href=\"https:\/\/www.google.com\/maps\/embed?pb=!1m18!1m12!1m3!1d2073.0247275723577!2d1.4425643746604593!3d43.59732085604543!2m3!1f0!2f0!3f0!3m2!1i1024!2i768!4f13.1!3m3!1m2!1s0x12aebc82f3c67767%3A0x4a00aa97e6ae57b!2sPl.%20des%20Carmes%2C%2031000%20Toulouse!5e1!3m2!1sfr!2sfr!4v1763708369991!5m2!1sfr!2sfr\" title=\"Ouvrie le lien\" rel=\"nofollow noopener\" target=\"_blank\">Cliquez ici pour visualiser le contenu<\/a><\/p>\n<p>Des pompiers sp\u00e9cialistes interviennent<\/p>\n<p class=\" wall-content\">\u00c0 leur arriv\u00e9e sur place, les secours d\u00e9couvrent la femme gisant sur le toit du premier \u00e9tage d\u2019un b\u00e2timent. Une \u00e9quipe de pompiers sp\u00e9cialistes<strong> des interventions en milieux p\u00e9rilleux<\/strong> a alors \u00e9t\u00e9 mobilis\u00e9e pour coordonner son \u00e9vacuation.<\/p>\n<p class=\" wall-content\">La femme a \u00e9t\u00e9 prise en charge par le Samu. Dans un \u00e9tat grave, elle a \u00e9t\u00e9 transport\u00e9e vers le centre hospitalier le plus proche.<\/p>\n<p class=\" wall-content\">Personnalisez votre actualit\u00e9 en ajoutant vos villes et m\u00e9dias en favori avec <a href=\"https:\/\/moncompte.actu.fr\" title=\"D\u00e9couvez Mon Actu\" rel=\"nofollow noopener\" data-trk=\"{&quot;cta&quot;:{&quot;action&quot;:&quot;https:\\\/\\\/moncompte.actu.fr&quot;,&quot;category&quot;:&quot;mon compte&quot;,&quot;from&quot;:&quot;article footer&quot;,&quot;name&quot;:&quot;Mon actu&quot;,&quot;type&quot;:&quot;cta&quot;}}\" target=\"_blank\">Mon Actu<\/a>.<\/p>\n","protected":false},"excerpt":{"rendered":"Par Lucie Fraisse Publi\u00e9 le 21 nov. 2025 \u00e0 8h02 Il \u00e9tait pr\u00e8s de 21h30, ce jeudi 20&hellip;\n","protected":false},"author":2,"featured_media":17694,"comment_status":"","ping_status":"","sticky":false,"template":"","format":"standard","meta":{"footnotes":""},"categories":[2816],"tags":[1111,11,1777,674,118,1011,27,12,2680,1311,25,2312],"class_list":{"0":"post-548617","1":"post","2":"type-post","3":"status-publish","4":"format-standard","5":"has-post-thumbnail","7":"category-toulouse","8":"tag-actu","9":"tag-actualites","10":"tag-eu","11":"tag-europe","12":"tag-faits-divers","13":"tag-fr","14":"tag-france","15":"tag-news","16":"tag-occitanie","17":"tag-pompiers","18":"tag-republique-francaise","19":"tag-toulouse"},"share_on_mastodon":{"url":"https:\/\/pubeurope.com\/@fr\/115586480556658983","error":""},"_links":{"self":[{"href":"https:\/\/www.europesays.com\/fr\/wp-json\/wp\/v2\/posts\/548617","targetHints":{"allow":["GET"]}}],"collection":[{"href":"https:\/\/www.europesays.com\/fr\/wp-json\/wp\/v2\/posts"}],"about":[{"href":"https:\/\/www.europesays.com\/fr\/wp-json\/wp\/v2\/types\/post"}],"author":[{"embeddable":true,"href":"https:\/\/www.europesays.com\/fr\/wp-json\/wp\/v2\/users\/2"}],"replies":[{"embeddable":true,"href":"https:\/\/www.europesays.com\/fr\/wp-json\/wp\/v2\/comments?post=548617"}],"version-history":[{"count":0,"href":"https:\/\/www.europesays.com\/fr\/wp-json\/wp\/v2\/posts\/548617\/revisions"}],"wp:featuredmedia":[{"embeddable":true,"href":"https:\/\/www.europesays.com\/fr\/wp-json\/wp\/v2\/media\/17694"}],"wp:attachment":[{"href":"https:\/\/www.europesays.com\/fr\/wp-json\/wp\/v2\/media?parent=548617"}],"wp:term":[{"taxonomy":"category","embeddable":true,"href":"https:\/\/www.europesays.com\/fr\/wp-json\/wp\/v2\/categories?post=548617"},{"taxonomy":"post_tag","embeddable":true,"href":"https:\/\/www.europesays.com\/fr\/wp-json\/wp\/v2\/tags?post=548617"}],"curies":[{"name":"wp","href":"https:\/\/api.w.org\/{rel}","templated":true}]}}