{"id":548687,"date":"2025-11-21T08:05:11","date_gmt":"2025-11-21T08:05:11","guid":{"rendered":"https:\/\/www.europesays.com\/fr\/548687\/"},"modified":"2025-11-21T08:05:11","modified_gmt":"2025-11-21T08:05:11","slug":"300-000-euros-et-des-bouchons-monstres-pour-reparer-le-pont-brule","status":"publish","type":"post","link":"https:\/\/www.europesays.com\/fr\/548687\/","title":{"rendered":"300.000 euros et des bouchons monstres pour r\u00e9parer le pont br\u00fbl\u00e9"},"content":{"rendered":"<p>L\u2019incendie du bus lors de la manifestation \u00ab\u00a0Bloquons tout\u00a0\u00bb du 10\u00a0septembre sur la rocade avait propuls\u00e9 Rennes <a href=\"https:\/\/www.20minutes.fr\/faits_divers\/faits-divers-rennes\/4172699-20250912-bloquons-tout-rennes-incendie-bus-cause-manifestants\" class=\"c-link c-link--is-underlined\" target=\"_blank\" rel=\"noopener\">sur toutes les cha\u00eenes d\u2019information<\/a>. Deux mois et demi plus tard, les cons\u00e9quences de ce feu vraisemblablement allum\u00e9 par des manifestants <a href=\"https:\/\/www.20minutes.fr\/rennes\/4175921-20250929-rennes-pont-incendie-pendant-manifestation-va-rouvrir-tout-monde\" class=\"c-link c-link--is-underlined\" target=\"_blank\" rel=\"noopener\">continuent de peser sur la population<\/a>. A compter de ce vendredi 21\u00a0novembre, ce sont les automobilistes qui risquent de les subir. Alors que des travaux de r\u00e9fection <a href=\"https:\/\/www.20minutes.fr\/rennes\/4184355-20251107-rennes-fortes-perturbations-pont-incendie-va-encore-fermer-etre-repare\" class=\"c-link c-link--is-underlined\" target=\"_blank\" rel=\"noopener\">seront men\u00e9s lors d\u2019un chantier 24 h\/24<\/a>, des bouchons monstrueux sont attendus sur la rocade de Rennes.<\/p>\n<p>Les \u00e9quipes de la Direction interd\u00e9partementale des routes de l\u2019Ouest (Diro) pr\u00e9voient \u00ab\u00a0des risques de bouchons estim\u00e9s entre 15 et 20\u00a0km\u00a0en continu de 7 heures du matin \u00e0 22 heures\u00a0\u00bb sur la rocade sud et <a href=\"https:\/\/www.20minutes.fr\/societe\/4173219-20250915-rennes-incendie-bus-rocade-perturbe-toujours-trafic-routier-ca-pourrait-encore-durer\" class=\"c-link c-link--is-underlined\" target=\"_blank\" rel=\"noopener\">un trafic ralenti sur tout l\u2019axe p\u00e9riph\u00e9rique<\/a>. Des \u00ab\u00a0r\u00e9percussions fortes\u00a0\u00bb sont aussi attendues sur l\u2019ensemble des axes m\u00e9tropolitains et d\u00e9partementaux notamment vers Vern-sur-Seiche, Noyal-Ch\u00e2tillon ou encore Chartres-de-Bretagne.<\/p>\n<\/p>\n<p>Un\u00a0ralentissement majeur sur toute la rocade, notamment tout le Grand Ouest de Rennes. Les \u00e9quipes de la Diro invitent l\u2019ensemble des usagers de la route \u00e0 \u00e9viter le secteur au maximum le temps des travaux, soit jusqu\u2019au 28\u00a0novembre, et \u00e0 privil\u00e9gier le t\u00e9l\u00e9travail quand cela est possible.<\/p>\n<p>Des travaux co\u00fbteux financ\u00e9s par l\u2019Etat<\/p>\n<p>D\u2019apr\u00e8s les premi\u00e8res estimations, ces travaux de consolidation \u00e0 base de b\u00e9ton projet\u00e9 co\u00fbteront au moins 300.000 euros, qui seront financ\u00e9s par l\u2019\u00c9tat. Plusieurs enqu\u00eates avaient \u00e9t\u00e9 ouvertes apr\u00e8s les d\u00e9gradations commises lors de cette manifestation et notamment l\u2019incendie du bus. Pour l\u2019heure, aucune interpellation n\u2019a eu lieu dans cette affaire. \u00ab\u00a0Les premiers \u00e9l\u00e9ments de l\u2019enqu\u00eate permettent de confirmer qu\u2019il s\u2019agit d\u2019un incendie volontaire par un manifestant\u00a0\u00bb, avait fait savoir le procureur de la R\u00e9publique Fr\u00e9d\u00e9ric Teillet.<\/p>\n","protected":false},"excerpt":{"rendered":"L\u2019incendie du bus lors de la manifestation \u00ab\u00a0Bloquons tout\u00a0\u00bb du 10\u00a0septembre sur la rocade avait propuls\u00e9 Rennes sur&hellip;\n","protected":false},"author":2,"featured_media":548688,"comment_status":"","ping_status":"","sticky":false,"template":"","format":"standard","meta":{"footnotes":""},"categories":[4],"tags":[47,11,7050,5455,829,3733,7063,7641,1011,27,848,1310,1272,12,5604,584,25,4797,104,2086],"class_list":{"0":"post-548687","1":"post","2":"type-post","3":"status-publish","4":"format-standard","5":"has-post-thumbnail","7":"category-france","8":"tag-actualite","9":"tag-actualites","10":"tag-bouchons","11":"tag-boulevard-peripherique","12":"tag-bretagne","13":"tag-casseurs","14":"tag-embouteillages","15":"tag-faits-divers-rennes","16":"tag-fr","17":"tag-france","18":"tag-ille-et-vilaine","19":"tag-incendie","20":"tag-manifestations","21":"tag-news","22":"tag-pont","23":"tag-rennes","24":"tag-republique-francaise","25":"tag-rocade","26":"tag-societe","27":"tag-travaux"},"share_on_mastodon":{"url":"https:\/\/pubeurope.com\/@fr\/115586657453211401","error":""},"_links":{"self":[{"href":"https:\/\/www.europesays.com\/fr\/wp-json\/wp\/v2\/posts\/548687","targetHints":{"allow":["GET"]}}],"collection":[{"href":"https:\/\/www.europesays.com\/fr\/wp-json\/wp\/v2\/posts"}],"about":[{"href":"https:\/\/www.europesays.com\/fr\/wp-json\/wp\/v2\/types\/post"}],"author":[{"embeddable":true,"href":"https:\/\/www.europesays.com\/fr\/wp-json\/wp\/v2\/users\/2"}],"replies":[{"embeddable":true,"href":"https:\/\/www.europesays.com\/fr\/wp-json\/wp\/v2\/comments?post=548687"}],"version-history":[{"count":0,"href":"https:\/\/www.europesays.com\/fr\/wp-json\/wp\/v2\/posts\/548687\/revisions"}],"wp:featuredmedia":[{"embeddable":true,"href":"https:\/\/www.europesays.com\/fr\/wp-json\/wp\/v2\/media\/548688"}],"wp:attachment":[{"href":"https:\/\/www.europesays.com\/fr\/wp-json\/wp\/v2\/media?parent=548687"}],"wp:term":[{"taxonomy":"category","embeddable":true,"href":"https:\/\/www.europesays.com\/fr\/wp-json\/wp\/v2\/categories?post=548687"},{"taxonomy":"post_tag","embeddable":true,"href":"https:\/\/www.europesays.com\/fr\/wp-json\/wp\/v2\/tags?post=548687"}],"curies":[{"name":"wp","href":"https:\/\/api.w.org\/{rel}","templated":true}]}}