{"id":548713,"date":"2025-11-21T08:22:20","date_gmt":"2025-11-21T08:22:20","guid":{"rendered":"https:\/\/www.europesays.com\/fr\/548713\/"},"modified":"2025-11-21T08:22:20","modified_gmt":"2025-11-21T08:22:20","slug":"enseignant-menace-a-rennes-inadmissible-et-incomprehensible-reagit-maud-bregeon-sur-tf1","status":"publish","type":"post","link":"https:\/\/www.europesays.com\/fr\/548713\/","title":{"rendered":"Enseignant menac\u00e9 \u00e0 Rennes : \u00ab\u00a0Inadmissible et incompr\u00e9hensible\u00a0\u00bb, r\u00e9agit Maud Bregeon sur TF1"},"content":{"rendered":"<ul class=\"jsx-862013697 ArticleChapo__List\">\n<li class=\"jsx-862013697 ArticleChapo__List_Item flex\">Un enseignant d&rsquo;une \u00e9cole maternelle publique de Rennes a \u00e9t\u00e9 victime de propos mena\u00e7ants de la part d&rsquo;une famille.<\/li>\n<li class=\"jsx-862013697 ArticleChapo__List_Item flex\">Les parents ne souhaitent pas qu&rsquo;un homme soit en contact avec de jeunes enfants.<\/li>\n<li class=\"jsx-862013697 ArticleChapo__List_Item flex\">Pour la porte-parole du gouvernement, les \u00e9l\u00e8ves ou les parents n&rsquo;ont \u00ab\u00a0pas \u00e0 choisir leur professeur ou le sexe des enseignants\u00a0\u00bb.<\/li>\n<\/ul>\n<p data-module=\"article-paragraph\" class=\"jsx-3046738180 Paragraph\">Des propos mena\u00e7ants et une vague de soutien unanime. Au sein de l&rsquo;\u00e9cole maternelle publique Cl\u00f4teaux, \u00e0 Rennes, un directeur de maternelle <a href=\"https:\/\/www.tf1info.fr\/justice-faits-divers\/video-reportage-rennes-des-parents-refusent-un-enseignant-masculin-pour-leur-fille-et-le-menacent-2407955.html\" target=\"_blank\" rel=\"noopener\">a \u00e9t\u00e9 menac\u00e9 de mort par le p\u00e8re d&rsquo;un \u00e9l\u00e8ve<\/a>, le 10 octobre dernier. Ce dernier refuse que l&rsquo;enseignant de sa fille soit un homme et a demand\u00e9 un changement de classe. C&rsquo;est le rejet de cette demande qui a provoqu\u00e9 l&rsquo;incident. L&rsquo;enseignant est en arr\u00eat maladie depuis cette date.\u00a0<\/p>\n<p data-module=\"article-paragraph\" class=\"jsx-3046738180 Paragraph Paragraph__End\">Devant les policiers, le directeur a \u00e9cart\u00e9 un motif religieux. Selon lui, les parents refusent qu&rsquo;un homme accompagne leur petite fille aux toilettes, avan\u00e7ant que seule une Atsem y est autoris\u00e9e, et pr\u00e9textent des risques de p\u00e9dophilie, m\u00eame si aucun signalement n&rsquo;a jamais \u00e9t\u00e9 fait concernant cette \u00e9cole.\u00a0<\/p>\n<blockquote data-testid=\"EmbedTwitter\" id=\"tweet-1991759302906855763-:R4ocmj9v79m:\" class=\"jsx-aeff1a1c40f54d7a twitter-tweet flex justify-center items-center\"><p>Enseignant menac\u00e9 de mort \u00e0 Rennes : \u00ab C&rsquo;est inadmissible. (&#8230;) Lorsqu&rsquo;on est parent, on ne choisit pas le professeur, on ne choisit pas le sexe de l&rsquo;enseignant. L&rsquo;\u00e9cole de la R\u00e9publique, c&rsquo;est l&rsquo;\u00e9cole pour tous \u00bb :  @MaudBregeon .  \ud83d\udcfa  #EnTouteFranchise avec  @agindre pic.twitter.com\/nRj8pav2Jp \u2014 TF1Info (@TF1Info)  November 21, 2025<\/p><\/blockquote>\n<p>\u00ab\u00a0L&rsquo;\u00e9cole, ce n&rsquo;est pas le supermarch\u00e9 des revendications\u00a0\u00bb<\/p>\n<p data-module=\"article-paragraph\" class=\"jsx-3046738180 Paragraph Paragraph__End\">Invit\u00e9e de \u00ab\u00a0Bonjour ! La Matinale sur TF1\u00a0\u00bb ce vendredi 21 novembre, <a href=\"https:\/\/www.tf1info.fr\/politique\/fin-de-vie-aide-a-mourir-soins-palliatifs-le-debat-devra-etre-tranche-avant-l-election-presidentielle-de-2027-assure-la-porte-parole-du-gouvernement-maud-bregeon-2401382.html\" target=\"_blank\" rel=\"noopener\">Maud Bregeon<\/a> a d\u00e9nonc\u00e9 les menaces \u00e0 l&rsquo;\u00e9gard de cet enseignant. \u00ab\u00a0C&rsquo;est inadmissible et incompr\u00e9hensible\u00a0\u00bb, a estim\u00e9 la porte-parole du gouvernement, apportant le \u00ab\u00a0soutien\u00a0\u00bb du gouvernement \u00e0 \u00ab\u00a0tous les enseignants\u00a0\u00bb.<\/p>\n<p><a href=\"https:\/\/www.tf1info.fr\/justice-faits-divers\/video-reportage-rennes-des-parents-refusent-un-enseignant-masculin-pour-leur-fille-et-le-menacent-2407955.html\" rel=\"noopener\" class=\"jsx-3308031228 Link flex\" target=\"_blank\"><img decoding=\"async\" src=\"https:\/\/www.europesays.com\/fr\/wp-content\/uploads\/2025\/11\/rennes-ecole-fermee-eb6777-0@1x.jpeg\" alt=\"Capture TF1\" loading=\"lazy\" importance=\"low\" fetchpriority=\"low\" class=\"\" aria-hidden=\"true\"\/><\/p>\n<p class=\"jsx-3657663356 ReadMoreArticle__Title\">Lire aussi<\/p>\n<p class=\"jsx-3657663356\">Rennes : des parents refusent un enseignant masculin pour leur fille et le menacent <\/p>\n<p><\/a><\/p>\n<p data-module=\"article-paragraph\" class=\"jsx-3046738180 Paragraph Paragraph__End\">\u00ab\u00a0Lorsqu&rsquo;on est \u00e9l\u00e8ve ou parent, on ne choisit pas son professeur, on ne choisit pas le sexe des enseignants, on ne choisit pas ses camarades d&rsquo;\u00e9cole\u00a0\u00bb, a soulign\u00e9 la porte-parole du gouvernement ce matin sur TF1. \u00ab\u00a0L&rsquo;\u00e9cole de la R\u00e9publique, c&rsquo;est l&rsquo;\u00e9cole pour tous, et \u00e7a ne peut pas \u00eatre autrement.\u00a0\u00bb La responsable Renaissance \u00ab\u00a0reprend \u00e0 son compte\u00a0\u00bb la formule de son coll\u00e8gue ministre de l&rsquo;\u00c9ducation nationale \u00c9douard Geffray selon laquelle \u00ab\u00a0l&rsquo;\u00e9cole, ce n&rsquo;est pas le supermarch\u00e9 des revendications individuelles\u00a0\u00bb. \u00ab\u00a0Il y a eu une r\u00e9action extr\u00eamement rapide de l&rsquo;institution avec des plaintes d\u00e9pos\u00e9es et une protection fonctionnelle accord\u00e9e\u00a0\u00bb, rappelle en outre Maud Bregeon.<\/p>\n<p>J.C<\/p>\n<p><script async src=\"https:\/\/platform.twitter.com\/widgets.js\" charset=\"utf-8\"><\/script><\/p>\n","protected":false},"excerpt":{"rendered":"Un enseignant d&rsquo;une \u00e9cole maternelle publique de Rennes a \u00e9t\u00e9 victime de propos mena\u00e7ants de la part d&rsquo;une&hellip;\n","protected":false},"author":2,"featured_media":548714,"comment_status":"","ping_status":"","sticky":false,"template":"","format":"standard","meta":{"footnotes":""},"categories":[2821],"tags":[1111,11,1921,829,1124,66649,1126,1777,674,1011,27,1922,2633,66650,12,584,25,15901,133,4530],"class_list":{"0":"post-548713","1":"post","2":"type-post","3":"status-publish","4":"format-standard","5":"has-post-thumbnail","7":"category-rennes","8":"tag-actu","9":"tag-actualites","10":"tag-article-video","11":"tag-bretagne","12":"tag-college","13":"tag-edouard-geffray","14":"tag-education-nationale","15":"tag-eu","16":"tag-europe","17":"tag-fr","18":"tag-france","19":"tag-info","20":"tag-lycee","21":"tag-maud-bregeon","22":"tag-news","23":"tag-rennes","24":"tag-republique-francaise","25":"tag-scolarite-ecole","26":"tag-video","27":"tag-video-politique"},"share_on_mastodon":{"url":"https:\/\/pubeurope.com\/@fr\/115586725000731078","error":""},"_links":{"self":[{"href":"https:\/\/www.europesays.com\/fr\/wp-json\/wp\/v2\/posts\/548713","targetHints":{"allow":["GET"]}}],"collection":[{"href":"https:\/\/www.europesays.com\/fr\/wp-json\/wp\/v2\/posts"}],"about":[{"href":"https:\/\/www.europesays.com\/fr\/wp-json\/wp\/v2\/types\/post"}],"author":[{"embeddable":true,"href":"https:\/\/www.europesays.com\/fr\/wp-json\/wp\/v2\/users\/2"}],"replies":[{"embeddable":true,"href":"https:\/\/www.europesays.com\/fr\/wp-json\/wp\/v2\/comments?post=548713"}],"version-history":[{"count":0,"href":"https:\/\/www.europesays.com\/fr\/wp-json\/wp\/v2\/posts\/548713\/revisions"}],"wp:featuredmedia":[{"embeddable":true,"href":"https:\/\/www.europesays.com\/fr\/wp-json\/wp\/v2\/media\/548714"}],"wp:attachment":[{"href":"https:\/\/www.europesays.com\/fr\/wp-json\/wp\/v2\/media?parent=548713"}],"wp:term":[{"taxonomy":"category","embeddable":true,"href":"https:\/\/www.europesays.com\/fr\/wp-json\/wp\/v2\/categories?post=548713"},{"taxonomy":"post_tag","embeddable":true,"href":"https:\/\/www.europesays.com\/fr\/wp-json\/wp\/v2\/tags?post=548713"}],"curies":[{"name":"wp","href":"https:\/\/api.w.org\/{rel}","templated":true}]}}