{"id":548717,"date":"2025-11-21T08:24:18","date_gmt":"2025-11-21T08:24:18","guid":{"rendered":"https:\/\/www.europesays.com\/fr\/548717\/"},"modified":"2025-11-21T08:24:18","modified_gmt":"2025-11-21T08:24:18","slug":"municipales-2026-a-strasbourg-pierre-jakubowicz-refuse-la-main-tendue-par-jean-philippe-vetter-et-accelere-sa-campagne","status":"publish","type":"post","link":"https:\/\/www.europesays.com\/fr\/548717\/","title":{"rendered":"Municipales 2026. \u00c0 Strasbourg, Pierre Jakubowicz refuse la main tendue par Jean-Philippe Vetter et acc\u00e9l\u00e8re sa campagne"},"content":{"rendered":"<p>Il a fallu un <a href=\"https:\/\/www.dna.fr\/elections\/2025\/09\/12\/strasbourg-avec-le-sondage-ifop-jean-philippe-vetter-entonne-l-hymne-de-l-union\" target=\"_blank\" rel=\"noopener\"> sondage Ifop, command\u00e9 par Jean-Philippe Vetter (LR)<\/a> , pour que la candidature &#8211; qui \u00e9tait bien lanc\u00e9e &#8211; de <a href=\"https:\/\/www.dna.fr\/p\/pierre-jakubowicz\" target=\"_blank\" rel=\"noopener\">Pierre Jakubowicz<\/a> s\u2019enraye, le pla\u00e7ant loin (avec 6\u00a0% des intentions de vote) derri\u00e8re son concurrent \u00e0 droite (24\u00a0%), arriv\u00e9 juste derri\u00e8re la candidate du PS <a href=\"https:\/\/www.dna.fr\/p\/catherine-trautmann\" target=\"_blank\" rel=\"noopener\">Catherine Trautmann<\/a> (25\u00a0%). Une fois le choc encaiss\u00e9, <a href=\"https:\/\/www.dna.fr\/elections\/2025\/09\/26\/pierre-jakubowicz-(horizons)-investi-par-edouard-philippe-comme-tete-de-liste-a-strasbourg\" target=\"_blank\" rel=\"noopener\">le candidat Horizons<\/a> , <a href=\"https:\/\/www.dna.fr\/politique\/2025\/10\/16\/gabriel-attal-en-visite-a-strasbourg-apporte-son-soutien-a-pierre-jakubowicz\" target=\"_blank\" rel=\"noopener\"> investi par Renaissance<\/a> dans la foul\u00e9e, s\u2019est remis en selle. De mani\u00e8re \u00e0 sillonner la ville avec son <a href=\"https:\/\/www.dna.fr\/elections\/2025\/11\/06\/pierre-jakubowicz-part-faire-le-tour-de-strasbourg-a-velo-pour-soumettre-ses-idees-au-vote\" target=\"_blank\" rel=\"noopener\">v\u00e9lo-cargo (le \u00ab\u00a0v\u00e9lo-vote\u00a0\u00bb)<\/a> comme pour se donner l\u2019\u00e9lan \u00e0 m\u00eame de cr\u00e9er une dynamique qui \u2013 \u00e0 en croire le sondage &#8211; n\u2019avait pas encore pris.<\/p>\n<p>La question d\u2019un ralliement \u00e9voqu\u00e9 publiquement lors du <a href=\"https:\/\/www.dna.fr\/elections\/2025\/11\/19\/jean-philippe-vetter-priorise-l-ordre-republicain-et-appelle-pierre-jakubowicz-a-le-rejoindre\" target=\"_blank\" rel=\"noopener\">r\u00e9cent meeting \u00e0 l\u2019Aubette de Jean-Philippe Vetter<\/a> (rejoint par <a href=\"https:\/\/www.dna.fr\/elections\/2025\/09\/20\/nicolas-matt-(renaissance)-se-range-derriere-jean-philippe-vetter-(lr)-a-strasbourg\" target=\"_blank\" rel=\"noopener\">le centriste Nicolas Matt<\/a> , ainsi que par sa <a href=\"https:\/\/www.dna.fr\/elections\/2025\/11\/15\/anne-reymann-et-anne-tenenbaum-rejoignent-la-dynamique-d-union-de-jean-philippe-vetter-a-strasbourg\" target=\"_blank\" rel=\"noopener\">bin\u00f4me \u00e0 la CEA Anne Reymann<\/a> ) n\u2019est pas la priorit\u00e9, visiblement. \u00c0 ce stade, Pierre Jakubowicz ne sort pas de son rail\u00a0: il d\u00e9roule le tempo de sa campagne. En attente sans doute d\u2019un hypoth\u00e9tique nouveau sondage -qui lui serait plus favorable- de nature \u00e0 enclencher une dynamique susceptible de le \u00ab\u00a0mener \u00e0 la victoire en mars prochain\u00a0\u00bb, explique son soutien Rebecca Breitman (MoDem).<\/p>\n<p>  Le candidat Horizons avance fa\u00e7on \u00ab\u00a0force tranquille\u00a0\u00bb<\/p>\n<p>Concr\u00e8tement, ce jeudi 20\u00a0novembre, soit presque quatre mois avant le scrutin, le candidat Horizons-Renaissance \u00e9dite un document original, sous la forme d\u2019un journal de huit pages, intitul\u00e9 \u00ab\u00a0Strasbourg, \u00e0 nouveau\u00a0!\u00a0\u00bb. En jaune et noir, il y \u00e9voque sa capacit\u00e9 d\u2019\u00e9coute en affichant des photos de ses quelque \u00ab\u00a0300 op\u00e9rations de terrain\u00a0\u00bb et \u00ab\u00a012\u00a0000 contributions citoyennes recueillies\u00a0\u00bb &#8211; \u00ab\u00a0pas sond\u00e9es par t\u00e9l\u00e9phone, mais par les c\u0153urs\u00a0\u00bb, glissera Etienne Loos (Renaissance), autre soutien. Des retours de terrain, preuves de la \u00ab\u00a0consid\u00e9ration\u00a0\u00bb port\u00e9e aux propos des Strasbourgeois.<\/p>\n<p>\u00c9dit\u00e9e et distribu\u00e9e \u00e0 quelque 120\u00a0000 exemplaires (dont 100\u00a0000 dans les bo\u00eetes aux lettres), la brochure \u00e9gratigne le mandat des \u00e9colos et trace les pistes pour panser les plaies et \u00ab\u00a0r\u00e9concilier\u00a0\u00bb les Strasbourgeois, gr\u00e2ce \u00e0 la \u00ab\u00a0m\u00e9thode Jaku\u00a0\u00bb &#8211; fa\u00e7on \u00ab\u00a0force tranquille\u00a0\u00bb. L\u2019\u00e9lu d\u2019opposition y pr\u00e9sente notamment le \u00ab\u00a0service apr\u00e8s-Verts\u00a0\u00bb qui r\u00e9sume tout ce qui ne va pas \u2013 ou plut\u00f4t qui ne va plus \u00e0 cause des \u00e9colos. Il y \u00e9voque aussi le besoin de \u00ab\u00a0recoller les morceaux d\u2019une ville qui veut y croire \u00e0 nouveau\u00a0\u00bb, gr\u00e2ce au \u00ab\u00a0retour du collectif\u00a0\u00bb.<\/p>\n<p>  \u00ab\u00a0Je ne cherche pas \u00e0 plaire, mais \u00e0 convaincre\u00a0\u00bb<\/p>\n<p>Autre bilan, celui de son action dans l\u2019opposition au conseil municipal. \u00c9lu parmi les plus prolifiques durant ce mandat, Pierre Jakubowicz y rappelle les \u00ab\u00a0500 dossiers trait\u00e9s et plus de 200 interpellations, r\u00e9solutions et motions\u00a0\u00bb et les \u00ab\u00a0r\u00e9sultats obtenus\u00a0\u00bb (tram nord, langue des signes, m\u00e9moire, patrimoine, s\u00e9curit\u00e9, social, d\u00e9mocratie). Dans son chapitre \u00ab\u00a0Ce qui va vraiment changer\u00a0\u00bb, il \u00e9graine quelques esquisses de propositions qui doivent, appuie-t-il, \u00ab\u00a0rendre aux Strasbourg le plaisir, la facilit\u00e9 et la fiert\u00e9\u00a0\u00bb.<\/p>\n<p>\u00ab\u00a0Je ne cherche pas \u00e0 plaire, mais \u00e0 convaincre\u00a0\u00bb, pr\u00e9cise-t-il \u00e0 ceux qui appellent \u00e0 l\u2019union tout de suite. Se montrant moins cigale que fourmi, Pierre Jakubowicz semble s\u00fbr de son projet &#8211; qui doit concilier \u00ab\u00a0l\u2019ordre et le progr\u00e8s\u00a0\u00bb. On attendra le mois de janvier pour en conna\u00eetre le d\u00e9tail, dit-il \u00e0 ceux qui se montrent impatients. Apr\u00e8s, il sera toujours temps de discuter d\u2019une \u00e9ventuelle \u00ab\u00a0coalition\u00a0\u00bb \u00e0 l\u2019allemande ou \u00e0 la suisse \u2013 avec les partis de l\u2019arc r\u00e9publicain, de Catherine Trautmann \u00e0 <a href=\"https:\/\/www.dna.fr\/p\/jean-philippe-vetter\" target=\"_blank\" rel=\"noopener\">Jean-Philippe Vetter<\/a> &#8211; autour d\u2019un projet commun. Histoire de \u00ab\u00a0ne pas appauvrir d\u2019ici-l\u00e0 le d\u00e9bat d\u00e9mocratique pour tourner la page Barseghian\u00a0\u00bb. De son c\u00f4t\u00e9, il sera outill\u00e9 pour avancer ses propositions.<\/p>\n","protected":false},"excerpt":{"rendered":"Il a fallu un sondage Ifop, command\u00e9 par Jean-Philippe Vetter (LR) , pour que la candidature &#8211; qui&hellip;\n","protected":false},"author":2,"featured_media":548718,"comment_status":"","ping_status":"","sticky":false,"template":"","format":"standard","meta":{"footnotes":""},"categories":[2820],"tags":[1111,11,2880,5949,4188,1777,674,107,1011,27,775,3540,6319,2759,12,316,3370,25,640,2879],"class_list":{"0":"post-548717","1":"post","2":"type-post","3":"status-publish","4":"format-standard","5":"has-post-thumbnail","7":"category-strasbourg","8":"tag-actu","9":"tag-actualites","10":"tag-edition-strasbourg","11":"tag-elections","12":"tag-elections-municipales","13":"tag-eu","14":"tag-europe","15":"tag-fil-info","16":"tag-fr","17":"tag-france","18":"tag-grand-est","19":"tag-horizons","20":"tag-les-republicains","21":"tag-modem","22":"tag-news","23":"tag-politique","24":"tag-renaissance","25":"tag-republique-francaise","26":"tag-strasbourg","27":"tag-strasbourg-ville"},"share_on_mastodon":{"url":"https:\/\/pubeurope.com\/@fr\/115586732132250937","error":""},"_links":{"self":[{"href":"https:\/\/www.europesays.com\/fr\/wp-json\/wp\/v2\/posts\/548717","targetHints":{"allow":["GET"]}}],"collection":[{"href":"https:\/\/www.europesays.com\/fr\/wp-json\/wp\/v2\/posts"}],"about":[{"href":"https:\/\/www.europesays.com\/fr\/wp-json\/wp\/v2\/types\/post"}],"author":[{"embeddable":true,"href":"https:\/\/www.europesays.com\/fr\/wp-json\/wp\/v2\/users\/2"}],"replies":[{"embeddable":true,"href":"https:\/\/www.europesays.com\/fr\/wp-json\/wp\/v2\/comments?post=548717"}],"version-history":[{"count":0,"href":"https:\/\/www.europesays.com\/fr\/wp-json\/wp\/v2\/posts\/548717\/revisions"}],"wp:featuredmedia":[{"embeddable":true,"href":"https:\/\/www.europesays.com\/fr\/wp-json\/wp\/v2\/media\/548718"}],"wp:attachment":[{"href":"https:\/\/www.europesays.com\/fr\/wp-json\/wp\/v2\/media?parent=548717"}],"wp:term":[{"taxonomy":"category","embeddable":true,"href":"https:\/\/www.europesays.com\/fr\/wp-json\/wp\/v2\/categories?post=548717"},{"taxonomy":"post_tag","embeddable":true,"href":"https:\/\/www.europesays.com\/fr\/wp-json\/wp\/v2\/tags?post=548717"}],"curies":[{"name":"wp","href":"https:\/\/api.w.org\/{rel}","templated":true}]}}