{"id":548721,"date":"2025-11-21T08:26:21","date_gmt":"2025-11-21T08:26:21","guid":{"rendered":"https:\/\/www.europesays.com\/fr\/548721\/"},"modified":"2025-11-21T08:26:21","modified_gmt":"2025-11-21T08:26:21","slug":"les-inquietudes-de-roberto-de-zerbi-om-avant-nice","status":"publish","type":"post","link":"https:\/\/www.europesays.com\/fr\/548721\/","title":{"rendered":"Les inqui\u00e9tudes de Roberto De Zerbi (OM) avant Nice"},"content":{"rendered":"<p>\t\t\tAfficher le sommaire Masquer le sommaire <\/p>\n<p>Si Roberto De Zerbi peut se r\u00e9jouir de r\u00e9cup\u00e9rer Leonardo Balerdi, Geoffrey Kondogbia et Timothy Weah, pour le d\u00e9placement \u00e0 Nice (20h45), en revanche, plusieurs soucis occupent l\u2019esprit de l\u2019entra\u00eeneur italien avant deux matchs d\u00e9cisifs \u00e0 disputer en cinq jours. Le premier concerne le pilier de sa d\u00e9fense. Absent pour le d\u00e9placement \u00e0 l\u2019Allianz Riviera, et sans doute la r\u00e9ception de Newcastle mardi, Nayef Aguerd va terriblement manquer aux Marseillais. D\u2019autant plus que Facundo Medina n\u2019est pas encore de retour, alors qu\u2019Amir Murillo a rejoint l\u2019infirmerie. La derni\u00e8re fois que la charni\u00e8re centrale Balerdi \u2013 Egan-Riley a \u00e9t\u00e9 align\u00e9, \u00e7a n\u2019a pas franchement \u00e9t\u00e9 une r\u00e9ussite (expulsion de Balerdi \u00e0 Lyon et d\u00e9faite 0-1).\u00a0<\/p>\n<p>Il y a trois jours, Pierre-Emile Hojbjerg vivait une terrible d\u00e9sillusion<\/p>\n<p>L\u2019autre point d\u2019inqui\u00e9tude concerne l\u2019\u00e9tat physique et psychologique des grands perdants de la tr\u00eave internationale : les Danois Pierre-Emile Hojbjerg et Matt O\u2019Riley, ainsi que Pierre-Emerick Aubameyang. Les deux premiers ont connu une terrible d\u00e9sillusion en Ecosse. Battu (2-4), le Danemark devra jouer les barrages pour esp\u00e9rer aller \u00e0 la Coupe du Monde. Capitaine de sa s\u00e9lection, Hojbjerg a jou\u00e9 la totalit\u00e9 des deux matchs (nul contre la Bosnie et d\u00e9faite en Ecosse), dont le dernier mardi, 72 heures avant Nice. O\u2019Riley, lui, est revenu tr\u00e8s frustr\u00e9. Le Marseillais n\u2019a pas jou\u00e9 la moindre minute et a vu son \u00e9quipe perdre un billet pour la Coupe du Monde qui lui tendait les bras.\u00a0<\/p>\n<p>L\u2019\u00e9quilibre reste tr\u00e8s fragile<\/p>\n<p>Pierre-Emerick Aubameyang, lui, n\u2019a m\u00eame plus les barrages pour esp\u00e9rer. Battu par le Nig\u00e9ria apr\u00e8s prolongation, le Gabon n\u2019a pas r\u00e9ussi l\u2019exploit et n\u2019ira pas au Mondial. Entre l\u2019obligation de faire un r\u00e9sultat \u00e0 Nice pour ne pas laisser le PSG s\u2019envoler, celle de pr\u00e9parer la r\u00e9ception de Newcastle et celle de remettre les t\u00eates \u00e0 l\u2019endroit, Roberto De Zerbi doit trouver un \u00e9quilibre, qui reste tr\u00e8s fragile.\u00a0<\/p>\n<p><strong>Le XI probable de l\u2019OM \u00e0 Nice : <\/strong>Rulli \u2013 Pavard, Egan-Riley (ou Kondogbia), Balerdi, Palmieri \u2013 Hojbjerg (ou Gomes), O\u2019Riley, Vermeeren \u2013 Greenwood, Aubameyang (ou Vaz), Paixao<\/p>\n","protected":false},"excerpt":{"rendered":"Afficher le sommaire Masquer le sommaire Si Roberto De Zerbi peut se r\u00e9jouir de r\u00e9cup\u00e9rer Leonardo Balerdi, Geoffrey&hellip;\n","protected":false},"author":2,"featured_media":548722,"comment_status":"","ping_status":"","sticky":false,"template":"","format":"standard","meta":{"footnotes":""},"categories":[2819],"tags":[1111,11,1777,674,1011,27,12,2401,149,882,25],"class_list":{"0":"post-548721","1":"post","2":"type-post","3":"status-publish","4":"format-standard","5":"has-post-thumbnail","7":"category-nice","8":"tag-actu","9":"tag-actualites","10":"tag-eu","11":"tag-europe","12":"tag-fr","13":"tag-france","14":"tag-news","15":"tag-nice","16":"tag-om","17":"tag-provence-alpes-cote-dazur","18":"tag-republique-francaise"},"share_on_mastodon":{"url":"https:\/\/pubeurope.com\/@fr\/115586740055760284","error":""},"_links":{"self":[{"href":"https:\/\/www.europesays.com\/fr\/wp-json\/wp\/v2\/posts\/548721","targetHints":{"allow":["GET"]}}],"collection":[{"href":"https:\/\/www.europesays.com\/fr\/wp-json\/wp\/v2\/posts"}],"about":[{"href":"https:\/\/www.europesays.com\/fr\/wp-json\/wp\/v2\/types\/post"}],"author":[{"embeddable":true,"href":"https:\/\/www.europesays.com\/fr\/wp-json\/wp\/v2\/users\/2"}],"replies":[{"embeddable":true,"href":"https:\/\/www.europesays.com\/fr\/wp-json\/wp\/v2\/comments?post=548721"}],"version-history":[{"count":0,"href":"https:\/\/www.europesays.com\/fr\/wp-json\/wp\/v2\/posts\/548721\/revisions"}],"wp:featuredmedia":[{"embeddable":true,"href":"https:\/\/www.europesays.com\/fr\/wp-json\/wp\/v2\/media\/548722"}],"wp:attachment":[{"href":"https:\/\/www.europesays.com\/fr\/wp-json\/wp\/v2\/media?parent=548721"}],"wp:term":[{"taxonomy":"category","embeddable":true,"href":"https:\/\/www.europesays.com\/fr\/wp-json\/wp\/v2\/categories?post=548721"},{"taxonomy":"post_tag","embeddable":true,"href":"https:\/\/www.europesays.com\/fr\/wp-json\/wp\/v2\/tags?post=548721"}],"curies":[{"name":"wp","href":"https:\/\/api.w.org\/{rel}","templated":true}]}}