{"id":548723,"date":"2025-11-21T08:27:38","date_gmt":"2025-11-21T08:27:38","guid":{"rendered":"https:\/\/www.europesays.com\/fr\/548723\/"},"modified":"2025-11-21T08:27:38","modified_gmt":"2025-11-21T08:27:38","slug":"en-loire-atlantique-cette-communaute-de-communes-met-le-paquet-sur-la-culture","status":"publish","type":"post","link":"https:\/\/www.europesays.com\/fr\/548723\/","title":{"rendered":"En Loire-Atlantique, cette communaut\u00e9 de communes met le paquet sur la culture"},"content":{"rendered":"<tr wp_automatic_readability=\"3.8928571428571\">\n<td valign=\"middle\" align=\"center\" class=\"col-logo\">\n    <img decoding=\"async\" src=\"https:\/\/www.europesays.com\/fr\/wp-content\/uploads\/2025\/04\/presse-ocean.gif\" alt=\"logo Presse-Oc\u00e9an\" height=\"66\"\/><\/p>\n<\/td>\n<td class=\"col-titre\">\n\t\t\tJeudi 20 novembre 2025 15:46<br \/>\n\t\t\t<a class=\"icon-bulle sizeL count\" href=\"#ancreAvis\"><br \/>\n\t&#8230;<br \/>\n<\/a><\/td>\n<\/tr>\n<p>\t\t<a class=\"mavillebox2 elmt-photo\" href=\"https:\/\/maville.com\/photosmvi\/2025\/11\/20\/P35591975D7072632G.jpg\" title=\" Ren\u00e9 Phalippou, directeur r\u00e9gional adjoint des affaires culturelles\u00a0; Dominique Poirout, vice-pr\u00e9sidente culture et patrimoine du d\u00e9partement et Marine Guilloux, vice pr\u00e9sidente d\u00e9l\u00e9gu\u00e9e \u00e0 la culture \u00e0 la CCEG.  \u00a9  Photo Presse Oc\u00e9an  \" rel=\"galerie_actu noopener\" target=\"_blank\"><br \/>\n\t<img decoding=\"async\" src=\"https:\/\/www.europesays.com\/fr\/wp-content\/uploads\/2025\/11\/P35591975D7072632G_crop_640-330_.jpg\" alt=\"photo  ren\u00e9 phalippou, directeur r\u00e9gional adjoint des affaires culturelles\u00a0; dominique poirout, vice-pr\u00e9sidente culture et patrimoine du d\u00e9partement et marine guilloux, vice pr\u00e9sidente d\u00e9l\u00e9gu\u00e9e \u00e0 la culture \u00e0 la cceg.  \u00a9  photo presse oc\u00e9an \"\/><br \/>\n\t1<br \/>\n<\/a><\/p>\n<p class=\"elmt-legende\"> Ren\u00e9 Phalippou, directeur r\u00e9gional adjoint des affaires culturelles\u00a0; Dominique Poirout, vice-pr\u00e9sidente culture et patrimoine du d\u00e9partement et Marine Guilloux, vice pr\u00e9sidente d\u00e9l\u00e9gu\u00e9e \u00e0 la culture \u00e0 la CCEG.  \u00a9  Photo Presse Oc\u00e9an  <\/p>\n<p>\t\tLa communaut\u00e9 de communes Erdre et Gesvres a sign\u00e9 une convention avec le D\u00e9partement de Loire-Atlantique et l\u2019\u00c9tat pour d\u00e9velopper la culture sur son territoire. Un investissement de plus de 360 000 euros.<\/p>\n<p><b>Cet article est r\u00e9serv\u00e9 aux abonn\u00e9s<\/b><\/p>\n<p>Pour un acc\u00e8s imm\u00e9diat, abonnez-vous<\/p>\n<p><b>1\u00e8re semaine offerte<\/b><\/p>\n<p>\t\tPresse-Oc\u00e9an<\/p>\n<p>Retrouvez d&rsquo;autres actus sur la commune de :<\/p>\n<p>\t\t&#13;<\/p>\n","protected":false},"excerpt":{"rendered":"Jeudi 20 novembre 2025 15:46 &#8230; 1 Ren\u00e9 Phalippou, directeur r\u00e9gional adjoint des affaires culturelles\u00a0; Dominique Poirout, vice-pr\u00e9sidente&hellip;\n","protected":false},"author":2,"featured_media":548724,"comment_status":"","ping_status":"","sticky":false,"template":"","format":"standard","meta":{"footnotes":""},"categories":[2818],"tags":[1111,11,4371,1674,251,1777,674,1011,27,3047,3736,766,12,48786,2636,25],"class_list":{"0":"post-548723","1":"post","2":"type-post","3":"status-publish","4":"format-standard","5":"has-post-thumbnail","7":"category-nantes","8":"tag-actu","9":"tag-actualites","10":"tag-communaute","11":"tag-communes","12":"tag-culture","13":"tag-eu","14":"tag-europe","15":"tag-fr","16":"tag-france","17":"tag-loire-atlantique","18":"tag-met","19":"tag-nantes","20":"tag-news","21":"tag-paquet","22":"tag-pays-de-la-loire","23":"tag-republique-francaise"},"share_on_mastodon":{"url":"https:\/\/pubeurope.com\/@fr\/115586744643049936","error":""},"_links":{"self":[{"href":"https:\/\/www.europesays.com\/fr\/wp-json\/wp\/v2\/posts\/548723","targetHints":{"allow":["GET"]}}],"collection":[{"href":"https:\/\/www.europesays.com\/fr\/wp-json\/wp\/v2\/posts"}],"about":[{"href":"https:\/\/www.europesays.com\/fr\/wp-json\/wp\/v2\/types\/post"}],"author":[{"embeddable":true,"href":"https:\/\/www.europesays.com\/fr\/wp-json\/wp\/v2\/users\/2"}],"replies":[{"embeddable":true,"href":"https:\/\/www.europesays.com\/fr\/wp-json\/wp\/v2\/comments?post=548723"}],"version-history":[{"count":0,"href":"https:\/\/www.europesays.com\/fr\/wp-json\/wp\/v2\/posts\/548723\/revisions"}],"wp:featuredmedia":[{"embeddable":true,"href":"https:\/\/www.europesays.com\/fr\/wp-json\/wp\/v2\/media\/548724"}],"wp:attachment":[{"href":"https:\/\/www.europesays.com\/fr\/wp-json\/wp\/v2\/media?parent=548723"}],"wp:term":[{"taxonomy":"category","embeddable":true,"href":"https:\/\/www.europesays.com\/fr\/wp-json\/wp\/v2\/categories?post=548723"},{"taxonomy":"post_tag","embeddable":true,"href":"https:\/\/www.europesays.com\/fr\/wp-json\/wp\/v2\/tags?post=548723"}],"curies":[{"name":"wp","href":"https:\/\/api.w.org\/{rel}","templated":true}]}}