{"id":548725,"date":"2025-11-21T08:28:31","date_gmt":"2025-11-21T08:28:31","guid":{"rendered":"https:\/\/www.europesays.com\/fr\/548725\/"},"modified":"2025-11-21T08:28:31","modified_gmt":"2025-11-21T08:28:31","slug":"municipales-a-nantes-et-une-tuile-de-plus-du-cote-des-insoumis-nantais","status":"publish","type":"post","link":"https:\/\/www.europesays.com\/fr\/548725\/","title":{"rendered":"Municipales \u00e0 Nantes. Et une tuile de plus du c\u00f4t\u00e9 des insoumis nantais"},"content":{"rendered":"<p>Les emmerdes, \u00e7a vole toujours en escadrille, disait Chirac. Les militants nantais de la France insoumise pourraient ruminer ce c\u00e9l\u00e8bre aphorisme de l\u2019ancien pr\u00e9sident RPR.<\/p>\n<p>\u00c0 quatre mois de l\u2019\u00e9lection municipale de Nantes (Loire-Atlantique) et apr\u00e8s une longue crise li\u00e9e \u00e0 une d\u00e9nonciation de viol au sein du mouvement, qui avait entra\u00een\u00e9 la mise \u00e0 l\u2019\u00e9cart de la co-cheffe de file Marina Ferreruela, fin ao\u00fbt, le directeur de campagne (1) et la charg\u00e9e de communication ont quitt\u00e9 l\u2019\u00e9quipe de campagne.<\/p>\n<p><strong>\u00ab\u00a0C\u2019est la cata,<\/strong> t\u00e9moigne un militant.<strong> Les deux salari\u00e9s de la campagne, le directeur et la charg\u00e9e de communication ont d\u00e9missionn\u00e9 en d\u00e9but de semaine.\u00a0\u00bb<\/strong><\/p>\n<p>\u00ab\u00a0Les cadres du parti sont d\u00e9courag\u00e9s\u00a0\u00bb<\/p>\n<p>En cause, si l\u2019on en croit nos sources, la personnalit\u00e9 de William Aucant, l\u2019un des deux chefs de file qui s\u2019\u00e9tait affich\u00e9 tout sourire avec sa nouvelle bin\u00f4me, Erika Cadersah, le 8\u00a0octobre. Moins d\u2019un mois apr\u00e8s, le torchon roussit s\u00e9rieusement entre les deux leaders de la France insoumise nantaise. \u00c0 tel point que le d\u00e9put\u00e9 de la r\u00e9gion parisienne, Paul Vannier, cadre influent du parti, a d\u00fb taper du poing sur la table. Pour les <strong>\u00ab\u00a0recadrer\u00a0\u00bb<\/strong>. William Aucant temp\u00e8re\u00a0: <strong>\u00ab\u00a0Avec Erika, on se d\u00e9couvre, on se voit tous les jours. Mais je suis convaincu que nous avons deux personnalit\u00e9s compl\u00e9mentaires.\u00a0\u00bb<\/strong><\/p>\n<p>Pas tout \u00e0 fait le regard d\u2019un membre de son entourage\u00a0: \u00ab<strong>\u00a0William cherche \u00e0 invisibiliser Erika. Les cadres du parti sont d\u00e9courag\u00e9s.\u00a0\u00bb<\/strong> Autre commentaire amer d\u2019un ancien cadre des insoumis nantais\u00a0: <strong>\u00ab\u00a0Il n\u2019y a pas d\u2019\u00e9quipe et pas vraiment de bin\u00f4me.\u00a0\u00bb<\/strong><\/p>\n<p>Ce d\u00e9but de campagne poussif de LFI peut-il donner des id\u00e9es \u00e0 Margot Medkour, candidate de la liste Nantes en commun en 2020\u00a0? Elle prend souvent la plume sur les r\u00e9seaux sociaux pour commenter, avec s\u00e9v\u00e9rit\u00e9, les faits et gestes de la maire socialiste sortante Johanna Rolland (PS) et de Foulques Chombart de Lauwe (LR). <a href=\"https:\/\/nantes.maville.com\/actu\/actudet_-municipales-2026-a-nantes.-margot-medkour-prete-a-revenir-dans-la-course-_52716-6967923_actu.Htm\" target=\"_self\" rel=\"noopener\">Dans nos colonnes, en septembre dernier, face aux difficult\u00e9s \u2013 d\u00e9j\u00e0 \u2013 des insoumis et \u00e0 l\u2019hypoth\u00e8se d\u2019une candidature de sa part, elle lan\u00e7ait\u00a0: <\/a> <strong> <a href=\"https:\/\/nantes.maville.com\/actu\/actudet_-municipales-2026-a-nantes.-margot-medkour-prete-a-revenir-dans-la-course-_52716-6967923_actu.Htm\" target=\"_self\" rel=\"noopener\">\u00ab\u00a0Je prendrai mes responsabilit\u00e9s.\u00a0\u00bb<\/a> <\/strong> En 2020, sa liste avait obtenu un inattendu 8,95\u00a0% des suffrages.<\/p>\n<p>(1) Il est remplac\u00e9 par Maxime Viancin, qui fut candidat aux l\u00e9gislatives dans le vignoble nantais.<\/p>\n<p>\u00a0<\/p>\n","protected":false},"excerpt":{"rendered":"Les emmerdes, \u00e7a vole toujours en escadrille, disait Chirac. Les militants nantais de la France insoumise pourraient ruminer&hellip;\n","protected":false},"author":2,"featured_media":548726,"comment_status":"","ping_status":"","sticky":false,"template":"","format":"standard","meta":{"footnotes":""},"categories":[2818],"tags":[1111,11,3136,1777,674,1011,27,31899,2047,3554,4715,766,12,2636,25,66651],"class_list":{"0":"post-548725","1":"post","2":"type-post","3":"status-publish","4":"format-standard","5":"has-post-thumbnail","7":"category-nantes","8":"tag-actu","9":"tag-actualites","10":"tag-cote","11":"tag-eu","12":"tag-europe","13":"tag-fr","14":"tag-france","15":"tag-insoumis","16":"tag-mans","17":"tag-municipales","18":"tag-nantais","19":"tag-nantes","20":"tag-news","21":"tag-pays-de-la-loire","22":"tag-republique-francaise","23":"tag-tuile"},"share_on_mastodon":{"url":"https:\/\/pubeurope.com\/@fr\/115586747909802448","error":""},"_links":{"self":[{"href":"https:\/\/www.europesays.com\/fr\/wp-json\/wp\/v2\/posts\/548725","targetHints":{"allow":["GET"]}}],"collection":[{"href":"https:\/\/www.europesays.com\/fr\/wp-json\/wp\/v2\/posts"}],"about":[{"href":"https:\/\/www.europesays.com\/fr\/wp-json\/wp\/v2\/types\/post"}],"author":[{"embeddable":true,"href":"https:\/\/www.europesays.com\/fr\/wp-json\/wp\/v2\/users\/2"}],"replies":[{"embeddable":true,"href":"https:\/\/www.europesays.com\/fr\/wp-json\/wp\/v2\/comments?post=548725"}],"version-history":[{"count":0,"href":"https:\/\/www.europesays.com\/fr\/wp-json\/wp\/v2\/posts\/548725\/revisions"}],"wp:featuredmedia":[{"embeddable":true,"href":"https:\/\/www.europesays.com\/fr\/wp-json\/wp\/v2\/media\/548726"}],"wp:attachment":[{"href":"https:\/\/www.europesays.com\/fr\/wp-json\/wp\/v2\/media?parent=548725"}],"wp:term":[{"taxonomy":"category","embeddable":true,"href":"https:\/\/www.europesays.com\/fr\/wp-json\/wp\/v2\/categories?post=548725"},{"taxonomy":"post_tag","embeddable":true,"href":"https:\/\/www.europesays.com\/fr\/wp-json\/wp\/v2\/tags?post=548725"}],"curies":[{"name":"wp","href":"https:\/\/api.w.org\/{rel}","templated":true}]}}