{"id":548789,"date":"2025-11-21T09:08:14","date_gmt":"2025-11-21T09:08:14","guid":{"rendered":"https:\/\/www.europesays.com\/fr\/548789\/"},"modified":"2025-11-21T09:08:14","modified_gmt":"2025-11-21T09:08:14","slug":"jai-du-vraiment-survivre-lio-se-confie-sans-fard-pour-la-sortie-de-son-nouvel-album-le-parisien","status":"publish","type":"post","link":"https:\/\/www.europesays.com\/fr\/548789\/","title":{"rendered":"\u00ab J\u2019ai d\u00fb vraiment survivre \u00bb : Lio se confie sans fard pour la sortie de son nouvel album &#8211; Le Parisien"},"content":{"rendered":"<ol>\n<li><a href=\"https:\/\/news.google.com\/rss\/articles\/CBMihgJBVV95cUxNeEJoS3dtejk2Yk1nNzZoRzd1eGRzY2JwWHBJbGdudDRGclJZaS0zendELW1wUmhOSlRDV2FtbXpoNHEzT3QxU3B3T2N1MmFrbVVpbFlIUE1xdFRwVE5icDV2T01wUjZ6WXRoMjBaaFBvYVpnRzBPaWR3MlhodjcwMUpVSGJfVS1aQ1ZpQ2tBeUs5akEtMEhRQ2F2YnJfUGdWOHdoMkQwWVZTY1M4U3d2VGladHJhcmJTenh2SnFtZGUwLTFtaUlMcVNSaW5wNWpUbGh6UUZTc3RNOFdvVk9kMXV0amxZZU0tWHNVVnduVlBvVFQtUzhGdVBPR1JwOXp3N2lQZm9R?oc=5\" target=\"_blank\" rel=\"nofollow noopener\">\u00ab J\u2019ai d\u00fb vraiment survivre \u00bb : Lio se confie sans fard pour la sortie de son nouvel album<\/a>&nbsp;&nbsp;Le Parisien<\/li>\n<li><a href=\"https:\/\/news.google.com\/rss\/articles\/CBMiqgJBVV95cUxQakFFV2VFbFYxekhVQ1YwcHhFeWRkSHRPRUNiZkZOcTdzNWRCNTJ2Y0JhMVRjeTAxVjlPTWxxUTY0T056U3NHclZaU001ZEpjNTVYY3NON0QtRzZLR2lGeWdpcjlTd0psamNFb0NoOE9ESlNnaXR4ZWo0dm9RLVZPVVZDVkpVaTJuMml2bzVlLWhtckJMZU9pUFJqQTJIN0JPTDVhejh5ZXdfcXhFaDZ4bWROTVJzQnBtXy1DZXVYUEhMZHpaSUtqVl9BU1dIdkRPSkVBT0VLZjFtYWhtbHFicS1STXVPaU1VWDNnSTdCeU1yTDhXQ05oVUEycUtUWFkwNUlsRjVmaFZ4MEdMR1FYTi1ib0wwcU0ySXk3b0Y2dUFfNUIwQ0J5SmFR?oc=5\" target=\"_blank\" rel=\"nofollow noopener\">\u00ab\u00a0C&rsquo;est inimaginable de perdre un enfant\u00a0\u00bb : sur RTL, Lio \u00e9voque le suicide de son fils Diego et le besoin de traiter le sujet de la sant\u00e9 mentale des jeunes<\/a>&nbsp;&nbsp;RTL.fr<\/li>\n<li><a href=\"https:\/\/news.google.com\/rss\/articles\/CBMi3gFBVV95cUxQeGRORkkySmpydno2ZUJtWVpfZEtZajY1YXBNRXF5NFhqUXJKcDJuN2hqSHltZXpOTm5tVC12ZGVtMzM1blFCUkZaaHZXMVRza2h1LW1vX00yb3dsLUVEQ2hDQy1qV3c0Z2doRWU2Nm0xZVVvd1l2YnJ0S0NQX2kyQVNOakdJd2JKaHRwdjVObl9Ga0tyZ1RtdTl6cmE2Q25iSTVTQVJuR2JEUUtGRk5tSjhhRnNnV2NVbEFCWThJUUlGbFVzX2Z0YVpmN0VEV2dsemlLR3RCcFJ1RzJ0YXc?oc=5\" target=\"_blank\" rel=\"nofollow noopener\">Lio \u00e9mue, elle revient sur la disparition de son fils Diego : \u201cQuand la mort s\u2019invite, il vaut mieux\u2026\u201d<\/a>&nbsp;&nbsp;Gala<\/li>\n<li><a href=\"https:\/\/news.google.com\/rss\/articles\/CBMi4wFBVV95cUxQajJqZVViYTVYRXRBTzVBNElZRW81eFY5d1o0eWhQYW1qMjhyOXpxazJFb0NEamNVX2VNVFNySHozRWJUMzZJbWhRMDVCNkp2MTNVRHdYM01GYVpHNHRzSndRVUVZQUJGUWJROW9scHJ5bGdKaF8zMDNNbm1kY09DSmFmME9Sb1J6T2dzWFBuTi1LZjlRbngycktyc0dkQkVUc0s0RFNiWVZrT3VyeXN5dFdycTZ5OENTUkpGUkdMZjNldVk2M0lUUTgtMmI1WjZKSFBuQlNncERuRl91c0QxcExraw?oc=5\" target=\"_blank\" rel=\"nofollow noopener\">VID\u00c9O \u00ab\u00a0La mort s\u2019est invit\u00e9e\u00a0\u00bb : Lio offre \u00e0 Diego, son fils d\u00e9c\u00e9d\u00e9 il y a 8 mois, le plus beau des hommages<\/a>&nbsp;&nbsp;Midi Libre<\/li>\n<li><a href=\"https:\/\/news.google.com\/rss\/articles\/CBMidkFVX3lxTE0zTmI5bXBqNGk2c0h6WFRCeXNkSUJObXkzUXFQdVE5cmVLRFBwQVRRN0x5UVNhaVpJY0I4dWh3UTdQb0F4OWxOazRNUmNNQWUtdFhjUFd3ZWEyMWRnUWhKVFFfOXk2TVhpcHVteC1ZQ3ZSTDJta3c?oc=5\" target=\"_blank\" rel=\"nofollow noopener\">Lio : \u00ab Le fait de vivre est une force donc vieillir est une chance \u00bb<\/a>&nbsp;&nbsp;Yahoo Life France<\/li>\n<\/ol>\n","protected":false},"excerpt":{"rendered":"\u00ab J\u2019ai d\u00fb vraiment survivre \u00bb : Lio se confie sans fard pour la sortie de son nouvel&hellip;\n","protected":false},"author":2,"featured_media":548790,"comment_status":"","ping_status":"","sticky":false,"template":"","format":"standard","meta":{"footnotes":""},"categories":[1355],"tags":[872,58,59,1011,27,1361,873],"class_list":{"0":"post-548789","1":"post","2":"type-post","3":"status-publish","4":"format-standard","5":"has-post-thumbnail","7":"category-musique","8":"tag-culture-et-loisirs","9":"tag-divertissement","10":"tag-entertainment","11":"tag-fr","12":"tag-france","13":"tag-music","14":"tag-musique"},"share_on_mastodon":{"url":"https:\/\/pubeurope.com\/@fr\/115586905135708309","error":""},"_links":{"self":[{"href":"https:\/\/www.europesays.com\/fr\/wp-json\/wp\/v2\/posts\/548789","targetHints":{"allow":["GET"]}}],"collection":[{"href":"https:\/\/www.europesays.com\/fr\/wp-json\/wp\/v2\/posts"}],"about":[{"href":"https:\/\/www.europesays.com\/fr\/wp-json\/wp\/v2\/types\/post"}],"author":[{"embeddable":true,"href":"https:\/\/www.europesays.com\/fr\/wp-json\/wp\/v2\/users\/2"}],"replies":[{"embeddable":true,"href":"https:\/\/www.europesays.com\/fr\/wp-json\/wp\/v2\/comments?post=548789"}],"version-history":[{"count":0,"href":"https:\/\/www.europesays.com\/fr\/wp-json\/wp\/v2\/posts\/548789\/revisions"}],"wp:featuredmedia":[{"embeddable":true,"href":"https:\/\/www.europesays.com\/fr\/wp-json\/wp\/v2\/media\/548790"}],"wp:attachment":[{"href":"https:\/\/www.europesays.com\/fr\/wp-json\/wp\/v2\/media?parent=548789"}],"wp:term":[{"taxonomy":"category","embeddable":true,"href":"https:\/\/www.europesays.com\/fr\/wp-json\/wp\/v2\/categories?post=548789"},{"taxonomy":"post_tag","embeddable":true,"href":"https:\/\/www.europesays.com\/fr\/wp-json\/wp\/v2\/tags?post=548789"}],"curies":[{"name":"wp","href":"https:\/\/api.w.org\/{rel}","templated":true}]}}