{"id":548799,"date":"2025-11-21T09:13:16","date_gmt":"2025-11-21T09:13:16","guid":{"rendered":"https:\/\/www.europesays.com\/fr\/548799\/"},"modified":"2025-11-21T09:13:16","modified_gmt":"2025-11-21T09:13:16","slug":"voici-la-meilleure-offre-sur-les-ecouteurs-apple","status":"publish","type":"post","link":"https:\/\/www.europesays.com\/fr\/548799\/","title":{"rendered":"voici la meilleure offre sur les \u00e9couteurs Apple"},"content":{"rendered":"<p><strong>Alors qu&rsquo;on les retrouve tr\u00e8s rarement en promo, les AirPods Pro 3 voient leur prix chuter pendant le Singles Day. Les \u00e9couteurs d&rsquo;Apple profitent d&rsquo;une double r\u00e9duction, dont un code promo valable seulement aujourd&rsquo;hui.<\/strong><\/p>\n<p><img fetchpriority=\"high\" decoding=\"async\" class=\"aligncenter size-full wp-image-2675328\" src=\"https:\/\/www.europesays.com\/fr\/wp-content\/uploads\/2025\/11\/airpods-pro-3.jpg\" alt=\"AirPods Pro 3\" width=\"1200\" height=\"750\"  \/><\/p>\n<p>\u00a0<\/p>\n<p style=\"text-align: center;\">Je profite de ce bon plan<\/p>\n<p>Les <strong>AirPods Pro 3 <\/strong>ont \u00e9t\u00e9 lanc\u00e9s en septembre \u00e0 249,99 \u20ac. Ils sont depuis fig\u00e9s \u00e0 ce prix quasi-ind\u00e9boulonnable, mais gr\u00e2ce au Black Friday, vous pouvez profiter d&rsquo;une r\u00e9duction exceptionnelle sur les derniers \u00e9couteurs d&rsquo;Apple qui passent ainsi <strong>\u00e0 234,99 \u20ac<\/strong> chez Cdiscount<strong>.<\/strong><\/p>\n<p>Pour profiter de cette r\u00e9duction, n&rsquo;oubliez pas de renseigner le code promo <strong>15DES129<\/strong>. Les AirPods Pro 3 tombent ainsi \u00e0 leur prix le plus bas, hors place de march\u00e9. Notez que les \u00e9couteurs Apple sont vendus et exp\u00e9di\u00e9s par Cdiscount.<\/p>\n<p>AirPods Pro 3 : \u00e0 peine lanc\u00e9s, et d\u00e9j\u00e0 une belle r\u00e9duction<\/p>\n<p>Les AirPods Pro 3 sont les meilleurs \u00e9couteurs Apple du moment. Lanc\u00e9s au m\u00eame moment que la s\u00e9rie iPhone 17, ils succ\u00e8dent \u00e0 la deuxi\u00e8me g\u00e9n\u00e9ration, trois ans apr\u00e8s leur sortie. Plusieurs am\u00e9liorations sont \u00e0 noter, dont l&rsquo;int\u00e9gration d&rsquo;un <strong>capteur de fr\u00e9quence cardiaque <\/strong>: une premi\u00e8re pour des AirPods, sachant que cette fonctionnalit\u00e9 est traditionnellement r\u00e9serv\u00e9e aux Apple Watch.<\/p>\n<p>Cette fonction associ\u00e9e \u00e0 l&rsquo;am\u00e9lioration de la tenue dans les oreilles rend les AirPods Pro 3 encore plus pratiques pour les sportifs. Ils pourront suivre leur fr\u00e9quence cardiaque ainsi que les calories br\u00fbl\u00e9es depuis l&rsquo;application Forme.<\/p>\n<p>La r\u00e9duction de bruit active des AirPods Pro 3 est par ailleurs deux fois plus efficace que celle des AirPods Pro 2. Comme autre nouveaut\u00e9, ils proposent d\u00e9sormais de la <strong>traduction\/interpr\u00e9tation vocale en temps r\u00e9el<\/strong>. Cette fonctionnalit\u00e9 brise la barri\u00e8re linguistique en permettant aux utilisateurs qui parlent des langues diff\u00e9rentes de se comprendre. Si votre interlocuteur n&rsquo;a pas d&rsquo;AirPods, il pourra vous \u00e9couter gr\u00e2ce au haut-parleur de votre iPhone.<\/p>\n<p style=\"text-align: center;\">Je profite de ce bon plan<\/p>\n<p>Enfin, les AirPods Pro 3 offrent une autonomie allant <strong>jusqu&rsquo;\u00e0 8 heures <\/strong>en une charge (avec ANC) et <strong>jusqu\u2019\u00e0 10 heures <\/strong>sans r\u00e9duction de bruit. Avec le bo\u00eetier de charge, cette autonomie peut aller jusqu&rsquo;\u00e0 24 heures.<\/p>\n","protected":false},"excerpt":{"rendered":"Alors qu&rsquo;on les retrouve tr\u00e8s rarement en promo, les AirPods Pro 3 voient leur prix chuter pendant le&hellip;\n","protected":false},"author":2,"featured_media":548800,"comment_status":"","ping_status":"","sticky":false,"template":"","format":"standard","meta":{"footnotes":""},"categories":[7],"tags":[1011,27,43,40,41,39,42,44],"class_list":{"0":"post-548799","1":"post","2":"type-post","3":"status-publish","4":"format-standard","5":"has-post-thumbnail","7":"category-sciences-et-technologies","8":"tag-fr","9":"tag-france","10":"tag-science","11":"tag-science-and-technology","12":"tag-sciences","13":"tag-sciences-et-technologies","14":"tag-technologies","15":"tag-technology"},"share_on_mastodon":{"url":"https:\/\/pubeurope.com\/@fr\/115586925092602543","error":""},"_links":{"self":[{"href":"https:\/\/www.europesays.com\/fr\/wp-json\/wp\/v2\/posts\/548799","targetHints":{"allow":["GET"]}}],"collection":[{"href":"https:\/\/www.europesays.com\/fr\/wp-json\/wp\/v2\/posts"}],"about":[{"href":"https:\/\/www.europesays.com\/fr\/wp-json\/wp\/v2\/types\/post"}],"author":[{"embeddable":true,"href":"https:\/\/www.europesays.com\/fr\/wp-json\/wp\/v2\/users\/2"}],"replies":[{"embeddable":true,"href":"https:\/\/www.europesays.com\/fr\/wp-json\/wp\/v2\/comments?post=548799"}],"version-history":[{"count":0,"href":"https:\/\/www.europesays.com\/fr\/wp-json\/wp\/v2\/posts\/548799\/revisions"}],"wp:featuredmedia":[{"embeddable":true,"href":"https:\/\/www.europesays.com\/fr\/wp-json\/wp\/v2\/media\/548800"}],"wp:attachment":[{"href":"https:\/\/www.europesays.com\/fr\/wp-json\/wp\/v2\/media?parent=548799"}],"wp:term":[{"taxonomy":"category","embeddable":true,"href":"https:\/\/www.europesays.com\/fr\/wp-json\/wp\/v2\/categories?post=548799"},{"taxonomy":"post_tag","embeddable":true,"href":"https:\/\/www.europesays.com\/fr\/wp-json\/wp\/v2\/tags?post=548799"}],"curies":[{"name":"wp","href":"https:\/\/api.w.org\/{rel}","templated":true}]}}