{"id":548819,"date":"2025-11-21T09:27:11","date_gmt":"2025-11-21T09:27:11","guid":{"rendered":"https:\/\/www.europesays.com\/fr\/548819\/"},"modified":"2025-11-21T09:27:11","modified_gmt":"2025-11-21T09:27:11","slug":"palpations-fouilles-identites-relevees-lexercice-dintrusion-au-college-a-t-il-derape","status":"publish","type":"post","link":"https:\/\/www.europesays.com\/fr\/548819\/","title":{"rendered":"palpations, fouilles, identit\u00e9s relev\u00e9es\u2026 l\u2019exercice d\u2019intrusion au coll\u00e8ge a-t-il d\u00e9rap\u00e9\u00a0?"},"content":{"rendered":"<p>                    Par<br \/>\n        <strong><br \/>\n            <a href=\"https:\/\/actu.fr\/auteur\/metropoop\" title=\"Consulter tous les articles de R\u00e9daction M\u00e9tropolitain\" rel=\"nofollow noopener\" target=\"_blank\">R\u00e9daction M\u00e9tropolitain<\/a><br \/>\n                    <\/strong><\/p>\n<p>        Publi\u00e9 le<\/p>\n<p>            21 nov. 2025 \u00e0 10h18        <\/p>\n<p>Dans la salle de permanence, plusieurs coll\u00e9giens se sont retrouv\u00e9s face \u00e0 une polici\u00e8re qui leur a demand\u00e9 d\u2019ouvrir leurs sacs et ont subi des \u00ab\u00a0palpations\u00a0\u00bb. <strong>Le 7 novembre dernier<\/strong>, l\u2019exercice PPMS (plan particulier de mise en s\u00fbret\u00e9) a pris une tournure inattendue au <strong>coll\u00e8ge Fontcarrade<\/strong> de <strong>Montpellier.<\/strong><\/p>\n<p>    <a href=\"https:\/\/www.google.com\/maps\/embed?pb=!1m18!1m12!1m3!1d5777.86153785513!2d3.8516407764598437!3d43.60798307110433!2m3!1f0!2f0!3f0!3m2!1i1024!2i768!4f13.1!3m3!1m2!1s0x12b6ae59c166c5dd%3A0x381b8cde377b2aa2!2sColl%C3%A8ge%20Fontcarrade!5e0!3m2!1sfr!2sfr!4v1763715856013!5m2!1sfr!2sfr\" title=\"Ouvrie le lien\" rel=\"nofollow noopener\" target=\"_blank\">Cliquez ici pour visualiser le contenu<\/a><\/p>\n<p class=\" wall-content\">Les policiers pr\u00e9sents devaient accompagner l\u2019exercice d\u2019intrusion-confinement. Leur r\u00f4le devait se limiter \u00e0 l\u2019appui technique. Des \u00e9l\u00e8ves ont pourtant d\u00e9crit l\u2019inspection de leurs sacs, la prise de leurs identit\u00e9s et des palpations r\u00e9alis\u00e9es dans la salle d\u2019\u00e9tude. Le chef d\u2019\u00e9tablissement \u00e9tait absent au d\u00e9but des op\u00e9rations.<\/p>\n<p class=\" wall-content\">SUD \u00c9ducation H\u00e9rault affirme que \u00ab\u00a0le contr\u00f4le d\u2019identit\u00e9 des mineurs, leur palpation et la fouille de leurs sacs ont \u00e9t\u00e9 effectu\u00e9s dans la plus grande ill\u00e9galit\u00e9, et sans la moindre protection des adultes encadrants\u00a0\u00bb. Le syndicat rappelle que l\u2019inspection d\u2019un sac exige une demande du chef d\u2019\u00e9tablissement ou du procureur, ainsi que le consentement de l\u2019\u00e9l\u00e8ve. Il pr\u00e9cise que les palpations de s\u00e9curit\u00e9 ne peuvent intervenir que dans des contextes d\u00e9finis par la loi, sans rapport avec la situation du coll\u00e8ge.<\/p>\n<p>La pr\u00e9fecture d\u00e9fend un exercice men\u00e9 normalement<\/p>\n<p class=\" wall-content\">La <strong>pr\u00e9fecture de l\u2019H\u00e9rault<\/strong> fournit une version oppos\u00e9e. Elle pr\u00e9cise que \u00ab\u00a0les r\u00e9f\u00e9rents s\u00fbret\u00e9 de la police nationale sont intervenus le 7 novembre \u00e0 la demande du proviseur du coll\u00e8ge Fontcarrade \u00e0 Montpellier pour accompagner l\u2019exercice de s\u00e9curit\u00e9 PPMS sur la base d\u2019un sc\u00e9nario intrusion-confinement\u00a0\u00bb, et assure que \u00ab\u00a0l\u2019exercice PPMS en question s\u2019est d\u00e9roul\u00e9 dans des conditions normales\u00a0\u00bb. Elle indique qu\u2019\u00a0\u00bbun seul incident a \u00e9t\u00e9 relev\u00e9 en toute fin d\u2019exercice lorsqu\u2019une CPE a sollicit\u00e9 l\u2019intervention d\u2019un policier en salle d\u2019\u00e9tude pour faire revenir le calme parmi les \u00e9l\u00e8ves\u00a0\u00bb.<\/p>\n<p>Vid\u00e9os : en ce moment sur Actu<\/p>\n<p class=\" wall-content\">Face aux interrogations, la pr\u00e9fecture annonce une proc\u00e9dure interne : \u00ab\u00a0Le pr\u00e9fet de l\u2019H\u00e9rault a sollicit\u00e9 aupr\u00e8s de la DIPN et de la DASEN un rapport administratif pour conna\u00eetre le d\u00e9roul\u00e9 des \u00e9v\u00e8nements et les conditions d\u2019intervention de la police dans cette enceinte\u00a0\u00bb. Affaire \u00e0 suivre.<\/p>\n<p class=\" wall-content\">Personnalisez votre actualit\u00e9 en ajoutant vos villes et m\u00e9dias en favori avec <a href=\"https:\/\/moncompte.actu.fr\" title=\"D\u00e9couvez Mon Actu\" rel=\"nofollow noopener\" data-trk=\"{&quot;cta&quot;:{&quot;action&quot;:&quot;https:\\\/\\\/moncompte.actu.fr&quot;,&quot;category&quot;:&quot;mon compte&quot;,&quot;from&quot;:&quot;article footer&quot;,&quot;name&quot;:&quot;Mon actu&quot;,&quot;type&quot;:&quot;cta&quot;}}\" target=\"_blank\">Mon Actu<\/a>.<\/p>\n","protected":false},"excerpt":{"rendered":"Par R\u00e9daction M\u00e9tropolitain Publi\u00e9 le 21 nov. 2025 \u00e0 10h18 Dans la salle de permanence, plusieurs coll\u00e9giens se&hellip;\n","protected":false},"author":2,"featured_media":548820,"comment_status":"","ping_status":"","sticky":false,"template":"","format":"standard","meta":{"footnotes":""},"categories":[9599],"tags":[1111,11,1777,674,118,1011,27,2208,12,2680,1072,25],"class_list":{"0":"post-548819","1":"post","2":"type-post","3":"status-publish","4":"format-standard","5":"has-post-thumbnail","7":"category-montpellier","8":"tag-actu","9":"tag-actualites","10":"tag-eu","11":"tag-europe","12":"tag-faits-divers","13":"tag-fr","14":"tag-france","15":"tag-montpellier","16":"tag-news","17":"tag-occitanie","18":"tag-police","19":"tag-republique-francaise"},"share_on_mastodon":{"url":"https:\/\/pubeurope.com\/@fr\/115586979866180978","error":""},"_links":{"self":[{"href":"https:\/\/www.europesays.com\/fr\/wp-json\/wp\/v2\/posts\/548819","targetHints":{"allow":["GET"]}}],"collection":[{"href":"https:\/\/www.europesays.com\/fr\/wp-json\/wp\/v2\/posts"}],"about":[{"href":"https:\/\/www.europesays.com\/fr\/wp-json\/wp\/v2\/types\/post"}],"author":[{"embeddable":true,"href":"https:\/\/www.europesays.com\/fr\/wp-json\/wp\/v2\/users\/2"}],"replies":[{"embeddable":true,"href":"https:\/\/www.europesays.com\/fr\/wp-json\/wp\/v2\/comments?post=548819"}],"version-history":[{"count":0,"href":"https:\/\/www.europesays.com\/fr\/wp-json\/wp\/v2\/posts\/548819\/revisions"}],"wp:featuredmedia":[{"embeddable":true,"href":"https:\/\/www.europesays.com\/fr\/wp-json\/wp\/v2\/media\/548820"}],"wp:attachment":[{"href":"https:\/\/www.europesays.com\/fr\/wp-json\/wp\/v2\/media?parent=548819"}],"wp:term":[{"taxonomy":"category","embeddable":true,"href":"https:\/\/www.europesays.com\/fr\/wp-json\/wp\/v2\/categories?post=548819"},{"taxonomy":"post_tag","embeddable":true,"href":"https:\/\/www.europesays.com\/fr\/wp-json\/wp\/v2\/tags?post=548819"}],"curies":[{"name":"wp","href":"https:\/\/api.w.org\/{rel}","templated":true}]}}