{"id":548830,"date":"2025-11-21T09:34:31","date_gmt":"2025-11-21T09:34:31","guid":{"rendered":"https:\/\/www.europesays.com\/fr\/548830\/"},"modified":"2025-11-21T09:34:31","modified_gmt":"2025-11-21T09:34:31","slug":"un-concert-sous-hypnose-donne-au-ponant-pres-de-rennes-ce-jeudi-soir-2","status":"publish","type":"post","link":"https:\/\/www.europesays.com\/fr\/548830\/","title":{"rendered":"Un \u00ab\u00a0concert sous hypnose\u00a0\u00bb donn\u00e9 au Ponant pr\u00e8s de Rennes ce jeudi soir"},"content":{"rendered":"<p>Au-del\u00e0, un concert sous hypnose. C\u2019est le nom du spectacle et la promesse de la salle di Ponant \u00e0 Pac\u00e9, jeudi 20\u00a0novembre 2025. <a href=\"https:\/\/nantes.maville.com\/actu\/actudet_-laissez-vous-hypnotiser-en-plein-concert-pres-de-nantes-_8-7049321_actu.Htm\" rel=\"nofollow noopener\" target=\"_blank\">Un concert cr\u00e9\u00e9 par Geoffrey Secco<\/a> autour de <strong>\u00ab ce qui se passe apr\u00e8s la mort ou de l\u2019exp\u00e9rience de mort imminente \u00bb<\/strong>. L\u2019artiste explique : \u00ab<strong>\u00a0C\u2019est une histoire incroyable et qui parle \u00e0 tout le monde<\/strong> <strong>. Et si on pouvait faire un voyage initiatique gr\u00e2ce \u00e0 l\u2019hypnose et \u00e0 la musique\u00a0? Certains spectateurs ont\u00a0eu l\u2019impression de vivre intens\u00e9ment la musique, et je me suis demand\u00e9 si je pouvais\u00a0les plonger encore plus profond\u00e9ment\u00a0gr\u00e2ce \u00e0 l\u2019hypnose\u00a0?\u00a0\u00bb<\/strong><\/p>\n<p>Hypnotiser le public par la musique<\/p>\n<p>Geoffrey Secco a donc contact\u00e9 Jean Doridot, un hypnoth\u00e9rapeute qui l\u2019a aid\u00e9. Il s\u2019est form\u00e9 pendant deux\u00a0ans, puis il s\u2019est mis \u00e0 utiliser lors de ses concerts l\u2019hypnose ericksonienne. Lui et ses musiciens hypnotisent le public par la musique\u00a0: \u00ab<strong>\u00a0Elle est lente, profonde, sacr\u00e9e, th\u00e9rapeutique, rituelle, et s\u2019adresse \u00e0 tout le monde.\u00a0\u00bb<\/strong><\/p>\n<p>Geoffrey Secco a compos\u00e9 la musique du spectacle et joue du saxophone. Il est accompagn\u00e9 de Mike Karagozian\u00a0au piano, David Lombardi au violon et Nicolas Charlier \u00e0 la batterie.<\/p>\n<p><strong>Jeudi 20\u00a0novembre,<\/strong>\u00a0Au-del\u00e0, un concert sous hypnose, de Geoffrey Secco, \u00e0 20\u00a0h\u00a030. Tarif 38 \u20ac. Complet.<\/p>\n<p>\u00a0<\/p>\n","protected":false},"excerpt":{"rendered":"Au-del\u00e0, un concert sous hypnose. C\u2019est le nom du spectacle et la promesse de la salle di Ponant&hellip;\n","protected":false},"author":2,"featured_media":546718,"comment_status":"","ping_status":"","sticky":false,"template":"","format":"standard","meta":{"footnotes":""},"categories":[2821],"tags":[1111,11,829,1697,7687,1777,674,1011,27,66482,9272,12,54116,3762,584,25,3467],"class_list":{"0":"post-548830","1":"post","2":"type-post","3":"status-publish","4":"format-standard","5":"has-post-thumbnail","7":"category-rennes","8":"tag-actu","9":"tag-actualites","10":"tag-bretagne","11":"tag-concert","12":"tag-donne","13":"tag-eu","14":"tag-europe","15":"tag-fr","16":"tag-france","17":"tag-hypnose","18":"tag-jeudi","19":"tag-news","20":"tag-ponant","21":"tag-pres","22":"tag-rennes","23":"tag-republique-francaise","24":"tag-soir"},"share_on_mastodon":{"url":"https:\/\/pubeurope.com\/@fr\/115587007406516293","error":""},"_links":{"self":[{"href":"https:\/\/www.europesays.com\/fr\/wp-json\/wp\/v2\/posts\/548830","targetHints":{"allow":["GET"]}}],"collection":[{"href":"https:\/\/www.europesays.com\/fr\/wp-json\/wp\/v2\/posts"}],"about":[{"href":"https:\/\/www.europesays.com\/fr\/wp-json\/wp\/v2\/types\/post"}],"author":[{"embeddable":true,"href":"https:\/\/www.europesays.com\/fr\/wp-json\/wp\/v2\/users\/2"}],"replies":[{"embeddable":true,"href":"https:\/\/www.europesays.com\/fr\/wp-json\/wp\/v2\/comments?post=548830"}],"version-history":[{"count":0,"href":"https:\/\/www.europesays.com\/fr\/wp-json\/wp\/v2\/posts\/548830\/revisions"}],"wp:featuredmedia":[{"embeddable":true,"href":"https:\/\/www.europesays.com\/fr\/wp-json\/wp\/v2\/media\/546718"}],"wp:attachment":[{"href":"https:\/\/www.europesays.com\/fr\/wp-json\/wp\/v2\/media?parent=548830"}],"wp:term":[{"taxonomy":"category","embeddable":true,"href":"https:\/\/www.europesays.com\/fr\/wp-json\/wp\/v2\/categories?post=548830"},{"taxonomy":"post_tag","embeddable":true,"href":"https:\/\/www.europesays.com\/fr\/wp-json\/wp\/v2\/tags?post=548830"}],"curies":[{"name":"wp","href":"https:\/\/api.w.org\/{rel}","templated":true}]}}