{"id":548872,"date":"2025-11-21T10:00:39","date_gmt":"2025-11-21T10:00:39","guid":{"rendered":"https:\/\/www.europesays.com\/fr\/548872\/"},"modified":"2025-11-21T10:00:39","modified_gmt":"2025-11-21T10:00:39","slug":"weekday-inaugure-un-nouveau-concept-a-paris-2","status":"publish","type":"post","link":"https:\/\/www.europesays.com\/fr\/548872\/","title":{"rendered":"Weekday inaugure un nouveau concept \u00e0 Paris"},"content":{"rendered":"<p>\n                                    <b>Publi\u00e9 le<\/b><br \/>\n                                    <\/p>\n<p>                                        21 novembre 2025<\/p>\n<p class=\"article-content col-md-8 offset-md-1\">\n                                Weekday marque une nouvelle \u00e9tape \u00e0 Paris avec l\u2019ouverture de son nouveau concept au 128, rue de Rivoli, le 20 novembre. Ce concept store rassemble sous un m\u00eame toit les univers de Weekday, Monki, Cheap Monday, ainsi que des collections exclusives et des pi\u00e8ces de seconde main, offrant aux visiteurs un lieu unique de d\u00e9couverte et d\u2019expression.<\/p>\n<p><img decoding=\"async\" class=\"news-image\" style=\"width:100%;\" src=\"https:\/\/www.europesays.com\/fr\/wp-content\/uploads\/2025\/11\/ffd0.jpg\" alt=\"\" loading=\"lazy\"\/> DR<\/p>\n<p class=\"col-md-8 offset-md-1 article-content--texte\">Fond\u00e9e en 2002 \u00e0 Stockholm, Weekday est une marque embl\u00e9matique de la mode jeune et cr\u00e9ative. Avec des boutiques dans 14 pays et une livraison dans 82 pays, elle connecte les nouvelles g\u00e9n\u00e9rations au style, \u00e0 la culture et \u00e0 la cr\u00e9ativit\u00e9.<\/p>\n<p>L\u2019espace, pens\u00e9 comme un lieu immersif, m\u00eale b\u00e9ton brut, acier bross\u00e9 et briques de verre, cr\u00e9ant un m\u00e9lange sculptural entre sobri\u00e9t\u00e9 et raffinement. Chaque niveau invite \u00e0 la d\u00e9couverte : escalier en b\u00e9ton, tables en pierre, miroirs et installations lumineuses qui \u00e9voluent au fil des mouvements et des envies des visiteurs. Plus qu\u2019un simple point de vente, le magasin propose une exp\u00e9rience compl\u00e8te, avec les collections phares de Weekday, Monki et Cheap Monday, des pi\u00e8ces de seconde main et des \u00e9ditions limit\u00e9es disponibles \u00e9galement sur son site marchand.<\/p>\n<p class=\"col-md-8 offset-md-1 article-content--texte\">Pour c\u00e9l\u00e9brer l\u2019ouverture, Weekday organise un d\u00eener intime suivi d\u2019une soir\u00e9e dans le magasin, permettant de d\u00e9couvrir en avant-premi\u00e8re le nouvel espace et la prochaine collection en \u00e9dition limit\u00e9e. Selon Kim Holm, directrice g\u00e9n\u00e9rale de Weekday, \u00ab\u00a0ce magasin incarne notre vision: cr\u00e9er du lien entre les communaut\u00e9s et c\u00e9l\u00e9brer l\u2019expression de soi sous toutes ses formes\u00a0\u00bb. Le concept store parisien s\u2019inscrit dans la strat\u00e9gie internationale de la marque, apr\u00e8s des ouvertures r\u00e9centes \u00e0 Hambourg, Vienne, Aarhus et Oslo.\n                            <\/p>\n<p>\n                                Tous droits de reproduction et de repr\u00e9sentation r\u00e9serv\u00e9s.<br \/>\u00a9 2025 FashionNetwork.com\n                            <\/p>\n","protected":false},"excerpt":{"rendered":"Publi\u00e9 le 21 novembre 2025 Weekday marque une nouvelle \u00e9tape \u00e0 Paris avec l\u2019ouverture de son nouveau concept&hellip;\n","protected":false},"author":2,"featured_media":548869,"comment_status":"","ping_status":"","sticky":false,"template":"","format":"standard","meta":{"footnotes":""},"categories":[1888],"tags":[11,2424,537,2423,1777,674,1011,27,2425,985,12,2298,626,2426,2427,25,2421,2422],"class_list":{"0":"post-548872","1":"post","2":"type-post","3":"status-publish","4":"format-standard","5":"has-post-thumbnail","7":"category-paris","8":"tag-actualites","9":"tag-beaute","10":"tag-contact","11":"tag-cosmetiques","12":"tag-eu","13":"tag-europe","14":"tag-fr","15":"tag-france","16":"tag-luxe","17":"tag-mode","18":"tag-news","19":"tag-parfum","20":"tag-paris","21":"tag-professionnel","22":"tag-professionnels","23":"tag-republique-francaise","24":"tag-reseau","25":"tag-textile"},"share_on_mastodon":{"url":"https:\/\/pubeurope.com\/@fr\/115587111282455857","error":""},"_links":{"self":[{"href":"https:\/\/www.europesays.com\/fr\/wp-json\/wp\/v2\/posts\/548872","targetHints":{"allow":["GET"]}}],"collection":[{"href":"https:\/\/www.europesays.com\/fr\/wp-json\/wp\/v2\/posts"}],"about":[{"href":"https:\/\/www.europesays.com\/fr\/wp-json\/wp\/v2\/types\/post"}],"author":[{"embeddable":true,"href":"https:\/\/www.europesays.com\/fr\/wp-json\/wp\/v2\/users\/2"}],"replies":[{"embeddable":true,"href":"https:\/\/www.europesays.com\/fr\/wp-json\/wp\/v2\/comments?post=548872"}],"version-history":[{"count":0,"href":"https:\/\/www.europesays.com\/fr\/wp-json\/wp\/v2\/posts\/548872\/revisions"}],"wp:featuredmedia":[{"embeddable":true,"href":"https:\/\/www.europesays.com\/fr\/wp-json\/wp\/v2\/media\/548869"}],"wp:attachment":[{"href":"https:\/\/www.europesays.com\/fr\/wp-json\/wp\/v2\/media?parent=548872"}],"wp:term":[{"taxonomy":"category","embeddable":true,"href":"https:\/\/www.europesays.com\/fr\/wp-json\/wp\/v2\/categories?post=548872"},{"taxonomy":"post_tag","embeddable":true,"href":"https:\/\/www.europesays.com\/fr\/wp-json\/wp\/v2\/tags?post=548872"}],"curies":[{"name":"wp","href":"https:\/\/api.w.org\/{rel}","templated":true}]}}