{"id":548903,"date":"2025-11-21T10:22:21","date_gmt":"2025-11-21T10:22:21","guid":{"rendered":"https:\/\/www.europesays.com\/fr\/548903\/"},"modified":"2025-11-21T10:22:21","modified_gmt":"2025-11-21T10:22:21","slug":"david-et-cathy-guetta-en-deuil-un-de-leurs-proches-vient-de-seteindre","status":"publish","type":"post","link":"https:\/\/www.europesays.com\/fr\/548903\/","title":{"rendered":"David et Cathy Guetta en deuil : un de leurs proches vient de s\u2019\u00e9teindre"},"content":{"rendered":"<p data-start=\"86\" data-end=\"686\">L\u2019histoire entre Cathy et David<br \/>\nGuetta appartient au pass\u00e9. Apr\u00e8s plus de deux d\u00e9cennies c\u00f4te \u00e0<br \/>\nc\u00f4te, dont vingt-deux ans de mariage et la naissance de leurs deux<br \/>\nenfants, <a href=\"https:\/\/www.closermag.fr\/people\/cathy-et-david-guetta-divorces-ils-partagent-des-vacances-en-famille-aux-maldives-1252671\" target=\"_blank\" rel=\"noopener\"><br \/>\nTim Elvis et Angie<\/a>, ils ont officialis\u00e9 leur s\u00e9paration en ao\u00fbt<br \/>\n2014. \u00c0 l\u2019\u00e9poque, la femme d\u2019affaires expliquait que leur couple<br \/>\ntraversait une p\u00e9riode difficile apr\u00e8s un long chemin commun.<\/p>\n<p data-start=\"688\" data-end=\"1003\" data-is-last-node=\"\" data-is-only-node=\"\">Malgr\u00e9 cette rupture, les deux ex n\u2019ont jamais<br \/>\nrompu le lien : ils sont rest\u00e9s soud\u00e9s pour leurs enfants et<br \/>\npartagent encore un cercle d\u2019amis communs. C\u2019est d\u2019ailleurs au sein<br \/>\nde ce groupe qu\u2019ils viennent de perdre l\u2019un de leurs proches, une<br \/>\ndisparition qui les a profond\u00e9ment touch\u00e9s<\/p>\n<p>Les hommages de Cathy et David<br \/>\nGuetta \u00e0 un pilier des nuits parisiennes<\/p>\n<p data-start=\"256\" data-end=\"1318\">Une figure incontournable des<br \/>\nsoir\u00e9es parisiennes s\u2019est \u00e9teinte, une disparition que Cathy Guetta<br \/>\na annonc\u00e9e sur Instagram. Elle y r\u00e9v\u00e8le la mort de Jacques Boko,<br \/>\nancien physionomiste des mythiques <a href=\"https:\/\/www.closermag.fr\/people\/hubert-boukobza-le-patron-de-la-boite-de-nuit-les-bains-douches-est-mort-809850\" target=\"_blank\" rel=\"noopener\"><br \/>\nBains Douches<\/a>, mais aussi d\u2019autres \u00e9tablissements<br \/>\nembl\u00e9matiques. \u00ab\u00a0Repose en paix<br \/>\nJacques Boko. <strong>Tu as veill\u00e9 toutes les nuits \u00e0 la porte de<br \/>\nnos \u00e9tablissements<\/strong>, Le Bataclan, Le Palace, Les Bains<br \/>\nDouches, Le Pink Paradise. Merci d\u2019avoir ramen\u00e9 ma Maman qui<br \/>\ntravaillait avec nous chez elle, tous les soirs, avec<br \/>\nbienveillance\u00a0\u00bb, \u00e9crit-elle en partageant un clich\u00e9 de<br \/>\nl\u2019int\u00e9ress\u00e9.<\/p>\n<p data-start=\"256\" data-end=\"1318\">Tr\u00e8s vite, David Guetta a lui<br \/>\naussi tenu \u00e0 saluer la m\u00e9moire de celui qu\u2019il a longtemps c\u00f4toy\u00e9<br \/>\ndans les clubs de la capitale, se souvenant de leurs d\u00e9buts<br \/>\nprofessionnels. \u00ab\u00a0<strong>On<br \/>\nen a v\u00e9cu des choses ensemble<\/strong>, \u00e0 essayer de se faire une<br \/>\nplace dans les clubs parisiens&#8230; Moi derri\u00e8re les platines, et toi<br \/>\nen tant que physio. Je garderai toujours en m\u00e9moire nos moments aux<br \/>\nFolies, au Palace et aux Bains. Repose en paix Jacques\u00a0\u00bb,<br \/>\na-t-il publi\u00e9, accompagn\u00e9 d\u2019une photo les montrant ensemble.<\/p>\n<p>Une<br \/>\ndisparition qui \u00e9meut le milieu artistique<\/p>\n<p data-start=\"1376\" data-end=\"2840\" data-is-last-node=\"\" data-is-only-node=\"\">D\u2019autres personnalit\u00e9s ont \u00e9galement tenu \u00e0<br \/>\nhonorer la m\u00e9moire de cet homme qui aura laiss\u00e9 une empreinte<br \/>\nprofonde dans l\u2019univers de la nuit. Le photographe<br \/>\n<strong>S\u00e9bastien Micke<\/strong>, originaire de S\u00e8te et<br \/>\ncollaborateur de Paris<br \/>\nMatch aux \u00c9tats-Unis pendant vingt-cinq ans, s\u2019est lui aussi<br \/>\nexprim\u00e9 avec \u00e9motion, se rappelant de sa rencontre avec Jacques<br \/>\nBoko lors de ses passages dans les clubs. Il lui a rendu un vibrant<br \/>\nhommage : \u00ab\u00a0Jacques Boko s\u2019en<br \/>\nest all\u00e9. Emportant avec lui une part de la nuit parisienne. Sa<br \/>\nporte \u00e9tait l\u2019une des plus dures de Paris, mais son c\u0153ur, lui,<br \/>\nsavait reconna\u00eetre les siens. Pour ceux qui avaient la chance<br \/>\nd\u2019\u00eatre ses amis, <strong>Jacques \u00e9tait une force : humain, vrai,<br \/>\nprofond\u00e9ment loyal<\/strong> (&#8230;)\u00a0\u00bb.<\/p>\n<p data-start=\"1376\" data-end=\"2840\" data-is-last-node=\"\" data-is-only-node=\"\">\u00a0Un message qui a profond\u00e9ment touch\u00e9<br \/>\n<a href=\"https:\/\/www.closermag.fr\/people\/quand-cathy-guetta-refuse-d-evoquer-la-nouvelle-compagne-de-son-ex-mari-david-g-837004\" target=\"_blank\" rel=\"noopener\"><br \/>\nCathy Guetta<\/a>, laquelle a r\u00e9pondu dans les commentaires :<br \/>\n\u00ab\u00a0Ton texte est magnifique mon<br \/>\nSeb. <strong>Jacques a particip\u00e9 \u00e0 nos c\u00f4t\u00e9s \u00e0 notre ascension<br \/>\nparisienne<\/strong>. Nous ne l&rsquo;oublierons jamais. Son rire, sa<br \/>\nforce, et son \u00e9ternel \u00e2me d&rsquo;adolescent en faisait une personne<br \/>\nsp\u00e9ciale et attachante. Repose en paix Jacko\u00a0\u00bb.<\/p>\n","protected":false},"excerpt":{"rendered":"L\u2019histoire entre Cathy et David Guetta appartient au pass\u00e9. Apr\u00e8s plus de deux d\u00e9cennies c\u00f4te \u00e0 c\u00f4te, dont&hellip;\n","protected":false},"author":2,"featured_media":548904,"comment_status":"","ping_status":"","sticky":false,"template":"","format":"standard","meta":{"footnotes":""},"categories":[1359],"tags":[66655,33298,58,59,1011,27,973],"class_list":{"0":"post-548903","1":"post","2":"type-post","3":"status-publish","4":"format-standard","5":"has-post-thumbnail","7":"category-people","8":"tag-cathy-guetta","9":"tag-david-guetta","10":"tag-divertissement","11":"tag-entertainment","12":"tag-fr","13":"tag-france","14":"tag-people"},"share_on_mastodon":{"url":"https:\/\/pubeurope.com\/@fr\/115587196281288689","error":""},"_links":{"self":[{"href":"https:\/\/www.europesays.com\/fr\/wp-json\/wp\/v2\/posts\/548903","targetHints":{"allow":["GET"]}}],"collection":[{"href":"https:\/\/www.europesays.com\/fr\/wp-json\/wp\/v2\/posts"}],"about":[{"href":"https:\/\/www.europesays.com\/fr\/wp-json\/wp\/v2\/types\/post"}],"author":[{"embeddable":true,"href":"https:\/\/www.europesays.com\/fr\/wp-json\/wp\/v2\/users\/2"}],"replies":[{"embeddable":true,"href":"https:\/\/www.europesays.com\/fr\/wp-json\/wp\/v2\/comments?post=548903"}],"version-history":[{"count":0,"href":"https:\/\/www.europesays.com\/fr\/wp-json\/wp\/v2\/posts\/548903\/revisions"}],"wp:featuredmedia":[{"embeddable":true,"href":"https:\/\/www.europesays.com\/fr\/wp-json\/wp\/v2\/media\/548904"}],"wp:attachment":[{"href":"https:\/\/www.europesays.com\/fr\/wp-json\/wp\/v2\/media?parent=548903"}],"wp:term":[{"taxonomy":"category","embeddable":true,"href":"https:\/\/www.europesays.com\/fr\/wp-json\/wp\/v2\/categories?post=548903"},{"taxonomy":"post_tag","embeddable":true,"href":"https:\/\/www.europesays.com\/fr\/wp-json\/wp\/v2\/tags?post=548903"}],"curies":[{"name":"wp","href":"https:\/\/api.w.org\/{rel}","templated":true}]}}