{"id":548920,"date":"2025-11-21T10:33:20","date_gmt":"2025-11-21T10:33:20","guid":{"rendered":"https:\/\/www.europesays.com\/fr\/548920\/"},"modified":"2025-11-21T10:33:20","modified_gmt":"2025-11-21T10:33:20","slug":"la-bourse-de-paris-freinee-par-les-inquietudes-sur-les-valorisations-des-valeurs-technologiques-21-11-2025-a-1024","status":"publish","type":"post","link":"https:\/\/www.europesays.com\/fr\/548920\/","title":{"rendered":"La Bourse de Paris frein\u00e9e par les inqui\u00e9tudes sur les valorisations des valeurs technologiques &#8211; 21\/11\/2025 \u00e0 10:24"},"content":{"rendered":"<p>        <img decoding=\"async\" src=\"https:\/\/www.europesays.com\/fr\/wp-content\/uploads\/2025\/11\/e9d86e29762554aa0bec748924a0c895-760x475.jpg\" alt=\"La salle de contr\u00f4le d'Euronext, soci\u00e9t\u00e9 qui g\u00e8re la Bourse de Paris ( AFP \/ ERIC PIERMONT )\" loading=\"eager\" fetchpriority=\"high\" width=\"760\" height=\"475\" style=\"max-width: 100%!important; height: auto;\"\/><\/p>\n<p class=\"c-image-news__legend\">La salle de contr\u00f4le d&rsquo;Euronext, soci\u00e9t\u00e9 qui g\u00e8re la Bourse de Paris ( AFP \/ ERIC PIERMONT )<\/p>\n<p>\n La Bourse de Paris recule vendredi dans un march\u00e9 marqu\u00e9 par l&rsquo;incertitude, les investisseurs s&rsquo;interrogeant sur la l\u00e9gitimit\u00e9 des valorisations \u00e9lev\u00e9es des valeurs li\u00e9es \u00e0 l&rsquo;intelligence artificielle.\n<\/p>\n<p>\n L&rsquo;indice vedette CAC 40 reculait de 0,22% vers 09H55, soit de 17,72 points, s&rsquo;\u00e9tablissant \u00e0 7.963,35. La veille, alors que l&rsquo;indice prenait plus de 1% en s\u00e9ance, il a finalement termin\u00e9 en l\u00e9g\u00e8re hausse de 0,34%, \u00e0 7.981,07 points, abandonnant ainsi une bonne partie de ses gains \u00e0 la cl\u00f4ture.\n<\/p>\n<p>\n \u00ab\u00a0Une inqui\u00e9tude majeure porte sur le fait que l&#8217;emballement pour les investissements en IA pourrait ne pas g\u00e9n\u00e9rer les rendements attendus, d&rsquo;o\u00f9 la forte correction des valeurs technologiques ce mois-ci\u00a0\u00bb et le fait que \u00ab\u00a0les investisseurs se questionnent toujours sur les valorisations \u00e9lev\u00e9es des actions li\u00e9es au secteur\u00a0\u00bb, commente Kathleen Brooks, directrice de la recherche \u00e9conomique pour XTB.\n<\/p>\n<p>\n Apr\u00e8s une r\u00e9action initialement positive dans la foul\u00e9e de la publication mercredi soir des r\u00e9sultats du g\u00e9ant am\u00e9ricain des puces \u00e9lectroniques Nvidia, qui est aussi la premi\u00e8re capitalisation boursi\u00e8re du monde, le vent a commenc\u00e9 \u00e0 tourner la veille peu apr\u00e8s l&rsquo;ouverture des march\u00e9s am\u00e9ricains jeudi.\n<\/p>\n<p>\n \u00ab\u00a0Le stress est mont\u00e9 d&rsquo;un cran avec l&rsquo;apparition d&rsquo;un signal que personne n&rsquo;avait vraiment anticip\u00e9: la nervosit\u00e9 s&rsquo;est d\u00e9plac\u00e9e du march\u00e9 actions vers le march\u00e9 du cr\u00e9dit\u00a0\u00bb les investisseurs cherchant \u00e0 se prot\u00e9ger \u00ab\u00a0contre un potentiel d\u00e9gonflement de la bulle technologique\u00a0\u00bb, explique John Plassard, responsable de la strat\u00e9gie d&rsquo;investissement chez Cit\u00e9 Gestion Private Bank.\n<\/p>\n<p>\n \u00ab\u00a0L&rsquo;opinion du march\u00e9 devient de plus en plus polaris\u00e9e entre ceux qui crient \u00e0 la bulle et ceux qui sont pr\u00eats \u00e0 continuer de courir. Cette dynamique conduira \u00e0 une volatilit\u00e9 accrue et \u00e0 de grands mouvements\u00a0\u00bb, estime Ipek Ozkardeskaya, analyste de Swissquote Bank.\n<\/p>\n<p>\n Dans ce contexte d&rsquo;incertitude, \u00ab\u00a0le march\u00e9 \u00e9prouve un remords \u00e0 \u00eatre acheteur face \u00e0 des valorisations technologiques trop \u00e9lev\u00e9es, et il faudra du temps pour que ce sentiment se dissipe\u00a0\u00bb, estime quant \u00e0 elle Kathleen Brooks.\n<\/p>\n<p> Veolia acquiert l&rsquo;am\u00e9ricain Clean Earth<\/p>\n<p>\n Veolia: Le g\u00e9ant des services \u00e0 l&rsquo;environnement (-0,63% \u00e0 27,85 euros) a annonc\u00e9 vendredi l&rsquo;acquisition de l&rsquo;am\u00e9ricain Clean Earth, sp\u00e9cialis\u00e9 dans le traitement de d\u00e9chets dangereux, pour une valeur d&rsquo;entreprise de 3 milliards de dollars (2,6 milliards d&rsquo;euros).\n<\/p>\n<p>\n Euronext CAC40<\/p>\n","protected":false},"excerpt":{"rendered":"La salle de contr\u00f4le d&rsquo;Euronext, soci\u00e9t\u00e9 qui g\u00e8re la Bourse de Paris ( AFP \/ ERIC PIERMONT )&hellip;\n","protected":false},"author":2,"featured_media":548921,"comment_status":"","ping_status":"","sticky":false,"template":"","format":"standard","meta":{"footnotes":""},"categories":[6],"tags":[400,398,408,35,405,33,34,1011,27,403,402,399,404,401,406,407],"class_list":{"0":"post-548920","1":"post","2":"type-post","3":"status-publish","4":"format-standard","5":"has-post-thumbnail","7":"category-economie","8":"tag-action-cac-40","9":"tag-bourse-de-paris","10":"tag-boursorama","11":"tag-business","12":"tag-cotations","13":"tag-economie","14":"tag-economy","15":"tag-fr","16":"tag-france","17":"tag-indices-devises","18":"tag-investir","19":"tag-investissement","20":"tag-marche-boursier","21":"tag-sicav","22":"tag-trackers","23":"tag-warrants"},"share_on_mastodon":{"url":"https:\/\/pubeurope.com\/@fr\/115587239428576554","error":""},"_links":{"self":[{"href":"https:\/\/www.europesays.com\/fr\/wp-json\/wp\/v2\/posts\/548920","targetHints":{"allow":["GET"]}}],"collection":[{"href":"https:\/\/www.europesays.com\/fr\/wp-json\/wp\/v2\/posts"}],"about":[{"href":"https:\/\/www.europesays.com\/fr\/wp-json\/wp\/v2\/types\/post"}],"author":[{"embeddable":true,"href":"https:\/\/www.europesays.com\/fr\/wp-json\/wp\/v2\/users\/2"}],"replies":[{"embeddable":true,"href":"https:\/\/www.europesays.com\/fr\/wp-json\/wp\/v2\/comments?post=548920"}],"version-history":[{"count":0,"href":"https:\/\/www.europesays.com\/fr\/wp-json\/wp\/v2\/posts\/548920\/revisions"}],"wp:featuredmedia":[{"embeddable":true,"href":"https:\/\/www.europesays.com\/fr\/wp-json\/wp\/v2\/media\/548921"}],"wp:attachment":[{"href":"https:\/\/www.europesays.com\/fr\/wp-json\/wp\/v2\/media?parent=548920"}],"wp:term":[{"taxonomy":"category","embeddable":true,"href":"https:\/\/www.europesays.com\/fr\/wp-json\/wp\/v2\/categories?post=548920"},{"taxonomy":"post_tag","embeddable":true,"href":"https:\/\/www.europesays.com\/fr\/wp-json\/wp\/v2\/tags?post=548920"}],"curies":[{"name":"wp","href":"https:\/\/api.w.org\/{rel}","templated":true}]}}