{"id":548926,"date":"2025-11-21T10:36:25","date_gmt":"2025-11-21T10:36:25","guid":{"rendered":"https:\/\/www.europesays.com\/fr\/548926\/"},"modified":"2025-11-21T10:36:25","modified_gmt":"2025-11-21T10:36:25","slug":"le-mystere-total-de-larret-cardiaque-du-petit-tedy-4-ans-nen-est-plus-un-pour-personne-liberation","status":"publish","type":"post","link":"https:\/\/www.europesays.com\/fr\/548926\/","title":{"rendered":"le \u00abmyst\u00e8re total\u00bb de l\u2019arr\u00eat cardiaque du petit Tedy, 4\u00a0ans, n\u2019en est plus un pour personne \u2013 Lib\u00e9ration"},"content":{"rendered":"<p class=\"sc-cPiKLX AiZTS text-element\">Un enfant, et m\u00eame un bambin. Des trente empoisonnements, dont douze mortels, pour lesquels Fr\u00e9d\u00e9ric P\u00e9chier est <a href=\"https:\/\/www.liberation.fr\/societe\/police-justice\/proces-de-frederic-pechier-a-besancon-lanesthesiste-star-et-les-empoisonnements-en-serie-20250908_53XZZA7VTNHSHPFCZ27LAVZXHM\/\" target=\"_blank\" rel=\"nofollow noopener\" title=\"https:\/\/www.liberation.fr\/societe\/police-justice\/proces-de-frederic-pechier-a-besancon-lanesthesiste-star-et-les-empoisonnements-en-serie-20250908_53XZZA7VTNHSHPFCZ27LAVZXHM\/\">renvoy\u00e9 devant la cour d\u2019assises du Doubs<\/a>, celui de Tedy Hoerter-Tarby est sans doute le plus embl\u00e9matique de la d\u00e9mence \u00e0 l\u2019\u0153uvre dans les blocs op\u00e9ratoires de la clinique Saint-Vincent de Besan\u00e7on entre 2008 et 2017. Tedy a quatre ans. Il mesure 103 cm et p\u00e8se 17 kg quand ses parents l\u2019accompagnent pour une ablation des amygdales jusqu\u2019\u00e0 la salle d\u2019anesth\u00e9sie le 22 f\u00e9vrier 2016. L\u2019intervention, banale sur un petit en pleine sant\u00e9, ne doit pas l\u2019\u00e9loigner de ses jouets plus d\u2019une poign\u00e9e d\u2019heures. Las ! le gar\u00e7onnet va passer quatre jours en r\u00e9animation p\u00e9diatrique au CHU de Besan\u00e7on o\u00f9 il a \u00e9t\u00e9 transf\u00e9r\u00e9 en urgence, dans le coma.<\/p>\n<p class=\"sc-cPiKLX AiZTS text-element\">Jeudi 20 novembre, la cour d\u2019assises revient sur l\u2019arr\u00eat cardiaque inexpliqu\u00e9 qui a failli co\u00fbter la vie \u00e0 la plus jeune des victimes dans cette affaire sans \u00e9quivalent dans les annales judiciaires, <a href=\"https:\/\/www.liberation.fr\/societe\/proces-de-frederic-pechier-aujourdhui-jai-decide-de-ne-pas-repondre-aux-questions-20251118_Q2JCOUNQVNHMPAQ5QAYA&lt;\/p&gt;&lt;\/div&gt;&lt;\/article&gt;&lt;\/div&gt;&lt;div data-fusion-lazy-id=\" f0f8vgvlad832fw=\"\" rel=\"nofollow noopener\" target=\"_blank\"><\/p>\n","protected":false},"excerpt":{"rendered":"Un enfant, et m\u00eame un bambin. Des trente empoisonnements, dont douze mortels, pour lesquels Fr\u00e9d\u00e9ric P\u00e9chier est renvoy\u00e9&hellip;\n","protected":false},"author":2,"featured_media":548927,"comment_status":"","ping_status":"","sticky":false,"template":"","format":"standard","meta":{"footnotes":""},"categories":[2],"tags":[11,1011,27,51056,12],"class_list":{"0":"post-548926","1":"post","2":"type-post","3":"status-publish","4":"format-standard","5":"has-post-thumbnail","7":"category-actualites","8":"tag-actualites","9":"tag-fr","10":"tag-france","11":"tag-frederic-pechier","12":"tag-news"},"share_on_mastodon":{"url":"https:\/\/pubeurope.com\/@fr\/115587251114986487","error":""},"_links":{"self":[{"href":"https:\/\/www.europesays.com\/fr\/wp-json\/wp\/v2\/posts\/548926","targetHints":{"allow":["GET"]}}],"collection":[{"href":"https:\/\/www.europesays.com\/fr\/wp-json\/wp\/v2\/posts"}],"about":[{"href":"https:\/\/www.europesays.com\/fr\/wp-json\/wp\/v2\/types\/post"}],"author":[{"embeddable":true,"href":"https:\/\/www.europesays.com\/fr\/wp-json\/wp\/v2\/users\/2"}],"replies":[{"embeddable":true,"href":"https:\/\/www.europesays.com\/fr\/wp-json\/wp\/v2\/comments?post=548926"}],"version-history":[{"count":0,"href":"https:\/\/www.europesays.com\/fr\/wp-json\/wp\/v2\/posts\/548926\/revisions"}],"wp:featuredmedia":[{"embeddable":true,"href":"https:\/\/www.europesays.com\/fr\/wp-json\/wp\/v2\/media\/548927"}],"wp:attachment":[{"href":"https:\/\/www.europesays.com\/fr\/wp-json\/wp\/v2\/media?parent=548926"}],"wp:term":[{"taxonomy":"category","embeddable":true,"href":"https:\/\/www.europesays.com\/fr\/wp-json\/wp\/v2\/categories?post=548926"},{"taxonomy":"post_tag","embeddable":true,"href":"https:\/\/www.europesays.com\/fr\/wp-json\/wp\/v2\/tags?post=548926"}],"curies":[{"name":"wp","href":"https:\/\/api.w.org\/{rel}","templated":true}]}}