{"id":548928,"date":"2025-11-21T10:39:14","date_gmt":"2025-11-21T10:39:14","guid":{"rendered":"https:\/\/www.europesays.com\/fr\/548928\/"},"modified":"2025-11-21T10:39:14","modified_gmt":"2025-11-21T10:39:14","slug":"nos-idees-sorties-du-week-end-des-28-29-et-30-novembre-2025-dans-la-loire","status":"publish","type":"post","link":"https:\/\/www.europesays.com\/fr\/548928\/","title":{"rendered":"Nos id\u00e9es sorties du week-end des 28, 29 et 30 novembre 2025 dans la Loire"},"content":{"rendered":"<p class=\"is-style-chapo\">Voici la s\u00e9lection de la r\u00e9daction de If Saint-Etienne pour se divertir et s\u2019amuser dans la Loire le week-end prochain, soit les 28, 29 et 30 novembre. Une liste d\u2019\u00e9v\u00e9nements, s\u00e9lectionn\u00e9s de mani\u00e8re ind\u00e9pendante et, bien entendu, non-exhaustive.<\/p>\n<p><img loading=\"lazy\" decoding=\"async\" width=\"1024\" height=\"576\" src=\"https:\/\/www.europesays.com\/fr\/wp-content\/uploads\/2025\/11\/cinnamon-stars-2998962_1280-1-1024x576.jpg\" alt=\"\" class=\"wp-image-81093\"  \/><\/p>\n<p>1 \u2013 Musique\u00a0!<\/p>\n<p>Vendredi 28 novembre, la salle de l\u2019\u00e9toile, \u00e0 <a href=\"https:\/\/www.lagrandcroix.fr\/saison-culturelle-2025\/\" target=\"_blank\" rel=\"noreferrer noopener\">La Grand-Croix<\/a> accueille deux concerts.\u00a0 L\u2019occasion de d\u00e9couvrir ou red\u00e9couvrir le groupe de pop st\u00e9phanois Alkabaya, ainsi que les Tit\u2019Nassels en live, \u00e0 partir de 20h45.<\/p>\n<p>2 \u2013 La coupe \u00e0 la maison<\/p>\n<p>Samedi 29 novembre, le stade Geoffroy Guichard accueille le 8\u00e8me tour de la <a href=\"https:\/\/www.if-saint-etienne.fr\/sports\/coupe-de-france-ecotay-moingt-affrontera-lasse-a-geoffroy-guichard\" target=\"_blank\" rel=\"noreferrer noopener\">Coupe de France<\/a> pour un derby lig\u00e9rien. Il opposera l\u2019Union Sportive Ecotay-Moingt \u00e0 l\u2019ASSE \u00e0 partir de 20h30. L\u2019\u00e9quipe qui se qualifiera, acc\u00e8dera aux 32e de finales dans lesquelles la Ligue 1 entre et qui se joueront peu avant la tr\u00eave de No\u00ebl.<\/p>\n<p>3 \u2013 Made in Loire<\/p>\n<p>Du 28 au 30 novembre, <a href=\"https:\/\/www.lescarabee.net\/\" target=\"_blank\" rel=\"noreferrer noopener\">le Scarab\u00e9e<\/a> de Roanne accueille le salon du Made in Loire. Pour la premi\u00e8re fois, cent entreprises, artisans, commer\u00e7ants, cr\u00e9ateurs, associations et collectivit\u00e9s de cinq univers vari\u00e9s valorisent leurs savoir-faire. De nombreuses animations sont au programme durant tout le week-end.<\/p>\n<p>4 \u2013 Retour en enfance<\/p>\n<p>Samedi 29 novembre \u00e0 20h, <a href=\"https:\/\/www.zenith-saint-etienne.fr\/\" target=\"_blank\" rel=\"noreferrer noopener\">le Zenith<\/a> de Saint-Etienne vous propose de revivre la magie de No\u00ebl avec \u00ab\u00a0Casse-noisette\u00a0\u00bb, le c\u00e9l\u00e8bre ballet sur la musique de Tcha\u00efkovski et d\u2019apr\u00e8s le libretto de Marius Petipa. Un spectacle qui \u00e9merveillera les petits et fascinera les grands.<\/p>\n<p>5 \u2013 F\u00e9\u00e9rie<\/p>\n<p>Vous cherchez un cadeau pour les f\u00eates de fin d\u2019ann\u00e9e\u00a0? Le march\u00e9 d\u2019artisanat local est de retour \u00e0 Saint-Victor-sur-Loire, au village seniors <a href=\"https:\/\/www.les-vesperales.fr\/\" target=\"_blank\" rel=\"noreferrer noopener\">Les Vesp\u00e9rales<\/a>. Sur place une quinzaine d\u2019exposants, un espace restauration et vin chaud, et m\u00eame\u2026 le p\u00e8re No\u00ebl.<\/p>\n","protected":false},"excerpt":{"rendered":"Voici la s\u00e9lection de la r\u00e9daction de If Saint-Etienne pour se divertir et s\u2019amuser dans la Loire le&hellip;\n","protected":false},"author":2,"featured_media":548929,"comment_status":"","ping_status":"","sticky":false,"template":"","format":"standard","meta":{"footnotes":""},"categories":[9653],"tags":[14428,1111,11,2430,1777,674,1011,27,34689,14429,12,14430,25,4001,1669,14431],"class_list":{"0":"post-548928","1":"post","2":"type-post","3":"status-publish","4":"format-standard","5":"has-post-thumbnail","7":"category-saint-etienne","8":"tag-activites-week-end-loire","9":"tag-actu","10":"tag-actualites","11":"tag-auvergne-rhone-alpes","12":"tag-eu","13":"tag-europe","14":"tag-fr","15":"tag-france","16":"tag-idee-sortie-saint-etienne","17":"tag-idees-sorties-loire","18":"tag-news","19":"tag-recreatif","20":"tag-republique-francaise","21":"tag-saint-etienne","22":"tag-sorties","23":"tag-week-ends"},"share_on_mastodon":{"url":"https:\/\/pubeurope.com\/@fr\/115587263590044366","error":""},"_links":{"self":[{"href":"https:\/\/www.europesays.com\/fr\/wp-json\/wp\/v2\/posts\/548928","targetHints":{"allow":["GET"]}}],"collection":[{"href":"https:\/\/www.europesays.com\/fr\/wp-json\/wp\/v2\/posts"}],"about":[{"href":"https:\/\/www.europesays.com\/fr\/wp-json\/wp\/v2\/types\/post"}],"author":[{"embeddable":true,"href":"https:\/\/www.europesays.com\/fr\/wp-json\/wp\/v2\/users\/2"}],"replies":[{"embeddable":true,"href":"https:\/\/www.europesays.com\/fr\/wp-json\/wp\/v2\/comments?post=548928"}],"version-history":[{"count":0,"href":"https:\/\/www.europesays.com\/fr\/wp-json\/wp\/v2\/posts\/548928\/revisions"}],"wp:featuredmedia":[{"embeddable":true,"href":"https:\/\/www.europesays.com\/fr\/wp-json\/wp\/v2\/media\/548929"}],"wp:attachment":[{"href":"https:\/\/www.europesays.com\/fr\/wp-json\/wp\/v2\/media?parent=548928"}],"wp:term":[{"taxonomy":"category","embeddable":true,"href":"https:\/\/www.europesays.com\/fr\/wp-json\/wp\/v2\/categories?post=548928"},{"taxonomy":"post_tag","embeddable":true,"href":"https:\/\/www.europesays.com\/fr\/wp-json\/wp\/v2\/tags?post=548928"}],"curies":[{"name":"wp","href":"https:\/\/api.w.org\/{rel}","templated":true}]}}