{"id":548936,"date":"2025-11-21T10:46:15","date_gmt":"2025-11-21T10:46:15","guid":{"rendered":"https:\/\/www.europesays.com\/fr\/548936\/"},"modified":"2025-11-21T10:46:15","modified_gmt":"2025-11-21T10:46:15","slug":"kine-mere-isolee-le-candidat-serge-martin-et-ses-temoignages-terrain","status":"publish","type":"post","link":"https:\/\/www.europesays.com\/fr\/548936\/","title":{"rendered":"kin\u00e9, m\u00e8re isol\u00e9e&#8230; le candidat Serge Martin et ses t\u00e9moignages terrain"},"content":{"rendered":"<p>\nLe candidat aux municipales de Montpellier, Serge Martin, donne la parole \u00e0 ceux qui vivent la ville au quotidien&#8230;<\/p>\n<p>\n\u00a9 Linda Mansouri \/ infOccitanie. Serge Martin candidat \u00e0 Montpellier (chemise bleue). .<\/p>\n<p><a data-no-instant=\"1\" href=\"https:\/\/www.cma-gard.fr\/metiers-et-diplomes\/\" rel=\"noopener\" class=\"a2t-link\" aria-label=\"2673-image\" target=\"_blank\"><img decoding=\"async\" src=\"https:\/\/www.europesays.com\/fr\/wp-content\/uploads\/2025\/11\/2673-image.jpeg\" alt=\"\"  \/><\/a><\/p>\n<p>Un pas de plus vers les municipales. Ceux qui l\u2019entourent ce jeudi ne sont pas annonc\u00e9s comme les membres de sa liste, celle-ci sera communiqu\u00e9e en f\u00e9vrier prochain, mais plut\u00f4t de pr\u00e9cieux t\u00e9moignages issus du terrain. Au restaurant Le Melice, bassin Jacques Coeur, le candidat Serge Martin (Social d\u00e9mocratie et \u00e9cologie), pr\u00e9sentait \u00e0 la presse trois participants \u00e0 sa campagne. Des t\u00e9moignages venant illustrer un ras-le-bol massif, li\u00e9 aux \u00ab\u00a0incoh\u00e9rences\u00a0\u00bb des politiques publiques de l\u2019ex\u00e9cutif montpelli\u00e9rain.<\/p>\n<p>\u00ab\u00a0Le mandat que l\u2019on vient de vivre est un \u00e9chec\u00a0\u00bb<\/p>\n<p>Celui qui succ\u00e9da \u00e0 Mohed Altrad au Conseil municipal de Montpellier en 2014, \u00e9galement sur la liste de l\u2019homme d\u2019affaires aux municipales de 2020, anciennement au PS, plante le d\u00e9cor. \u00ab\u00a0Le mandat que l\u2019on vient de vivre est un \u00e9chec. On ne peut plus financer le mod\u00e8le de d\u00e9veloppement \u00e9conomique de Montpellier par la croissance d\u00e9mographique\u00a0\u00bb, alarme l\u2019\u00e9lu d\u2019opposition, appelant \u00e0 une politique de rupture. Les deux plus gros \u00e9checs de cette mandature ? \u00ab\u00a0La mobilit\u00e9 et la s\u00e9curit\u00e9, alors que l\u2019\u00e9quipe actuelle s\u2019en gargarise. Cela pourrait pr\u00eater \u00e0 sourire si ce n\u2019\u00e9tait pas aussi grave\u00a0\u00bb, lance celui ayant sign\u00e9 la campagne \u00ab\u00a0Mika m\u2019a tu\u00e9\u00a0\u00bb \u00e9trillant la \u00ab\u00a0vacance commerciale\u00a0\u00bb en centre-ville <a href=\"https:\/\/infoccitanie.fr\/montpellier-mika-ma-tue-quelle-est-cette-intrigante-campagne-daffichage\/\" target=\"_blank\" rel=\"noopener\">(notre article). <\/a><\/p>\n<p>\u00ab\u00a0Un terme populiste. Rien n\u2019est gratuit\u00a0\u00bb<\/p>\n<p>La gratuit\u00e9 des transports ? \u00ab\u00a0Un terme populiste. Rien n\u2019est gratuit, c\u2019est un transfert de charges de l\u2019usager vers le contribuable, r\u00e9torque le candidat. La r\u00e9alit\u00e9, c\u2019est que les usagers sont en conflit, entre voitures, transports en commun, pi\u00e9tons, deux roues, etc.\u00a0\u00bb Parlons transports, justement. Mathieu est kin\u00e9sith\u00e9rapeute depuis treize ans \u00e0 Port Marianne. Le matin, le praticien est \u00e0 domicile, l\u2019apr\u00e8s-midi \u00e0 son cabinet. \u00ab\u00a0Je mets parfois plus de temps en voiture qu\u2019en consultation !\u00a0\u00bb, regrette le papa de trois enfants. En cause selon lui : des travaux successifs, une signalisation tr\u00e9buchante, des incoh\u00e9rences dans le plan de circulation et un manque de pertinence dans la correspondance des transports en commun. \u00ab\u00a0Quand je dois aller r\u00e9cup\u00e9rer mes enfants \u00e0 l\u2019\u00e9cole vers la Chamberte, je dois sortir une heure avant pour \u00eatre s\u00fbr d\u2019y \u00eatre \u00e0 temps. Le rond-point de Pr\u00e9s d\u2019Ar\u00e8nes, un calvaire\u00a0\u00bb, souffle-t-il.<\/p>\n<p>\u00ab\u00a0On a des millions pour des arbres et des places, mais pas pour s\u00e9curiser Albert Dubout\u00a0\u00bb<\/p>\n<p>S\u2019il est \u00e9lu \u00e0 la Maison bleue, Serge Martin dit s\u2019engager \u00e0 rouvrir dans un seul sens l\u2019avenue Albert Dubout au coeur de la fronde du<a href=\"https:\/\/infoccitanie.fr\/herault-collectif-4-boulevards-michael-delafosse-est-de-mauvaise-foi\/\" target=\"_blank\" rel=\"noopener\"> collectif des 4 boulevards<\/a>. \u00ab\u00a0On est capable de d\u00e9penser des millions pour des arbres et des places, mais pas pour s\u00e9curiser Albert Dubout et le coll\u00e8ge\u2026\u00a0\u00bb, tance le candidat d\u00e9mocrate. Autre ligne programmatique : travailler avec les collectivit\u00e9s autour de la M\u00e9tropole pour construire \u00ab\u00a0des parkings \u00e0 haut niveau de service\u00a0\u00bb. Hors de question de d\u00e9clencher une guerre aux conducteurs. \u00ab\u00a0Seulement 30% des d\u00e9placements peuvent se faire en transport en commun, la voiture est n\u00e9cessaire. L\u2019id\u00e9e est de r\u00e9duire la voiture, tout en proposant des alternatives, ne pas mettre la charrue avant les boeufs !\u00a0\u00bb, mart\u00e8le Serge Martin qui remet au go\u00fbt du jour de \u00ab\u00a0vrais bus-tram, on en a des faux \u00e0 Montpellier\u00a0\u00bb. Le m\u00eame de lancer une missive \u00e0 M.Delafosse : \u00ab\u00a0Au passage, on va inaugurer une ligne de tram 5, sans la moiti\u00e9 des rames n\u00e9cessaires..\u00a0\u00bb<\/p>\n<p>\u00ab\u00a0Plus de transparence dans l\u2019attribution des logements sociaux\u00a0\u00bb<\/p>\n<p>Au chapitre logements, Laureline prend la parole. 39 ans, m\u00e8re de deux enfants, \u00e9voluant avec un salaire modeste d\u2019aide \u00e0 domicile, elle dit s\u2019\u00eatre tourn\u00e9e vers le r\u00e9seau de logements sociaux avec \u00ab\u00a0beaucoup d\u2019espoir\u00a0\u00bb. Un tas de d\u00e9marches administratives lui tombe dessus, \u00ab\u00a0je me suis d\u00e9courag\u00e9e\u00a0\u00bb. La demande est tout de m\u00eame formul\u00e9e. Dix ans apr\u00e8s, aucun retour. \u00ab\u00a0Ils m\u2019ont dit qu\u2019il fallait attendre cinq ans\u00a0\u00bb, se rem\u00e9more celle qui finit par rester dans le priv\u00e9. Laureline tire la sonnette d\u2019alarme : \u00ab\u00a0se loger \u00e0 Montpellier est tr\u00e8s compliqu\u00e9 pour les foyers modestes, les m\u00e8res seules. Il faut de la clart\u00e9 vis-\u00e0-vis des demandeurs, c\u2019est oui ou c\u2019est non\u00a0\u00bb. Serge Martin abonde : \u00ab\u00a0On a \u00e9galement besoin de plus de transparence dans l\u2019attribution de logements sociaux, il y a une opacit\u00e9 globale. A Montpellier, on ne pourra plus construire de logements pour absorber les besoins. Il faut un vrai plan de r\u00e9novation des logements \u00e0 Montpellier, et de construction de logements \u00e0 l\u2019ext\u00e9rieur de la M\u00e9tropole. Les moyens, on les a !\u00a0\u00bb. <\/p>\n<p>\u00ab\u00a0Je commence \u00e0 additionner tout ce qui a \u00e9t\u00e9 vers\u00e9 \u00e0 Halle Tropisme\u00a0\u00bb<\/p>\n<p>Les moyens, c\u2019est \u00e9galement \u00e0 destination du vivre ensemble que le candidat entend les dispatcher plus judicieusement. Et quoi de mieux que la culture pour souder la coh\u00e9sion. \u00ab\u00a0Montpellier s\u2019est construite par ses populations diverses, c\u2019est notre richesse culturelle exceptionnelle\u00a0\u00bb, reconnait Serge Martin, avant de donner aussit\u00f4t la parole \u00e0 Pascal Br\u00e9mond. N\u00e9 \u00e0 Montpellier, ce dernier a travaill\u00e9 sur la C\u00f4te d\u2019Azur, s\u2019est illustr\u00e9 dans l\u2019\u00e9v\u00e9nementiel, l\u2019audiovisuel, la production musicale\u2026 Revenu il y a quinze ans \u00e0 Montpellier, Pascal Br\u00e9mond a notamment particip\u00e9 aux biennales Euro-Africa. \u00ab\u00a0Montpellier doit s\u2019ouvrir \u00e0 un tourisme culturel \u00ab\u00a0, insiste celui qui a \u00e9galement particip\u00e9 \u00e0 la campagne de Mohed Altrad en 2020. Pascal Br\u00e9mond de fustiger la \u00ab\u00a0main mise sur la culture par un organisme priv\u00e9\u00a0\u00bb, avant de citer Halle Tropisme, coordinateur du volet culturel de la Biennale. \u00ab\u00a0Je commence \u00e0 additionner tout ce qui a \u00e9t\u00e9 vers\u00e9 depuis le d\u00e9but de mandat \u00e0 Halle Tropisme. L\u00e0, c\u2019est industriel\u00a0\u00bb, fustige Serge Martin qui entend renforcer les appels \u00e0 projets ouverts \u00e0 toutes les associations.<\/p>\n<p>Isabelle Perrein, \u00ab\u00a0la candidate du socle commun\u00a0\u00bb<\/p>\n<p>Pour la suite, Serge Martin ouvre ses bras aux bonnes \u00e2mes sociales \u00e9cologistes et d\u00e9mocratiques pour un programme de \u00ab\u00a0rupture\u00a0\u00bb, tout en soulignant n\u2019avoir aucun contact avec des listes de droite. Au sujet de Mohed Altrad, r\u00e9cemment en p\u00f4le position dans un<a href=\"https:\/\/infoccitanie.fr\/montpellier-48-estiment-qualtrad-ferait-mieux-que-la-gestion-actuelle-sondage-ifop\/\" target=\"_blank\" rel=\"noopener\"> sondage IFOP,<\/a> il pointe : \u00ab\u00a0s\u2019il avait \u00e9t\u00e9 de droite, il n\u2019aurait pas fusionn\u00e9 avec Clothilde Ollier et Alenka Doulain en 2020\u2026\u00a0\u00bb, ajoutant : \u00ab\u00a0le point commun entre Fr\u00eache et Altrad, c\u2019est qu\u2019on ne leur fera pas dire ni faire ce qu\u2019ils ne veulent pas !\u00a0\u00bb. Quant \u00e0 la candidate Isabelle Perrein : \u00ab\u00a0Aucune convergence avec elle, qui m\u00e9connait totalement ce qui fait un r\u00e9seau de transports efficace\u00a0\u00bb. Sur le volet s\u00e9curit\u00e9, Serge Martin se d\u00e9fend d\u2019une quelconque similitude avec le programme de la candidate, soutenue par le Modem, \u00ab\u00a0elle \u00e9voque une tol\u00e9rance z\u00e9ro. On ne fait pas de s\u00e9curit\u00e9 de la sorte, il faut le mettre en lien avec la pr\u00e9vention, la m\u00e9diation, la prise en charge de la jeunesse. Je compte \u00e9videmment augmenter les effectifs de police, les multiplier par deux, voire trois, et surtout le mat\u00e9riel dont il dispose\u00a0\u00bb. Le m\u00eame de conclure : \u00ab\u00a0Et puis dire que Perrein est sans \u00e9tiquette\u2026 c\u2019est pour moi la candidate du socle commun !\u00a0\u00bb.<\/p>\n","protected":false},"excerpt":{"rendered":"Le candidat aux municipales de Montpellier, Serge Martin, donne la parole \u00e0 ceux qui vivent la ville au&hellip;\n","protected":false},"author":2,"featured_media":548937,"comment_status":"","ping_status":"","sticky":false,"template":"","format":"standard","meta":{"footnotes":""},"categories":[9599],"tags":[1111,11,1777,674,1011,27,2208,3434,12,2680,25],"class_list":{"0":"post-548936","1":"post","2":"type-post","3":"status-publish","4":"format-standard","5":"has-post-thumbnail","7":"category-montpellier","8":"tag-actu","9":"tag-actualites","10":"tag-eu","11":"tag-europe","12":"tag-fr","13":"tag-france","14":"tag-montpellier","15":"tag-municipales-2026","16":"tag-news","17":"tag-occitanie","18":"tag-republique-francaise"},"share_on_mastodon":{"url":"https:\/\/pubeurope.com\/@fr\/115587291864392595","error":""},"_links":{"self":[{"href":"https:\/\/www.europesays.com\/fr\/wp-json\/wp\/v2\/posts\/548936","targetHints":{"allow":["GET"]}}],"collection":[{"href":"https:\/\/www.europesays.com\/fr\/wp-json\/wp\/v2\/posts"}],"about":[{"href":"https:\/\/www.europesays.com\/fr\/wp-json\/wp\/v2\/types\/post"}],"author":[{"embeddable":true,"href":"https:\/\/www.europesays.com\/fr\/wp-json\/wp\/v2\/users\/2"}],"replies":[{"embeddable":true,"href":"https:\/\/www.europesays.com\/fr\/wp-json\/wp\/v2\/comments?post=548936"}],"version-history":[{"count":0,"href":"https:\/\/www.europesays.com\/fr\/wp-json\/wp\/v2\/posts\/548936\/revisions"}],"wp:featuredmedia":[{"embeddable":true,"href":"https:\/\/www.europesays.com\/fr\/wp-json\/wp\/v2\/media\/548937"}],"wp:attachment":[{"href":"https:\/\/www.europesays.com\/fr\/wp-json\/wp\/v2\/media?parent=548936"}],"wp:term":[{"taxonomy":"category","embeddable":true,"href":"https:\/\/www.europesays.com\/fr\/wp-json\/wp\/v2\/categories?post=548936"},{"taxonomy":"post_tag","embeddable":true,"href":"https:\/\/www.europesays.com\/fr\/wp-json\/wp\/v2\/tags?post=548936"}],"curies":[{"name":"wp","href":"https:\/\/api.w.org\/{rel}","templated":true}]}}