{"id":548942,"date":"2025-11-21T10:49:26","date_gmt":"2025-11-21T10:49:26","guid":{"rendered":"https:\/\/www.europesays.com\/fr\/548942\/"},"modified":"2025-11-21T10:49:26","modified_gmt":"2025-11-21T10:49:26","slug":"isere-magreesource-investit-dans-une-usine-daimants-recycles","status":"publish","type":"post","link":"https:\/\/www.europesays.com\/fr\/548942\/","title":{"rendered":"Is\u00e8re : MagREEsource investit dans une usine d&rsquo;aimants recycl\u00e9s"},"content":{"rendered":"<p>Face \u00e0 la d\u00e9pen\u00addance euro\u00adp\u00e9enne aux aimants chi\u00adnois, l\u2019<a href=\"https:\/\/www.placegrenet.fr\/2023\/01\/13\/magreesource-annonce-linstallation-dune-unite-pilote-de-recyclage-et-de-production-daimants-a-grenoble-pour-2023\/589593\" rel=\"nofollow noopener\" target=\"_blank\">entre\u00adprise is\u00e9\u00adroise MagREEsource,<\/a> issue en 2020 du CNRS-Institut N\u00e9el,\u00a0passe \u00e0 la vitesse sup\u00e9\u00adrieure. Elle va injec\u00adter pas moins de 50 mil\u00adlions d\u2019eu\u00adros dans son site de\u00a0Noyarey pour \u00e9tendre ses capa\u00adci\u00adt\u00e9s de pro\u00adduc\u00adtion et pr\u00e9\u00adpa\u00adrer la construc\u00adtion de la future MagFactory, pre\u00admi\u00e8re usine euro\u00adp\u00e9enne d\u2019ai\u00admants \u00e0 grande \u00e9chelle.<\/p>\n<p>\u00ab\u00a0Ce site est un d\u00e9mons\u00adtra\u00adteur indus\u00adtriel qui nous per\u00admet de pro\u00adduire pour des clients, tout en vali\u00addant nos tech\u00adno\u00adlo\u00adgies. C\u2019est la base qui nous pr\u00e9\u00adpare \u00e0 lan\u00adcer la MagFactory dans les meilleures condi\u00adtions\u00a0\u00bb, explique Erick Petit, pr\u00e9\u00adsident et cofon\u00adda\u00adteur de MagREEsource.<\/p>\n<p>Avec cet inves\u00adtis\u00adse\u00adment, MagREEsource sou\u00adhaite conso\u00adli\u00adder son r\u00f4le de pion\u00adnier dans la r\u00e9in\u00addus\u00adtria\u00adli\u00adsa\u00adtion d\u2019une fili\u00e8re dis\u00adpa\u00adrue en Europe depuis vingt-cinq ans. \u00ab\u00a0Nous avons ici une \u00e9quipe tech\u00adnique et un labo\u00adra\u00adtoire qui nous per\u00admettent de carac\u00adt\u00e9\u00adri\u00adser la mati\u00e8re en pro\u00adfon\u00addeur, d\u2019analyser les com\u00adpo\u00adsi\u00adtions et les micro\u00adstruc\u00adtures, et de garan\u00adtir des pro\u00adduits 100\u00a0% conformes\u00a0\u00bb, pr\u00e9\u00adcise Erick\u00a0Petit.<\/p>\n<p><img fetchpriority=\"high\" decoding=\"async\" aria-describedby=\"caption-attachment-665131\" class=\"size-full wp-image-665131\" src=\"data:image\/svg+xml,%3Csvg%20xmlns=\" http:=\"\" alt=\"Aimants divers en fin de vie, apr\u00e8s d\u00e9mant\u00e8lement. Cr\u00e9dit : MagREEsource\" width=\"900\" height=\"600\" data-lazy- data-lazy- data-lazy-src=\"https:\/\/www.europesays.com\/fr\/wp-content\/uploads\/2025\/11\/aimants-divers-en-fin-de-vie-apres-demantelement.jpg\"\/><\/p>\n<p id=\"caption-attachment-665131\" class=\"wp-caption-text\">Aimants divers en fin de vie, apr\u00e8s d\u00e9man\u00adt\u00e8\u00adle\u00adment. Cr\u00e9dit\u00a0: MagREEsource<\/p>\n<p>Le site emploie aujourd\u2019hui une cin\u00adquan\u00adtaine de per\u00adsonnes et par\u00adti\u00adcipe \u00e0 des pro\u00adjets de R&amp;D euro\u00adp\u00e9ens, tout en livrant d\u00e9j\u00e0 des clients indus\u00adtriels dans des sec\u00adteurs cl\u00e9s comme l\u2019automobile, l\u2019\u00e9olien ou la d\u00e9fense.<\/p>\n","protected":false},"excerpt":{"rendered":"Face \u00e0 la d\u00e9pen\u00addance euro\u00adp\u00e9enne aux aimants chi\u00adnois, l\u2019entre\u00adprise is\u00e9\u00adroise MagREEsource, issue en 2020 du CNRS-Institut N\u00e9el,\u00a0passe \u00e0&hellip;\n","protected":false},"author":2,"featured_media":548943,"comment_status":"","ping_status":"","sticky":false,"template":"","format":"standard","meta":{"footnotes":""},"categories":[9566],"tags":[1111,11,2430,1777,674,1011,27,2731,12,25],"class_list":{"0":"post-548942","1":"post","2":"type-post","3":"status-publish","4":"format-standard","5":"has-post-thumbnail","7":"category-grenoble","8":"tag-actu","9":"tag-actualites","10":"tag-auvergne-rhone-alpes","11":"tag-eu","12":"tag-europe","13":"tag-fr","14":"tag-france","15":"tag-grenoble","16":"tag-news","17":"tag-republique-francaise"},"share_on_mastodon":{"url":"https:\/\/pubeurope.com\/@fr\/115587302369122196","error":""},"_links":{"self":[{"href":"https:\/\/www.europesays.com\/fr\/wp-json\/wp\/v2\/posts\/548942","targetHints":{"allow":["GET"]}}],"collection":[{"href":"https:\/\/www.europesays.com\/fr\/wp-json\/wp\/v2\/posts"}],"about":[{"href":"https:\/\/www.europesays.com\/fr\/wp-json\/wp\/v2\/types\/post"}],"author":[{"embeddable":true,"href":"https:\/\/www.europesays.com\/fr\/wp-json\/wp\/v2\/users\/2"}],"replies":[{"embeddable":true,"href":"https:\/\/www.europesays.com\/fr\/wp-json\/wp\/v2\/comments?post=548942"}],"version-history":[{"count":0,"href":"https:\/\/www.europesays.com\/fr\/wp-json\/wp\/v2\/posts\/548942\/revisions"}],"wp:featuredmedia":[{"embeddable":true,"href":"https:\/\/www.europesays.com\/fr\/wp-json\/wp\/v2\/media\/548943"}],"wp:attachment":[{"href":"https:\/\/www.europesays.com\/fr\/wp-json\/wp\/v2\/media?parent=548942"}],"wp:term":[{"taxonomy":"category","embeddable":true,"href":"https:\/\/www.europesays.com\/fr\/wp-json\/wp\/v2\/categories?post=548942"},{"taxonomy":"post_tag","embeddable":true,"href":"https:\/\/www.europesays.com\/fr\/wp-json\/wp\/v2\/tags?post=548942"}],"curies":[{"name":"wp","href":"https:\/\/api.w.org\/{rel}","templated":true}]}}