{"id":548958,"date":"2025-11-21T10:57:14","date_gmt":"2025-11-21T10:57:14","guid":{"rendered":"https:\/\/www.europesays.com\/fr\/548958\/"},"modified":"2025-11-21T10:57:14","modified_gmt":"2025-11-21T10:57:14","slug":"une-balle-termine-dans-son-salon","status":"publish","type":"post","link":"https:\/\/www.europesays.com\/fr\/548958\/","title":{"rendered":"une balle termine dans son salon"},"content":{"rendered":"<p>                    Par<br \/>\n        <strong><br \/>\n            <a href=\"https:\/\/actu.fr\/auteur\/laure-gentil\" title=\"Consulter tous les articles de Laure Gentil\" rel=\"nofollow noopener\" target=\"_blank\">Laure Gentil<\/a><br \/>\n                    <\/strong><\/p>\n<p>        Publi\u00e9 le<\/p>\n<p>            21 nov. 2025 \u00e0 11h27        <\/p>\n<p>Des coups de feu ont \u00e0 nouveau retenti dans le quartier Botti\u00e8re \u00e0 Nantes. Ce jeudi 20\u00a0novembre 2025, vers 21\u2009h\u200930, des tirs ont \u00e9t\u00e9 signal\u00e9s rue Victor Grignard, un point de deal connu de la cit\u00e9 des ducs de Bretagne. Selon une source polici\u00e8re, au moins <b>25 douilles ont \u00e9t\u00e9 retrouv\u00e9es <\/b>dans la rue. Il s\u2019agit d\u2019un<b> calibre 7.62<\/b>, utilis\u00e9 g\u00e9n\u00e9ralement pour des kalachnikovs (AK-47).<\/p>\n<p>Pas de bless\u00e9s<\/p>\n<p class=\" wall-content\">Il n\u2019y a, semble-t-il, pas eu de bless\u00e9s. N\u00e9anmoins, une balle a travers\u00e9 une baie vitr\u00e9e d\u2019un appartement au premier \u00e9tage d\u2019un immeuble d\u2019habitation. Elle s\u2019est log\u00e9e dans le mur du salon. Une personne se trouvait \u00e0 l\u2019int\u00e9rieur du logement mais elle n\u2019a pas \u00e9t\u00e9 touch\u00e9e.<\/p>\n<p class=\" wall-content\">La police indique que, plus t\u00f4t dans la soir\u00e9e vers 19\u2009h, deux hommes ont \u00e9t\u00e9 aper\u00e7us \u00e0 scooter dans la rue. Le passager tenait \u00ab\u2009une arme longue\u2009\u00bb.<\/p>\n<p class=\" wall-content\">Ce n\u2019est <b>pas le premier \u00e9pisode de tirs <\/b>depuis la rentr\u00e9e. Un <a href=\"https:\/\/actu.fr\/pays-de-la-loire\/nantes_44109\/tirs-a-nantes-des-personnes-blessees-apres-des-nouveaux-coups-de-feu-dans-ce-quartier_63146764.html\" rel=\"nofollow noopener\" target=\"_blank\">autre point de deal a \u00e9t\u00e9 le th\u00e9\u00e2tre de tirs en septembre.<\/a> En octobre, une<a href=\"https:\/\/actu.fr\/pays-de-la-loire\/nantes_44109\/des-coups-de-feu-eclatent-en-plein-jour-dans-le-quartier-bottiere-a-nantes-une-enquete-ouverte_63241378.html\" rel=\"nofollow noopener\" target=\"_blank\"> quinzaine de douilles ont \u00e9t\u00e9 trouv\u00e9es rue Louis Guiotton<\/a>, toujours dans le quartier Botti\u00e8re et le\u00a0<a href=\"https:\/\/actu.fr\/pays-de-la-loire\/nantes_44109\/coups-de-feu-a-nantes-une-maison-visee-par-des-tirs-de-gros-calibre_63447244.html\" rel=\"nofollow noopener\" target=\"_blank\">17\u00a0novembre, des coups de feu ont \u00e9t\u00e9 entendus pr\u00e8s du boulevard de la Prairie de Mauves<\/a>.<\/p>\n<p class=\" wall-content\">Personnalisez votre actualit\u00e9 en ajoutant vos villes et m\u00e9dias en favori avec <a href=\"https:\/\/moncompte.actu.fr\" title=\"D\u00e9couvez Mon Actu\" rel=\"nofollow noopener\" data-trk=\"{&quot;cta&quot;:{&quot;action&quot;:&quot;https:\\\/\\\/moncompte.actu.fr&quot;,&quot;category&quot;:&quot;mon compte&quot;,&quot;from&quot;:&quot;article footer&quot;,&quot;name&quot;:&quot;Mon actu&quot;,&quot;type&quot;:&quot;cta&quot;}}\" target=\"_blank\">Mon Actu<\/a>.<\/p>\n","protected":false},"excerpt":{"rendered":"Par Laure Gentil Publi\u00e9 le 21 nov. 2025 \u00e0 11h27 Des coups de feu ont \u00e0 nouveau retenti&hellip;\n","protected":false},"author":2,"featured_media":548959,"comment_status":"","ping_status":"","sticky":false,"template":"","format":"standard","meta":{"footnotes":""},"categories":[2818],"tags":[1111,11,1777,674,118,1011,27,766,12,2636,1072,25],"class_list":{"0":"post-548958","1":"post","2":"type-post","3":"status-publish","4":"format-standard","5":"has-post-thumbnail","7":"category-nantes","8":"tag-actu","9":"tag-actualites","10":"tag-eu","11":"tag-europe","12":"tag-faits-divers","13":"tag-fr","14":"tag-france","15":"tag-nantes","16":"tag-news","17":"tag-pays-de-la-loire","18":"tag-police","19":"tag-republique-francaise"},"share_on_mastodon":{"url":"https:\/\/pubeurope.com\/@fr\/115587333794526553","error":""},"_links":{"self":[{"href":"https:\/\/www.europesays.com\/fr\/wp-json\/wp\/v2\/posts\/548958","targetHints":{"allow":["GET"]}}],"collection":[{"href":"https:\/\/www.europesays.com\/fr\/wp-json\/wp\/v2\/posts"}],"about":[{"href":"https:\/\/www.europesays.com\/fr\/wp-json\/wp\/v2\/types\/post"}],"author":[{"embeddable":true,"href":"https:\/\/www.europesays.com\/fr\/wp-json\/wp\/v2\/users\/2"}],"replies":[{"embeddable":true,"href":"https:\/\/www.europesays.com\/fr\/wp-json\/wp\/v2\/comments?post=548958"}],"version-history":[{"count":0,"href":"https:\/\/www.europesays.com\/fr\/wp-json\/wp\/v2\/posts\/548958\/revisions"}],"wp:featuredmedia":[{"embeddable":true,"href":"https:\/\/www.europesays.com\/fr\/wp-json\/wp\/v2\/media\/548959"}],"wp:attachment":[{"href":"https:\/\/www.europesays.com\/fr\/wp-json\/wp\/v2\/media?parent=548958"}],"wp:term":[{"taxonomy":"category","embeddable":true,"href":"https:\/\/www.europesays.com\/fr\/wp-json\/wp\/v2\/categories?post=548958"},{"taxonomy":"post_tag","embeddable":true,"href":"https:\/\/www.europesays.com\/fr\/wp-json\/wp\/v2\/tags?post=548958"}],"curies":[{"name":"wp","href":"https:\/\/api.w.org\/{rel}","templated":true}]}}