{"id":548970,"date":"2025-11-21T11:04:11","date_gmt":"2025-11-21T11:04:11","guid":{"rendered":"https:\/\/www.europesays.com\/fr\/548970\/"},"modified":"2025-11-21T11:04:11","modified_gmt":"2025-11-21T11:04:11","slug":"a-une-heure-de-lille-lun-des-plus-beaux-evenements-de-noel-deurope-debute-ce-vendredi","status":"publish","type":"post","link":"https:\/\/www.europesays.com\/fr\/548970\/","title":{"rendered":"A une heure de Lille, l&rsquo;un des plus beaux \u00e9v\u00e9nements de No\u00ebl d&rsquo;Europe d\u00e9bute ce vendredi"},"content":{"rendered":"<p>                    Par<br \/>\n        <strong><br \/>\n            <a href=\"https:\/\/actu.fr\/auteur\/nicolas-demollien\" title=\"Consulter tous les articles de Nicolas Demollien\" rel=\"nofollow noopener\" target=\"_blank\">Nicolas Demollien<\/a><br \/>\n                    <\/strong><\/p>\n<p>        Publi\u00e9 le<\/p>\n<p>            21 nov. 2025 \u00e0 11h54        <\/p>\n<p>Si vous n\u2019avez pas encore eu la chance de le d\u00e9couvrir, foncez ! A <b>seulement une heure<\/b> de <a href=\"https:\/\/actu.fr\/hauts-de-france\/lille_59350\" rel=\"nofollow noopener\" target=\"_blank\">Lille<\/a> (Nord), le<b> march\u00e9 <\/b>de <a href=\"https:\/\/actu.fr\/tag\/noel\" rel=\"nofollow noopener\" target=\"_blank\">No\u00ebl<\/a> de<b> Bruges<\/b> (<a href=\"https:\/\/actu.fr\/tag\/belgique\" rel=\"nofollow noopener\" target=\"_blank\">Belgique<\/a>) ouvre ses portes ce vendredi 21 novembre 2025, accompagn\u00e9 d\u2019un \u00e9norme \u00e9v\u00e9nement. Comme chaque ann\u00e9e, ses <b>nombreuses animations<\/b> devraient attirer des milliers de personnes. Il faut dire qu\u2019il est aujourd\u2019hui consid\u00e9r\u00e9 comme l\u2019<b>un des plus beaux de ce type en Europe<\/b>.<\/p>\n<p>A une heure de Lille, plongez dans l\u2019incroyable atmosph\u00e8re de No\u00ebl \u00e0 Bruges<\/p>\n<p class=\" wall-content\">Il faut dire que Bruges est <a href=\"https:\/\/actu.fr\/loisirs-culture\/a-une-heure-de-lille-decouvrez-lune-des-plus-belles-villes-deurope_60507408.html\" rel=\"nofollow noopener\" target=\"_blank\">d\u00e9j\u00e0 consid\u00e9r\u00e9 comme une destination phare<\/a> pour passer un magnifique moment. Alors quand vient l\u2019heure des f\u00eates de fin d\u2019ann\u00e9e, la ville se pare de ses<b> plus belles d\u00e9corations<\/b> et propose un <b>march\u00e9 de No\u00ebl en deux lieux<\/b> :<\/p>\n<ul class=\" wall-content\">\n<li>le <b>Markt<\/b> (sur la Grand\u2019Place) o\u00f9 vous trouverez \u00ab\u00a0tout ce que vous pouvez attendre d\u2019un march\u00e9 de No\u00ebl traditionnel\u00a0\u00bb, selon l\u2019office de tourisme local ;<\/li>\n<li>la <b>Simon Stevinplein<\/b> (Place Simon Stevin) \u00ab\u00a0o\u00f9 l\u2019accent est mis sur les produits \u00e0 cha\u00eene courte et l\u2019artisanat\u00a0\u00bb.<\/li>\n<\/ul>\n<p class=\" wall-content\">Les stands de vente sont particuli\u00e8rement agr\u00e9ables et vous permettront sans nul doute de d\u00e9nicher quelques perles.<\/p>\n<p class=\" wall-content\">Mais No\u00ebl \u00e0 Bruges, ce ne sont pas seulement deux march\u00e9s. C\u2019est aussi et surtout le <b>grand \u00e9v\u00e9nement intitul\u00e9 \u00ab\u00a0Lueurs d\u2019hiver\u00a0\u00bb<\/b>. Il vous propose un <b>parcours lumineux<\/b>, une <b>patinoire<\/b> dans le parc du Roi Albert Ier) ou encore un <b>bar d\u2019hiver<\/b>.<\/p>\n<p>    <a href=\"https:\/\/www.facebook.com\/plugins\/post.php?href=https%3A%2F%2Fwww.facebook.com%2FVisitBruges%2Fposts%2Fpfbid04x2ZpRfq3SnGpi2fKUUBHPH4dnwGd3iHuc15mBtdWemnxTKhysmWpmykYWSfQ3Q1l&amp;show_text=true&amp;width=350\" title=\"Ouvrie le lien\" rel=\"nofollow noopener\" target=\"_blank\">Cliquez ici pour visualiser le contenu<\/a><\/p>\n<p class=\" wall-content\">Sans parler des <b>magnifiques d\u00e9corations<\/b> de No\u00ebl mises en place dans le <b>centre historique<\/b> qui lui donnent une atmosph\u00e8re si particuli\u00e8re. De quoi \u00ab\u00a0profiter de la ville sous son plus beau jour en hiver\u00a0\u00bb.<\/p>\n<p>Votre r\u00e9gion, votre actu !<\/p>\n<p>Recevez chaque jour les infos qui comptent pour vous.<\/p>\n<p>\t<a href=\"https:\/\/actu.fr\/newsletter\" class=\"ac-btn ac-btn--corner ac-btn--medium ac-btn--blue800\" rel=\"nofollow noopener\" target=\"_blank\">S&rsquo;incrire<\/a><\/p>\n<p class=\" wall-content\">Plus d\u2019infos sur le site <a href=\"https:\/\/www.visitbruges.be\/fr\/lueur-dhiver\" rel=\"nofollow noopener\" target=\"_blank\">visitbruges.be<\/a><\/p>\n<p class=\" wall-content\">Personnalisez votre actualit\u00e9 en ajoutant vos villes et m\u00e9dias en favori avec <a href=\"https:\/\/moncompte.actu.fr\" title=\"D\u00e9couvez Mon Actu\" rel=\"nofollow noopener\" data-trk=\"{&quot;cta&quot;:{&quot;action&quot;:&quot;https:\\\/\\\/moncompte.actu.fr&quot;,&quot;category&quot;:&quot;mon compte&quot;,&quot;from&quot;:&quot;article footer&quot;,&quot;name&quot;:&quot;Mon actu&quot;,&quot;type&quot;:&quot;cta&quot;}}\" target=\"_blank\">Mon Actu<\/a>.<\/p>\n","protected":false},"excerpt":{"rendered":"Par Nicolas Demollien Publi\u00e9 le 21 nov. 2025 \u00e0 11h54 Si vous n\u2019avez pas encore eu la chance&hellip;\n","protected":false},"author":2,"featured_media":548971,"comment_status":"","ping_status":"","sticky":false,"template":"","format":"standard","meta":{"footnotes":""},"categories":[2815],"tags":[1111,11,828,1777,674,1011,27,811,1307,1652,12,15830,25],"class_list":{"0":"post-548970","1":"post","2":"type-post","3":"status-publish","4":"format-standard","5":"has-post-thumbnail","7":"category-lille","8":"tag-actu","9":"tag-actualites","10":"tag-belgique","11":"tag-eu","12":"tag-europe","13":"tag-fr","14":"tag-france","15":"tag-hauts-de-france","16":"tag-lille","17":"tag-loisirs-culture","18":"tag-news","19":"tag-noel","20":"tag-republique-francaise"},"share_on_mastodon":{"url":"https:\/\/pubeurope.com\/@fr\/115587361489884595","error":""},"_links":{"self":[{"href":"https:\/\/www.europesays.com\/fr\/wp-json\/wp\/v2\/posts\/548970","targetHints":{"allow":["GET"]}}],"collection":[{"href":"https:\/\/www.europesays.com\/fr\/wp-json\/wp\/v2\/posts"}],"about":[{"href":"https:\/\/www.europesays.com\/fr\/wp-json\/wp\/v2\/types\/post"}],"author":[{"embeddable":true,"href":"https:\/\/www.europesays.com\/fr\/wp-json\/wp\/v2\/users\/2"}],"replies":[{"embeddable":true,"href":"https:\/\/www.europesays.com\/fr\/wp-json\/wp\/v2\/comments?post=548970"}],"version-history":[{"count":0,"href":"https:\/\/www.europesays.com\/fr\/wp-json\/wp\/v2\/posts\/548970\/revisions"}],"wp:featuredmedia":[{"embeddable":true,"href":"https:\/\/www.europesays.com\/fr\/wp-json\/wp\/v2\/media\/548971"}],"wp:attachment":[{"href":"https:\/\/www.europesays.com\/fr\/wp-json\/wp\/v2\/media?parent=548970"}],"wp:term":[{"taxonomy":"category","embeddable":true,"href":"https:\/\/www.europesays.com\/fr\/wp-json\/wp\/v2\/categories?post=548970"},{"taxonomy":"post_tag","embeddable":true,"href":"https:\/\/www.europesays.com\/fr\/wp-json\/wp\/v2\/tags?post=548970"}],"curies":[{"name":"wp","href":"https:\/\/api.w.org\/{rel}","templated":true}]}}