{"id":548991,"date":"2025-11-21T11:17:16","date_gmt":"2025-11-21T11:17:16","guid":{"rendered":"https:\/\/www.europesays.com\/fr\/548991\/"},"modified":"2025-11-21T11:17:16","modified_gmt":"2025-11-21T11:17:16","slug":"athenes-repond-a-moscou-que-la-signature-daccords-est-un-droit-naturel","status":"publish","type":"post","link":"https:\/\/www.europesays.com\/fr\/548991\/","title":{"rendered":"Ath\u00e8nes r\u00e9pond \u00e0 Moscou que la signature d\u2019accords est un \u00ab droit naturel \u00bb"},"content":{"rendered":"<p style=\"text-align:justify;\">AA \/ Ath\u00e8nes \/ Derya Gulnaz Ozcan<\/p>\n<p style=\"text-align:justify;\">Des diplomates grecs ont r\u00e9agi, vendredi, aux d\u00e9clarations de la Russie suite \u00e0 la d\u00e9cision de la Gr\u00e8ce de produire conjointement un drone de surface (USV) avec l&rsquo;Ukraine : \u00ab Conclure des accords inter\u00e9tatiques est un droit naturel pour tout pays. \u00bb<\/p>\n<p style=\"text-align:justify;\">Des sources diplomatiques ont r\u00e9pondu \u00e0 la d\u00e9claration de la porte-parole du minist\u00e8re russe des Affaires \u00e9trang\u00e8res, Maria Zakharova, concernant la d\u00e9cision de la Gr\u00e8ce de produire un USV avec l&rsquo;Ukraine, d\u00e9clarent les m\u00e9dias grecs,<\/p>\n<p style=\"text-align:justify;\">Ces sources ont affirm\u00e9 que la Gr\u00e8ce a toujours respect\u00e9 le droit international et le principe du respect des \u00c9tats.<\/p>\n<p style=\"text-align:justify;\">Elles ont ajout\u00e9 : \u00ab Conclure des accords inter\u00e9tatiques est un droit naturel pour tout pays. Les accords entre des pays comme la Gr\u00e8ce et l&rsquo;Ukraine, en particulier, garantissent l&rsquo;autosuffisance et la s\u00e9curit\u00e9 \u00e9nerg\u00e9tiques, essentielles au bien-\u00eatre humain. Les menaces contre les \u00c9tats souverains sont inacceptables.\u00bb<\/p>\n<p style=\"text-align:justify;\">&#8211; La Gr\u00e8ce et l&rsquo;Ukraine ont convenu de produire conjointement un drone de surface (USV).<\/p>\n<p style=\"text-align:justify;\">Lors de sa visite \u00e0 Ath\u00e8nes le dimanche, le pr\u00e9sident ukrainien Volodymyr Zelensky a annonc\u00e9 la production conjointe d&rsquo;un drone de surface (USV).<\/p>\n<p style=\"text-align:justify;\">Un communiqu\u00e9 conjoint relatif \u00e0 cette visite a indiqu\u00e9 que \u00ab Les parties sont convenues d&rsquo;approfondir leur coop\u00e9ration en mati\u00e8re de d\u00e9fense et de s\u00e9curit\u00e9 maritime, notamment par le d\u00e9veloppement et le d\u00e9ploiement de drones de surface, des exercices et des entra\u00eenements conjoints sur les syst\u00e8mes maritimes autonomes, ainsi que le partage d&rsquo;informations sur les menaces maritimes.\u00bb<\/p>\n<p style=\"text-align:justify;\">&#8211; \u00ab La Gr\u00e8ce adopte une attitude hostile envers la Russie \u00bb, estime Maria Zakharova<\/p>\n<p style=\"text-align:justify;\">La porte-parole du minist\u00e8re russe des Affaires \u00e9trang\u00e8res, Maria Zakharova, a d\u00e9clar\u00e9, jeudi, lors d&rsquo;une conf\u00e9rence de presse hebdomadaire, que la Russie \u00ab r\u00e9pondrait comme il se doit \u00bb \u00e0 la d\u00e9cision grecque de produire conjointement un drone de surface (USV) avec l&rsquo;Ukraine, ajoutant que \u00ab La Gr\u00e8ce m\u00e8ne une politique provocatrice et conflictuelle et adopte une attitude hostile envers la Russie.\u00bb<\/p>\n<p style=\"text-align:justify;\">* Traduit du turc par Mariem Njeh<\/p>\n<p>                            &#13;<br \/>\n                                <a href=\"https:\/\/www.aa.com.tr\/fr\/p\/abonnement\/1001\" target=\"_blank\" style=\"font-size:12px; color:#444; text-decoration:none;\" rel=\"noopener\">&#13;<br \/>\n                                    Seulement une partie des d\u00e9p\u00eaches, que l&rsquo;Agence Anadolu diffuse \u00e0 ses abonn\u00e9s via le Syst\u00e8me de Diffusion interne (HAS), est diffus\u00e9e sur le site de l&rsquo;AA, de mani\u00e8re r\u00e9sum\u00e9e. <b style=\"color:#1897F7\">Contactez-nous s&rsquo;il vous pla\u00eet pour vous abonner.<\/b>&#13;<br \/>\n                                <\/a>&#13;<\/p>\n","protected":false},"excerpt":{"rendered":"AA \/ Ath\u00e8nes \/ Derya Gulnaz Ozcan Des diplomates grecs ont r\u00e9agi, vendredi, aux d\u00e9clarations de la Russie&hellip;\n","protected":false},"author":2,"featured_media":548992,"comment_status":"","ping_status":"","sticky":false,"template":"","format":"standard","meta":{"footnotes":""},"categories":[1591],"tags":[11,1785,564,1887,33079,12,1885,1886,132,220],"class_list":{"0":"post-548991","1":"post","2":"type-post","3":"status-publish","4":"format-standard","5":"has-post-thumbnail","7":"category-russie","8":"tag-actualites","9":"tag-anadolu-ajansi","10":"tag-drone","11":"tag-federation-de-russie","12":"tag-grce","13":"tag-news","14":"tag-russia","15":"tag-russian-federation","16":"tag-russie","17":"tag-ukraine"},"share_on_mastodon":{"url":"https:\/\/pubeurope.com\/@fr\/115587412466501480","error":""},"_links":{"self":[{"href":"https:\/\/www.europesays.com\/fr\/wp-json\/wp\/v2\/posts\/548991","targetHints":{"allow":["GET"]}}],"collection":[{"href":"https:\/\/www.europesays.com\/fr\/wp-json\/wp\/v2\/posts"}],"about":[{"href":"https:\/\/www.europesays.com\/fr\/wp-json\/wp\/v2\/types\/post"}],"author":[{"embeddable":true,"href":"https:\/\/www.europesays.com\/fr\/wp-json\/wp\/v2\/users\/2"}],"replies":[{"embeddable":true,"href":"https:\/\/www.europesays.com\/fr\/wp-json\/wp\/v2\/comments?post=548991"}],"version-history":[{"count":0,"href":"https:\/\/www.europesays.com\/fr\/wp-json\/wp\/v2\/posts\/548991\/revisions"}],"wp:featuredmedia":[{"embeddable":true,"href":"https:\/\/www.europesays.com\/fr\/wp-json\/wp\/v2\/media\/548992"}],"wp:attachment":[{"href":"https:\/\/www.europesays.com\/fr\/wp-json\/wp\/v2\/media?parent=548991"}],"wp:term":[{"taxonomy":"category","embeddable":true,"href":"https:\/\/www.europesays.com\/fr\/wp-json\/wp\/v2\/categories?post=548991"},{"taxonomy":"post_tag","embeddable":true,"href":"https:\/\/www.europesays.com\/fr\/wp-json\/wp\/v2\/tags?post=548991"}],"curies":[{"name":"wp","href":"https:\/\/api.w.org\/{rel}","templated":true}]}}