{"id":548999,"date":"2025-11-21T11:22:16","date_gmt":"2025-11-21T11:22:16","guid":{"rendered":"https:\/\/www.europesays.com\/fr\/548999\/"},"modified":"2025-11-21T11:22:16","modified_gmt":"2025-11-21T11:22:16","slug":"la-valeur-du-jour-en-europe-canal-a-la-gagne-apres-la-conservation-des-droits-de-diffusion-des-coupes-deurope-de-foot","status":"publish","type":"post","link":"https:\/\/www.europesays.com\/fr\/548999\/","title":{"rendered":"La valeur du jour en Europe- Canal + a la gagne apr\u00e8s la conservation des droits de diffusion des Coupes d&rsquo;Europe de foot"},"content":{"rendered":"<p>(AOF) &#8211; Canal + grimpe de 6,80 euros, \u00e0 246,50 pence, \u00e0 la bourse londonienne, apr\u00e8s avoir conserv\u00e9 l\u2019int\u00e9gralit\u00e9 des droits TV en France des Coupes d\u2019Europe, dont celles de la Ligue des champions, pour la p\u00e9riode 2027-2031. Le groupe audiovisuel fran\u00e7ais, c\u00f4t\u00e9 \u00e0 Londres depuis d\u00e9cembre 2024 et la scission de Vivendi, d\u00e9boursait 480 millions d\u2019euros par saison pour diffuser en France les trois \u00e9preuves continentales (Ligue des champions, Ligue Europa, Ligue Conf\u00e9rence). Il a gard\u00e9 son exclusivit\u00e9 \u00e0 un prix \u00abl\u00e9g\u00e8rement inf\u00e9rieur au contrat en cours\u00bb, selon une source proche du dossier. <\/p>\n<p>Cette annonce constitue une bonne nouvelle pour l&rsquo;entreprise pr\u00e9sid\u00e9e par Maxime Saada alors que la cha\u00eene ne diffuse plus la Ligue 1 depuis la saison 2024-2025.<\/p>\n<p>Pour Bank of America, qui maintient sa recommandation \u00e0 l&rsquo;Achat sur le titre, \u00ab\u00a0cela donne \u00e0 Canal+ une plus grande visibilit\u00e9 sur son offre sportive\u00a0\u00bb.\u00a0 Avant de poursuivre: \u00ab\u00a0L&rsquo;accord devrait visiblement stimuler la rentabilit\u00e9 de Canal en France et au niveau du groupe\u00a0\u00bb.\u00a0<\/p>\n<p>Canal +,\u00a0dont le premier actionnaire est le groupe Bollor\u00e9, avait\u00a0confirm\u00e9 ses perspectives annuelles, indiquant \u00eatre en bonne voie pour atteindre les objectifs de chiffre d&rsquo;affaires 2025 et d&rsquo;Ebita \u00e0 environ 515 millions d&rsquo;euros. La soci\u00e9t\u00e9 a \u00e9galement r\u00e9affirm\u00e9 sa pr\u00e9vision de tr\u00e9sorerie: des flux nets de tr\u00e9sorerie op\u00e9rationnels sup\u00e9rieurs \u00e0 500 millions d&rsquo;euros et des flux de tr\u00e9sorerie disponibles sup\u00e9rieurs \u00e0 370 millions d&rsquo;euros.<\/p>\n","protected":false},"excerpt":{"rendered":"(AOF) &#8211; Canal + grimpe de 6,80 euros, \u00e0 246,50 pence, \u00e0 la bourse londonienne, apr\u00e8s avoir conserv\u00e9&hellip;\n","protected":false},"author":2,"featured_media":118911,"comment_status":"","ping_status":"","sticky":false,"template":"","format":"standard","meta":{"footnotes":""},"categories":[1586],"tags":[11,1777,674,1011,27,12,25],"class_list":{"0":"post-548999","1":"post","2":"type-post","3":"status-publish","4":"format-standard","5":"has-post-thumbnail","7":"category-europe","8":"tag-actualites","9":"tag-eu","10":"tag-europe","11":"tag-fr","12":"tag-france","13":"tag-news","14":"tag-republique-francaise"},"share_on_mastodon":{"url":"https:\/\/pubeurope.com\/@fr\/115587432195728794","error":""},"_links":{"self":[{"href":"https:\/\/www.europesays.com\/fr\/wp-json\/wp\/v2\/posts\/548999","targetHints":{"allow":["GET"]}}],"collection":[{"href":"https:\/\/www.europesays.com\/fr\/wp-json\/wp\/v2\/posts"}],"about":[{"href":"https:\/\/www.europesays.com\/fr\/wp-json\/wp\/v2\/types\/post"}],"author":[{"embeddable":true,"href":"https:\/\/www.europesays.com\/fr\/wp-json\/wp\/v2\/users\/2"}],"replies":[{"embeddable":true,"href":"https:\/\/www.europesays.com\/fr\/wp-json\/wp\/v2\/comments?post=548999"}],"version-history":[{"count":0,"href":"https:\/\/www.europesays.com\/fr\/wp-json\/wp\/v2\/posts\/548999\/revisions"}],"wp:featuredmedia":[{"embeddable":true,"href":"https:\/\/www.europesays.com\/fr\/wp-json\/wp\/v2\/media\/118911"}],"wp:attachment":[{"href":"https:\/\/www.europesays.com\/fr\/wp-json\/wp\/v2\/media?parent=548999"}],"wp:term":[{"taxonomy":"category","embeddable":true,"href":"https:\/\/www.europesays.com\/fr\/wp-json\/wp\/v2\/categories?post=548999"},{"taxonomy":"post_tag","embeddable":true,"href":"https:\/\/www.europesays.com\/fr\/wp-json\/wp\/v2\/tags?post=548999"}],"curies":[{"name":"wp","href":"https:\/\/api.w.org\/{rel}","templated":true}]}}