{"id":549000,"date":"2025-11-21T11:23:20","date_gmt":"2025-11-21T11:23:20","guid":{"rendered":"https:\/\/www.europesays.com\/fr\/549000\/"},"modified":"2025-11-21T11:23:20","modified_gmt":"2025-11-21T11:23:20","slug":"lue-dit-ne-pas-avoir-recu-le-plan-de-paix-americain-et-compte-en-discuter-au-g20","status":"publish","type":"post","link":"https:\/\/www.europesays.com\/fr\/549000\/","title":{"rendered":"l&rsquo;UE dit ne pas avoir re\u00e7u le plan de paix am\u00e9ricain et compte en discuter au G20"},"content":{"rendered":"<p>Les \u00c9tats-Unis ont propos\u00e9 mercredi une nouvelle proposition de paix \u00e0 l&rsquo;Ukraine en 28 points, incluant notamment\u00a0la \u00ab\u00a0reconnaissance de (l&rsquo;annexion de) la Crim\u00e9e et d&rsquo;autres r\u00e9gions prises par la Russie\u00a0\u00bb.<\/p>\n<p>Le <a href=\"https:\/\/www.bfmtv.com\/international\/europe\/ukraine\/cessions-de-territoires-otan-reconstruction-ce-que-l-on-sait-sur-le-plan-de-paix-americain-pour-l-ukraine_AD-202511210257.html\" title=\"Cessions de territoires, Otan, arm\u00e9e limit\u00e9e\u2026 Ce que l&#039;on sait sur le plan de paix am\u00e9ricain pour l&#039;Ukraine\" class=\"internal_link\" rel=\"nofollow noopener\" target=\"_blank\">plan am\u00e9ricain pour l&rsquo;Ukraine<\/a> n&rsquo;a pas \u00e9t\u00e9 officiellement communiqu\u00e9 \u00e0 l&rsquo;Union europ\u00e9enne, qui compte en discuter lors du sommet du G20 ce weekend \u00e0 Johannesburg, ont indiqu\u00e9 ce vendredi 21 novembre le pr\u00e9sident du Conseil europ\u00e9en, Antonio Costa, et la pr\u00e9sidente de la Commission, Ursula von der Leyen.<\/p>\n<p>\u00ab\u00a0Aucun plan n&rsquo;a \u00e9t\u00e9 communiqu\u00e9 de mani\u00e8re officielle \u00e0 l&rsquo;Union europ\u00e9enne\u00a0\u00bb, a d\u00e9clar\u00e9 Antonio Costa, interrog\u00e9 lors d&rsquo;une conf\u00e9rence de presse \u00e0 Johannesburg. \u00ab\u00a0\u00c0 ce stade, \u00e7a n&rsquo;a pas de sens pour nous de commenter\u00a0\u00bb, a-t-il ajout\u00e9.<\/p>\n<p>\u00ab\u00a0Nous discuterons de la situation, \u00e0 la fois avec les dirigeants europ\u00e9ens et avec les dirigeants ici en marge du G20. Je vais aussi contacter le pr\u00e9sident Zelensky pour discuter du sujet\u00a0\u00bb, a pr\u00e9cis\u00e9 Ursula von der Leyen.<\/p>\n<p>Le plan am\u00e9ricain, consult\u00e9 par l&rsquo;AFP, propose 28 points pour aboutir \u00e0 un r\u00e8glement du conflit russo-ukrainien. Il reprend les conditions maximalistes <strong><a href=\"https:\/\/www.bfmtv.com\/international\/amerique-nord\/etats-unis\/video-plan-de-paix-de-washington-pour-les-americains-l-ukraine-n-a-aucune-chance-de-gagner-la-guerre-estime-ulrich-bounat-analyste-geopolitique_VN-202511200709.html\" title=\"Plan de paix de Washington: pour les Am\u00e9ricains, &quot;l\u2019Ukraine n\u2019a aucune chance de gagner la guerre&quot;, estime Ulrich Bounat, analyste g\u00e9opolitique\" class=\"internal_link\" rel=\"nofollow noopener\" target=\"_blank\">avanc\u00e9es pr\u00e9c\u00e9demment par la Russie<\/a><\/strong> et d\u00e9j\u00e0 rejet\u00e9es dans le pass\u00e9 par l&rsquo;Ukraine qui les voyait comme \u00e9quivalant \u00e0 une capitulation de facto.<\/p>\n<p>Une \u00ab\u00a0liste de sujets\u00a0\u00bb \u00e0 discuter<\/p>\n<p>Pour le ministre allemand des Affaires \u00e9trang\u00e8res Johann Wadephul, le plan am\u00e9ricain n&rsquo;est pas un \u00ab\u00a0v\u00e9ritable plan\u00a0\u00bb mais plut\u00f4t une \u00ab\u00a0liste de sujets\u00a0\u00bb \u00e0 discuter. \u00ab\u00a0Je consid\u00e8re cela comme une liste de sujets qui doivent \u00eatre rapidement discut\u00e9s entre l&rsquo;Ukraine et la Russie\u00a0\u00bb, a-t-il d\u00e9clar\u00e9 \u00e0 Bruxelles, avant le d\u00e9but d&rsquo;un forum entre l&rsquo;Union europ\u00e9enne et des pays d&rsquo;Asie et d&rsquo;Oc\u00e9anie.<\/p>\n<p>\u00ab\u00a0Ce n&rsquo;est pas un v\u00e9ritable plan, mais simplement une liste de sujets\u00a0\u00bb, a-t-il insist\u00e9, rappelant que la position europ\u00e9enne face \u00e0 ce plan am\u00e9ricain \u00e9tait le \u00ab\u00a0soutien\u00a0\u00bb \u00e0 l&rsquo;Ukraine.<\/p>\n<p>\u00ab\u00a0Nous voulons nous assurer que l&rsquo;Ukraine puisse discuter de ces points \u00e0 partir d&rsquo;une position de n\u00e9gociation forte, et c&rsquo;est l&rsquo;Ukraine qui d\u00e9cidera des compromis qu&rsquo;elle est pr\u00eate \u00e0 faire\u00a0\u00bb, a-t-il ajout\u00e9.<\/p>\n<p><img decoding=\"async\" src=\"https:\/\/www.europesays.com\/fr\/wp-content\/uploads\/2025\/05\/principale-24_1.png\"  alt=\"Rafale, drones, missiles: que contient la lettre d\u2019intention sign\u00e9e par la France et l\u2019Ukraine? \" title=\"Rafale, drones, missiles: que contient la lettre d\u2019intention sign\u00e9e par la France et l\u2019Ukraine? \"\/>Rafale, drones, missiles: que contient la lettre d\u2019intention sign\u00e9e par la France et l\u2019Ukraine?<\/p>\n<p>La paix en Ukraine ne peut se faire qu&rsquo;avec les Europ\u00e9ens, sans \u00ab\u00a0capitulation\u00a0\u00bb, ont rappel\u00e9 jeudi les ministres des Affaires \u00e9trang\u00e8res de l&rsquo;Union europ\u00e9enne, r\u00e9unis \u00e0 Bruxelles. \u00ab\u00a0Pour qu&rsquo;un plan fonctionne, il faut que les Ukrainiens et les Europ\u00e9ens soient impliqu\u00e9s, c&rsquo;est tr\u00e8s clair\u00a0\u00bb, avait ainsi d\u00e9clar\u00e9 Kaja Kallas, la cheffe de la diplomatie de l&rsquo;UE.<\/p>\n<p>Le plan en 28 points pr\u00e9sent\u00e9 par les Etats-Unis pr\u00e9voit notamment que Kiev c\u00e8de \u00e0 la Russie les r\u00e9gions de Donetsk et Lougansk, dans l&rsquo;est du pays, que la Russie r\u00e9int\u00e8gre le G8 et que l&rsquo;Ukraine r\u00e9duise son arm\u00e9e et ne rejoigne jamais l&rsquo;Otan.<\/p>\n","protected":false},"excerpt":{"rendered":"Les \u00c9tats-Unis ont propos\u00e9 mercredi une nouvelle proposition de paix \u00e0 l&rsquo;Ukraine en 28 points, incluant notamment\u00a0la \u00ab\u00a0reconnaissance&hellip;\n","protected":false},"author":2,"featured_media":452060,"comment_status":"","ping_status":"","sticky":false,"template":"","format":"standard","meta":{"footnotes":""},"categories":[1586],"tags":[11,1777,674,1779,1011,27,12,25,1778,364],"class_list":{"0":"post-549000","1":"post","2":"type-post","3":"status-publish","4":"format-standard","5":"has-post-thumbnail","7":"category-europe","8":"tag-actualites","9":"tag-eu","10":"tag-europe","11":"tag-european-union","12":"tag-fr","13":"tag-france","14":"tag-news","15":"tag-republique-francaise","16":"tag-ue","17":"tag-union-europeenne"},"share_on_mastodon":{"url":"https:\/\/pubeurope.com\/@fr\/115587437258003323","error":""},"_links":{"self":[{"href":"https:\/\/www.europesays.com\/fr\/wp-json\/wp\/v2\/posts\/549000","targetHints":{"allow":["GET"]}}],"collection":[{"href":"https:\/\/www.europesays.com\/fr\/wp-json\/wp\/v2\/posts"}],"about":[{"href":"https:\/\/www.europesays.com\/fr\/wp-json\/wp\/v2\/types\/post"}],"author":[{"embeddable":true,"href":"https:\/\/www.europesays.com\/fr\/wp-json\/wp\/v2\/users\/2"}],"replies":[{"embeddable":true,"href":"https:\/\/www.europesays.com\/fr\/wp-json\/wp\/v2\/comments?post=549000"}],"version-history":[{"count":0,"href":"https:\/\/www.europesays.com\/fr\/wp-json\/wp\/v2\/posts\/549000\/revisions"}],"wp:featuredmedia":[{"embeddable":true,"href":"https:\/\/www.europesays.com\/fr\/wp-json\/wp\/v2\/media\/452060"}],"wp:attachment":[{"href":"https:\/\/www.europesays.com\/fr\/wp-json\/wp\/v2\/media?parent=549000"}],"wp:term":[{"taxonomy":"category","embeddable":true,"href":"https:\/\/www.europesays.com\/fr\/wp-json\/wp\/v2\/categories?post=549000"},{"taxonomy":"post_tag","embeddable":true,"href":"https:\/\/www.europesays.com\/fr\/wp-json\/wp\/v2\/tags?post=549000"}],"curies":[{"name":"wp","href":"https:\/\/api.w.org\/{rel}","templated":true}]}}