{"id":549002,"date":"2025-11-21T11:25:24","date_gmt":"2025-11-21T11:25:24","guid":{"rendered":"https:\/\/www.europesays.com\/fr\/549002\/"},"modified":"2025-11-21T11:25:24","modified_gmt":"2025-11-21T11:25:24","slug":"tension-pour-le-dernier-jour-au-bresil-plus-de-30-pays-dont-la-france-menacent-de-bloquer-laccord","status":"publish","type":"post","link":"https:\/\/www.europesays.com\/fr\/549002\/","title":{"rendered":"Tension pour le dernier jour au Br\u00e9sil, plus de 30 pays, dont la France, menacent de bloquer l\u2019accord"},"content":{"rendered":"<p>C\u2019est un accord qui pourrait ne jamais voir le jour. Alors que le dernier jour de la <a href=\"https:\/\/www.20minutes.fr\/planete\/cop\/\" class=\"c-link c-link--is-underlined\" target=\"_blank\" rel=\"noopener\">COP30<\/a> s\u2019ouvre ce vendredi, une trentaine de pays ont sonn\u00e9 l\u2019alarme aupr\u00e8s de la pr\u00e9sidence br\u00e9silienne de cette trenti\u00e8me Conf\u00e9rence des parties sur le climat. Ils lui demandent instamment de revoir sa copie et d\u2019inclure une feuille de route pour <a href=\"https:\/\/www.20minutes.fr\/planete\/cop\/4185781-20251114-cop30-energies-fossiles-francais-souffriront-assure-russie-defend-modele\" class=\"c-link c-link--is-underlined\" target=\"_blank\" rel=\"noopener\">la sortie des \u00e9nergies fossiles<\/a> dans l\u2019accord final qui doit \u00eatre soumis aux d\u00e9l\u00e9gations internationales, sans quoi ils refuseront de le signer.<\/p>\n<p>Son pr\u00e9sident, le diplomate Andr\u00e9 Correa do Lago, \u0153uvre depuis deux semaines avec les pr\u00e8s de 200 pays r\u00e9unis \u00e0 Bel\u00e9m, au Br\u00e9sil, pour forger un texte capable de r\u00e9unir un consensus. Mais sa derni\u00e8re \u00e9bauche ne ferait visiblement pas mention des<a href=\"https:\/\/www.20minutes.fr\/planete\/4076365-20240219-energies-fossiles-si-venait-bientot-manquer-petrole\" class=\"c-link c-link--is-underlined\" target=\"_blank\" rel=\"noopener\"> \u00e9nergies fossiles<\/a>, sujet de crispations et de clivage entre les diff\u00e9rents Etats pr\u00e9sents.<\/p>\n<p>Pour \u00ab\u00a0une transition juste, ordonn\u00e9e et \u00e9quitable\u00a0\u00bb<\/p>\n<p>La sortie du <a href=\"https:\/\/www.20minutes.fr\/dossier\/petrole\" class=\"c-link c-link--is-underlined\" target=\"_blank\" rel=\"noopener\">p\u00e9trole<\/a>, du charbon et du gaz, responsables du d\u00e9r\u00e8glement climatique, est revenue dans le d\u00e9bat avec force \u00e0 Bel\u00e9m, alors que le sujet semblait impossible \u00e0 raviver depuis un premier appel il y a deux ans, <a href=\"https:\/\/www.20minutes.fr\/planete\/cop\/4066942-20231215-cop28-si-tout-compris-accord-adopte-dubai-bon-endroit\" class=\"c-link c-link--is-underlined\" target=\"_blank\" rel=\"noopener\">lors de la COP28<\/a>, \u00e0 Duba\u00ef. Depuis le d\u00e9but du sommet, le pr\u00e9sident du Br\u00e9sil, Lula, pr\u00f4ne lui-m\u00eame une \u00ab\u00a0feuille de route\u00a0\u00bb pour acc\u00e9l\u00e9rer cette sortie des \u00e9nergies fossiles indissociable d\u2019une att\u00e9nuation des \u00e9missions de <a href=\"https:\/\/www.20minutes.fr\/dossier\/gaz_a_effet_de_serre\" class=\"c-link c-link--is-underlined\" target=\"_blank\" rel=\"noopener\">gaz \u00e0 effet de serre<\/a>.<\/p>\n<p><\/p>\n<p>\u00ab\u00a0Nous vous devons l\u2019honn\u00eatet\u00e9\u00a0: sous sa forme actuelle, la proposition ne remplit pas les conditions minimales pour un r\u00e9sultat cr\u00e9dible \u00e0 cette COP, ont expliqu\u00e9 une trentaine de pays. Nous ne pouvons pas soutenir un texte qui n\u2019inclue pas de feuille de route pour une transition juste, ordonn\u00e9e et \u00e9quitable vers la sortie des combustibles fossiles.\u00a0\u00bb<\/p>\n<p>Si la Colombie, la France, le Royaume-Uni, l\u2019Allemagne et d\u2019autres pays ont exprim\u00e9 leur profonde pr\u00e9occupation quant \u00e0 \u00ab\u00a0la proposition actuelle, \u00e0 prendre ou \u00e0 laisser\u00a0\u00bb, il faudra encore convaincre la Chine, l\u2019Inde, l\u2019Arabie saoudite, le Nigeria et la Russie de l\u2019importance de cette mesure, ces derniers ayant oppos\u00e9, pour l\u2019heure, une fin de non-recevoir.<\/p>\n","protected":false},"excerpt":{"rendered":"C\u2019est un accord qui pourrait ne jamais voir le jour. Alors que le dernier jour de la COP30&hellip;\n","protected":false},"author":2,"featured_media":549003,"comment_status":"","ping_status":"","sticky":false,"template":"","format":"standard","meta":{"footnotes":""},"categories":[2],"tags":[11,2548,4734,1129,63463,1011,27,12,844,52,5140,25],"class_list":{"0":"post-549002","1":"post","2":"type-post","3":"status-publish","4":"format-standard","5":"has-post-thumbnail","7":"category-actualites","8":"tag-actualites","9":"tag-bresil","10":"tag-changement-climatique","11":"tag-climat","12":"tag-cop-30","13":"tag-fr","14":"tag-france","15":"tag-news","16":"tag-petrole","17":"tag-planete","18":"tag-rechauffement-climatique","19":"tag-republique-francaise"},"share_on_mastodon":{"url":"https:\/\/pubeurope.com\/@fr\/115587443922789125","error":""},"_links":{"self":[{"href":"https:\/\/www.europesays.com\/fr\/wp-json\/wp\/v2\/posts\/549002","targetHints":{"allow":["GET"]}}],"collection":[{"href":"https:\/\/www.europesays.com\/fr\/wp-json\/wp\/v2\/posts"}],"about":[{"href":"https:\/\/www.europesays.com\/fr\/wp-json\/wp\/v2\/types\/post"}],"author":[{"embeddable":true,"href":"https:\/\/www.europesays.com\/fr\/wp-json\/wp\/v2\/users\/2"}],"replies":[{"embeddable":true,"href":"https:\/\/www.europesays.com\/fr\/wp-json\/wp\/v2\/comments?post=549002"}],"version-history":[{"count":0,"href":"https:\/\/www.europesays.com\/fr\/wp-json\/wp\/v2\/posts\/549002\/revisions"}],"wp:featuredmedia":[{"embeddable":true,"href":"https:\/\/www.europesays.com\/fr\/wp-json\/wp\/v2\/media\/549003"}],"wp:attachment":[{"href":"https:\/\/www.europesays.com\/fr\/wp-json\/wp\/v2\/media?parent=549002"}],"wp:term":[{"taxonomy":"category","embeddable":true,"href":"https:\/\/www.europesays.com\/fr\/wp-json\/wp\/v2\/categories?post=549002"},{"taxonomy":"post_tag","embeddable":true,"href":"https:\/\/www.europesays.com\/fr\/wp-json\/wp\/v2\/tags?post=549002"}],"curies":[{"name":"wp","href":"https:\/\/api.w.org\/{rel}","templated":true}]}}