{"id":549012,"date":"2025-11-21T11:30:27","date_gmt":"2025-11-21T11:30:27","guid":{"rendered":"https:\/\/www.europesays.com\/fr\/549012\/"},"modified":"2025-11-21T11:30:27","modified_gmt":"2025-11-21T11:30:27","slug":"cette-competition-a-toujours-ete-tres-importante-pour-moi-tennistemple","status":"publish","type":"post","link":"https:\/\/www.europesays.com\/fr\/549012\/","title":{"rendered":"\u00ab Cette comp\u00e9tition a toujours \u00e9t\u00e9 tr\u00e8s importante pour moi \u00bb \u2022 TennisTemple"},"content":{"rendered":"\n<p>\ud83c\uddeb\ud83c\uddf7 \u00ab\u202fJe n\u2019ai aucune inqui\u00e9tude pour la suite de ma carri\u00e8re.\u202fJ\u2019ai 21 ans, on n\u2019est pas press\u00e9. J\u2019ai encore 15 ans de carri\u00e8re devant moi\u202f<\/p>\n<p>Le match (contre Munar), je l\u2019aurais fini. Apr\u00e8s, la vraie question c\u2019est : est\u2010ce que j\u2019aurais d\u00fb jouer Roland\u2010Garros\u202f? C\u2019est un peu diff\u00e9rent, parce que je savais que j\u2019\u00e9tais d\u00e9j\u00e0 bless\u00e9 avant d\u2019arriver \u00e0 Roland. J\u2019ai pris la d\u00e9cision avec toute l\u2019\u00e9quipe, mai&#8230;<\/p>\n<p> <a href=\"https:\/\/fr.tennistemple.com\/LaChaineTT\/post\/24863420\/je-nai-aucune-inquietude-pour-la-suite-de-ma-carriere\/\" class=\"expand\" rel=\"nofollow noopener\" target=\"_blank\">Lire en entier<\/a> <\/p>\n","protected":false},"excerpt":{"rendered":"\ud83c\uddeb\ud83c\uddf7 \u00ab\u202fJe n\u2019ai aucune inqui\u00e9tude pour la suite de ma carri\u00e8re.\u202fJ\u2019ai 21 ans, on n\u2019est pas press\u00e9. J\u2019ai&hellip;\n","protected":false},"author":2,"featured_media":549013,"comment_status":"","ping_status":"","sticky":false,"template":"","format":"standard","meta":{"footnotes":""},"categories":[1415],"tags":[1011,27,60,1467],"class_list":{"0":"post-549012","1":"post","2":"type-post","3":"status-publish","4":"format-standard","5":"has-post-thumbnail","7":"category-tennis","8":"tag-fr","9":"tag-france","10":"tag-sports","11":"tag-tennis"},"share_on_mastodon":{"url":"https:\/\/pubeurope.com\/@fr\/115587463445061264","error":""},"_links":{"self":[{"href":"https:\/\/www.europesays.com\/fr\/wp-json\/wp\/v2\/posts\/549012","targetHints":{"allow":["GET"]}}],"collection":[{"href":"https:\/\/www.europesays.com\/fr\/wp-json\/wp\/v2\/posts"}],"about":[{"href":"https:\/\/www.europesays.com\/fr\/wp-json\/wp\/v2\/types\/post"}],"author":[{"embeddable":true,"href":"https:\/\/www.europesays.com\/fr\/wp-json\/wp\/v2\/users\/2"}],"replies":[{"embeddable":true,"href":"https:\/\/www.europesays.com\/fr\/wp-json\/wp\/v2\/comments?post=549012"}],"version-history":[{"count":0,"href":"https:\/\/www.europesays.com\/fr\/wp-json\/wp\/v2\/posts\/549012\/revisions"}],"wp:featuredmedia":[{"embeddable":true,"href":"https:\/\/www.europesays.com\/fr\/wp-json\/wp\/v2\/media\/549013"}],"wp:attachment":[{"href":"https:\/\/www.europesays.com\/fr\/wp-json\/wp\/v2\/media?parent=549012"}],"wp:term":[{"taxonomy":"category","embeddable":true,"href":"https:\/\/www.europesays.com\/fr\/wp-json\/wp\/v2\/categories?post=549012"},{"taxonomy":"post_tag","embeddable":true,"href":"https:\/\/www.europesays.com\/fr\/wp-json\/wp\/v2\/tags?post=549012"}],"curies":[{"name":"wp","href":"https:\/\/api.w.org\/{rel}","templated":true}]}}