{"id":549018,"date":"2025-11-21T11:37:13","date_gmt":"2025-11-21T11:37:13","guid":{"rendered":"https:\/\/www.europesays.com\/fr\/549018\/"},"modified":"2025-11-21T11:37:13","modified_gmt":"2025-11-21T11:37:13","slug":"%f0%9f%93%b8-en-images-la-chanteuse-linh-a-inaugure-les-festivites-de-la-toison-dor-avec-un-showcase","status":"publish","type":"post","link":"https:\/\/www.europesays.com\/fr\/549018\/","title":{"rendered":"\ud83d\udcf8 En images. La chanteuse Linh a inaugur\u00e9 les festivit\u00e9s de la Toison d&rsquo;Or avec un showcase"},"content":{"rendered":"<p>Ce jeudi 20\u00a0novembre, la chanteuse Linh a inaugur\u00e9 les illuminations de No\u00ebl du centre commercial de la Toison d\u2019Or en offrant un show case des titres de son premier album. Elle a d\u2019abord fait des photos et des d\u00e9dicaces. Apr\u00e8s un d\u00e9compte, la jeune femme a d\u00e9clench\u00e9 les lumi\u00e8res du sapin g\u00e9ant et le lancement de confettis. Linh a ensuite livr\u00e9 une prestation devant un public enjou\u00e9 venu nombreux.<\/p>\n","protected":false},"excerpt":{"rendered":"Ce jeudi 20\u00a0novembre, la chanteuse Linh a inaugur\u00e9 les illuminations de No\u00ebl du centre commercial de la Toison&hellip;\n","protected":false},"author":2,"featured_media":549019,"comment_status":"","ping_status":"","sticky":false,"template":"","format":"standard","meta":{"footnotes":""},"categories":[1359],"tags":[1687,2930,8587,58,8588,59,107,1011,27,5325,2798,973],"class_list":{"0":"post-549018","1":"post","2":"type-post","3":"status-publish","4":"format-standard","5":"has-post-thumbnail","7":"category-people","8":"tag-culture-loisirs","9":"tag-dijon","10":"tag-dijon-ville","11":"tag-divertissement","12":"tag-edition-dijon-et-son-agglomeration","13":"tag-entertainment","14":"tag-fil-info","15":"tag-fr","16":"tag-france","17":"tag-galerie-media","18":"tag-galerie-photo","19":"tag-people"},"share_on_mastodon":{"url":"https:\/\/pubeurope.com\/@fr\/115587491059398432","error":""},"_links":{"self":[{"href":"https:\/\/www.europesays.com\/fr\/wp-json\/wp\/v2\/posts\/549018","targetHints":{"allow":["GET"]}}],"collection":[{"href":"https:\/\/www.europesays.com\/fr\/wp-json\/wp\/v2\/posts"}],"about":[{"href":"https:\/\/www.europesays.com\/fr\/wp-json\/wp\/v2\/types\/post"}],"author":[{"embeddable":true,"href":"https:\/\/www.europesays.com\/fr\/wp-json\/wp\/v2\/users\/2"}],"replies":[{"embeddable":true,"href":"https:\/\/www.europesays.com\/fr\/wp-json\/wp\/v2\/comments?post=549018"}],"version-history":[{"count":0,"href":"https:\/\/www.europesays.com\/fr\/wp-json\/wp\/v2\/posts\/549018\/revisions"}],"wp:featuredmedia":[{"embeddable":true,"href":"https:\/\/www.europesays.com\/fr\/wp-json\/wp\/v2\/media\/549019"}],"wp:attachment":[{"href":"https:\/\/www.europesays.com\/fr\/wp-json\/wp\/v2\/media?parent=549018"}],"wp:term":[{"taxonomy":"category","embeddable":true,"href":"https:\/\/www.europesays.com\/fr\/wp-json\/wp\/v2\/categories?post=549018"},{"taxonomy":"post_tag","embeddable":true,"href":"https:\/\/www.europesays.com\/fr\/wp-json\/wp\/v2\/tags?post=549018"}],"curies":[{"name":"wp","href":"https:\/\/api.w.org\/{rel}","templated":true}]}}