{"id":549020,"date":"2025-11-21T11:38:23","date_gmt":"2025-11-21T11:38:23","guid":{"rendered":"https:\/\/www.europesays.com\/fr\/549020\/"},"modified":"2025-11-21T11:38:23","modified_gmt":"2025-11-21T11:38:23","slug":"ces-6-tendances-deco-retro-rotin-velours-papier-peint-reviennent-en-2025-comment-les-adopter-chez-vous-sans-vieillir-votre-maison","status":"publish","type":"post","link":"https:\/\/www.europesays.com\/fr\/549020\/","title":{"rendered":"Ces 6 tendances d\u00e9co r\u00e9tro (rotin, velours, papier peint\u2026) reviennent en 2025 : comment les adopter chez vous sans vieillir votre maison"},"content":{"rendered":"<p itemprop=\"description\">Et si la d\u00e9co la plus tendance de 2025 se<br \/>\ncachait d\u00e9j\u00e0 dans le salon de votre grand-m\u00e8re ? De rotin en<br \/>\nvelours, ces 6 tendances d\u00e9co r\u00e9tro reviennent bousculer nos<br \/>\nint\u00e9rieurs, mais encore faut-il savoir les apprivoiser.<\/p>\n<p>Et si les id\u00e9es les plus pointues pour relooker son salon ou sa<br \/>\nchambre en 2025 se trouvaient d\u00e9j\u00e0 dans les souvenirs d\u2019enfance,<br \/>\nchez une grand m\u00e8re ou sur d\u2019anciennes photos de famille rang\u00e9es au<br \/>\nfond d\u2019un tiroir ? Alors que l\u2019hiver s\u2019installe et que l\u2019on r\u00eave<br \/>\nd\u2019int\u00e9rieurs plus chaleureux, les lignes ultra minimalistes et les<br \/>\nint\u00e9rieurs tout beige lassent doucement. Une autre esth\u00e9tique<br \/>\nremonte \u00e0 la surface, plus affective, plus textur\u00e9e, avec des<br \/>\ncouleurs assum\u00e9es.<\/p>\n<p>Depuis quelques mois, on voit r\u00e9appara\u00eetre du<br \/>\n<strong>rotin<\/strong>, des lampes color\u00e9es, des motifs presque<br \/>\ngraphiques sur les murs et des canap\u00e9s en <strong>velours<\/strong><br \/>\nprofonds. Rien \u00e0 voir avec un d\u00e9cor fig\u00e9 de brocante : ces<br \/>\n<strong>tendances d\u00e9co r\u00e9tro<\/strong> s\u2019invitent discr\u00e8tement dans<br \/>\nles int\u00e9rieurs contemporains, par petites touches, pour leur donner<br \/>\ndu relief. La promesse est simple et fait envie.<\/p>\n<p>Pourquoi les tendances d\u00e9co r\u00e9tro reviennent dans nos<br \/>\nint\u00e9rieurs<\/p>\n<p>Les maisons trop sages perdent du terrain face \u00e0 l\u2019envie de<br \/>\ncocon affirm\u00e9, d\u00e9j\u00e0 tr\u00e8s pr\u00e9sente dans les collections de linge de<br \/>\nlit inspir\u00e9es des h\u00f4tels de luxe en ce d\u00e9but d\u2019hiver 2025. Les<br \/>\nneutres restent pr\u00e9sents, mais ils servent d\u00e9sormais de toile de<br \/>\nfond \u00e0 des pi\u00e8ces plus marqu\u00e9es qui racontent une histoire. Comme<br \/>\nle r\u00e9sume le site DeclutteringMom \u00e0 propos de ce retour du vintage<br \/>\n: \u00ab\u00a0Ces tendances raviv\u00e9es vous offrent une chance d\u00a0\u00bbapporter<br \/>\npersonnalit\u00e9 et chaleur dans votre maison sans para\u00eetre<br \/>\nd\u00e9mod\u00e9\u00a0\u00bb.<\/p>\n<p>Ce retour du pass\u00e9 ne consiste pas \u00e0 recr\u00e9er un d\u00e9cor de mus\u00e9e,<br \/>\navec une seule d\u00e9cennie copi\u00e9e \u00e0 l\u2019identique. L\u2019id\u00e9e est plut\u00f4t de<br \/>\nm\u00ealer souvenirs et confort actuel : un fauteuil aux lignes fifties<br \/>\nface \u00e0 un canap\u00e9 contemporain, un papier peint floral au milieu de<br \/>\nmurs blancs, une suspension en verre color\u00e9 au dessus d\u2019une table<br \/>\ntr\u00e8s simple. Ce m\u00e9lange rend la <strong>d\u00e9co r\u00e9tro<\/strong><br \/>\naccessible, m\u00eame \u00e0 celles et ceux qui n\u2019osent pas les changements<br \/>\nradicaux.<\/p>\n<p>Six tendances d\u00e9co r\u00e9tro \u00e0 adopter sans transformer toute la<br \/>\nmaison<\/p>\n<p>Certains codes vintage se pr\u00eatent particuli\u00e8rement bien \u00e0 ce jeu<br \/>\ndu mix and match. Ils reviennent un par un, et non en total look,<br \/>\nce qui permet de tester sans se lasser. Les six grandes<br \/>\n<strong>tendances d\u00e9co r\u00e9tro<\/strong> qui ressortent des<br \/>\ninspirations actuelles tournent autour des mati\u00e8res, des motifs et<br \/>\nde quelques silhouettes de meubles bien pr\u00e9cises.<\/p>\n<ul>\n<li>Les meubles en <strong>rotin<\/strong> et en bambou qui donnent<br \/>\nune atmosph\u00e8re boh\u00e8me et naturelle.<\/li>\n<li>Les motifs g\u00e9om\u00e9triques inspir\u00e9s du Memphis Design<br \/>\npour une touche graphique et ludique.<\/li>\n<li>Les luminaires color\u00e9s fa\u00e7on globe ou lampe champignon qui<br \/>\ndeviennent des pi\u00e8ces ma\u00eetresses.<\/li>\n<li>Le <strong>papier peint<\/strong> floral ou graphique qui<br \/>\nr\u00e9chauffe un pan de mur.<\/li>\n<li>Les meubles aux lignes sobres de style mid century modern,<br \/>\nfaciles \u00e0 int\u00e9grer partout.<\/li>\n<li>Les assises en <strong>velours<\/strong> dans des teintes bijou,<br \/>\ndu vert \u00e9meraude au bleu saphir.<\/li>\n<\/ul>\n<p>Un fauteuil en rotin associ\u00e9 \u00e0 un plaid douillet suffit \u00e0<br \/>\nchanger l\u2019ambiance d\u2019un coin lecture. Un simple l\u00e9 de papier peint<br \/>\nfleuri derri\u00e8re la t\u00eate de lit donne un air r\u00e9tro chic \u00e0 la<br \/>\nchambre. Dans le salon, une lampe au verre ambr\u00e9 ou une petite<br \/>\nlampe champignon sur un buffet cr\u00e9e une lueur l\u00e9g\u00e8rement<br \/>\nnostalgique, surtout quand la nuit tombe t\u00f4t en hiver.<\/p>\n<p>Comment styliser ces tendances d\u00e9co<br \/>\nr\u00e9tro aujourd\u2019hui chez soi<\/p>\n<p>Pour que la <strong>d\u00e9co vintage<\/strong> reste actuelle, le<br \/>\ndosage fait toute la diff\u00e9rence. Un canap\u00e9 en velours rubis se<br \/>\nmarie bien avec un tapis uni et des murs clairs, afin de laisser la<br \/>\ncouleur respirer. Les motifs g\u00e9om\u00e9triques tr\u00e8s marqu\u00e9s gagnent \u00e0<br \/>\nrester cantonn\u00e9s \u00e0 quelques coussins, un rideau ou un mur unique,<br \/>\nen \u00e9cho \u00e0 un mobilier aux lignes simples. Quant au rotin et au<br \/>\nbambou, ils trouvent facilement leur place pr\u00e8s de mati\u00e8res plus<br \/>\ndenses comme la laine ou la bouclette.<\/p>\n<p>Dans chaque pi\u00e8ce, l\u2019astuce consiste \u00e0 choisir une seule \u201cstar\u201d<br \/>\nr\u00e9tro et \u00e0 construire le reste autour, avec des \u00e9l\u00e9ments plus<br \/>\ndiscrets. Une suspension color\u00e9e dans la cuisine, une commode mid<br \/>\ncentury dans l\u2019entr\u00e9e, un tapis graphique dans le bureau\u2026 Peu \u00e0<br \/>\npeu, l\u2019interrieur gagne en caract\u00e8re sans perdre en douceur, et ces<br \/>\ntouches d\u2019hier finissent par dessiner une maison tr\u00e8s personnelle.<br \/>\nReste \u00e0 d\u00e9cider quelle tendance fera le premier pas chez vous.<\/p>\n","protected":false},"excerpt":{"rendered":"Et si la d\u00e9co la plus tendance de 2025 se cachait d\u00e9j\u00e0 dans le salon de votre grand-m\u00e8re&hellip;\n","protected":false},"author":2,"featured_media":549021,"comment_status":"","ping_status":"","sticky":false,"template":"","format":"standard","meta":{"footnotes":""},"categories":[1358],"tags":[1348,1384,1385,8117,1386,58,59,1011,27,16978,64733,66661,8551],"class_list":{"0":"post-549020","1":"post","2":"type-post","3":"status-publish","4":"format-standard","5":"has-post-thumbnail","7":"category-arts-et-design","8":"tag-arts","9":"tag-arts-and-design","10":"tag-arts-et-design","11":"tag-deco","12":"tag-design","13":"tag-divertissement","14":"tag-entertainment","15":"tag-fr","16":"tag-france","17":"tag-interieur","18":"tag-luminaires","19":"tag-papier-peint","20":"tag-tendance"},"share_on_mastodon":{"url":"https:\/\/pubeurope.com\/@fr\/115587494907440526","error":""},"_links":{"self":[{"href":"https:\/\/www.europesays.com\/fr\/wp-json\/wp\/v2\/posts\/549020","targetHints":{"allow":["GET"]}}],"collection":[{"href":"https:\/\/www.europesays.com\/fr\/wp-json\/wp\/v2\/posts"}],"about":[{"href":"https:\/\/www.europesays.com\/fr\/wp-json\/wp\/v2\/types\/post"}],"author":[{"embeddable":true,"href":"https:\/\/www.europesays.com\/fr\/wp-json\/wp\/v2\/users\/2"}],"replies":[{"embeddable":true,"href":"https:\/\/www.europesays.com\/fr\/wp-json\/wp\/v2\/comments?post=549020"}],"version-history":[{"count":0,"href":"https:\/\/www.europesays.com\/fr\/wp-json\/wp\/v2\/posts\/549020\/revisions"}],"wp:featuredmedia":[{"embeddable":true,"href":"https:\/\/www.europesays.com\/fr\/wp-json\/wp\/v2\/media\/549021"}],"wp:attachment":[{"href":"https:\/\/www.europesays.com\/fr\/wp-json\/wp\/v2\/media?parent=549020"}],"wp:term":[{"taxonomy":"category","embeddable":true,"href":"https:\/\/www.europesays.com\/fr\/wp-json\/wp\/v2\/categories?post=549020"},{"taxonomy":"post_tag","embeddable":true,"href":"https:\/\/www.europesays.com\/fr\/wp-json\/wp\/v2\/tags?post=549020"}],"curies":[{"name":"wp","href":"https:\/\/api.w.org\/{rel}","templated":true}]}}