{"id":549026,"date":"2025-11-21T11:42:22","date_gmt":"2025-11-21T11:42:22","guid":{"rendered":"https:\/\/www.europesays.com\/fr\/549026\/"},"modified":"2025-11-21T11:42:22","modified_gmt":"2025-11-21T11:42:22","slug":"la-star-de-black-panther-chadwick-boseman-recoit-une-etoile-posthume-a-hollywood","status":"publish","type":"post","link":"https:\/\/www.europesays.com\/fr\/549026\/","title":{"rendered":"La star de \u00ab\u00a0Black Panther\u00a0\u00bb Chadwick Boseman re\u00e7oit une \u00e9toile posthume \u00e0 Hollywood"},"content":{"rendered":"<p class=\"mb-4 text-lg md:leading-8 break-words\">Le cin\u00e9aste Ryan Coogler, qui a supervis\u00e9 ce film Marvel sorti en 2018, l&rsquo;actrice Viola Davis et la veuve du com\u00e9dien, Simone Ledward-Boseman, ont conduit la c\u00e9r\u00e9monie \u00e9mouvante sur le c\u00e9l\u00e8bre Hollywood Boulevard.<\/p>\n<p class=\"mb-4 text-lg md:leading-8 break-words\">\u00ab\u00a0Aujourd&rsquo;hui a \u00e9t\u00e9 une belle journ\u00e9e\u00a0\u00bb, a d\u00e9clar\u00e9 Mme Ledward-Boseman \u00e0 l&rsquo;AFP. \u00ab\u00a0Tout le monde \u00e9tait tellement rempli d&rsquo;amour et de joie. Et nous sommes tous tellement fiers de cette personne que nous avons connue.\u00a0\u00bb<\/p>\n<p class=\"mb-4 text-lg md:leading-8 break-words\">Chadwick Boseman \u00e9tait \u00ab\u00a0incroyablement g\u00e9n\u00e9reux\u00a0\u00bb, a estim\u00e9 M. Coogler.<\/p>\n<p class=\"mb-4 text-lg md:leading-8 break-words\">L&rsquo;acteur est d\u00e9c\u00e9d\u00e9 en 2020 \u00e0 l&rsquo;\u00e2ge de 43 ans apr\u00e8s avoir souffert d&rsquo;un cancer du c\u00f4lon pendant quatre ans. Une maladie qui ne l&rsquo;a pas emp\u00each\u00e9 de faire des films ni de s&rsquo;engager pleinement dans son art, a rappel\u00e9 M. Coogler.<\/p>\n<p class=\"mb-4 text-lg md:leading-8 break-words\">\u00ab\u00a0M\u00eame quand il savait que ses jours \u00e9taient compt\u00e9s, et que ses moments \u00e9taient limit\u00e9s, il continuait \u00e0 donner \u00e0 l&rsquo;art (&#8230;) Il faisait ses propres cascades, il r\u00e9p\u00e9tait les dialogues hors cam\u00e9ra. C&rsquo;\u00e9tait incroyable\u00a0\u00bb, a insist\u00e9 le r\u00e9alisateur.<\/p>\n<p class=\"mb-4 text-lg md:leading-8 break-words\">Chadwick Boseman a commenc\u00e9 sa carri\u00e8re au th\u00e9\u00e2tre et \u00e0 la t\u00e9l\u00e9vision avant de se lancer dans le cin\u00e9ma.<\/p>\n<p class=\"mb-4 text-lg md:leading-8 break-words\">Son personnage le plus c\u00e9l\u00e8bre, T&rsquo;Challa ou Black Panther, a \u00e9t\u00e9 introduit dans \u00ab\u00a0Captain America: Civil War\u00a0\u00bb (2016).<\/p>\n<p class=\"mb-4 text-lg md:leading-8 break-words\">Deux ans plus tard, il a repris le r\u00f4le dans le film \u00ab\u00a0Black Panther\u00a0\u00bb, d\u00e9di\u00e9 au super-h\u00e9ros. Le blockbuster a cartonn\u00e9 au box-office et l&rsquo;acteur est devenu le premier com\u00e9dien noir \u00e0 obtenir un r\u00f4le principal au sein du vaste univers Marvel.<\/p>\n<p class=\"mb-4 text-lg md:leading-8 break-words\">L&rsquo;actrice Viola Davis, avec qui il est apparu pour la derni\u00e8re fois au cin\u00e9ma dans \u00ab\u00a0Le Blues de Ma Rainey\u00a0\u00bb en 2020, a salu\u00e9 son \u00ab\u00a0travail merveilleux\u00a0\u00bb, qui \u00ab\u00a0nous rappelait que nous sommes moins seuls\u00a0\u00bb.<\/p>\n<p class=\"mb-4 text-lg md:leading-8 break-words\">Le patron de Disney, Bob Iger, l&rsquo;acteur Michael B. Jordan et les fr\u00e8res de l&rsquo;acteur d\u00e9funt, Kevin et Derrick Boseman, ont \u00e9galement assist\u00e9 \u00e0 la c\u00e9r\u00e9monie.<\/p>\n","protected":false},"excerpt":{"rendered":"Le cin\u00e9aste Ryan Coogler, qui a supervis\u00e9 ce film Marvel sorti en 2018, l&rsquo;actrice Viola Davis et la&hellip;\n","protected":false},"author":2,"featured_media":549027,"comment_status":"","ping_status":"","sticky":false,"template":"","format":"standard","meta":{"footnotes":""},"categories":[1354],"tags":[2672,66664,58,59,1346,1011,27,1360,66662,66663,12051],"class_list":{"0":"post-549026","1":"post","2":"type-post","3":"status-publish","4":"format-standard","5":"has-post-thumbnail","7":"category-films","8":"tag-cancer-du-colon","9":"tag-chadwick-boseman","10":"tag-divertissement","11":"tag-entertainment","12":"tag-films","13":"tag-fr","14":"tag-france","15":"tag-movies","16":"tag-ryan-coogler","17":"tag-simone-ledward-boseman","18":"tag-viola-davis"},"share_on_mastodon":{"url":"https:\/\/pubeurope.com\/@fr\/115587510953650506","error":""},"_links":{"self":[{"href":"https:\/\/www.europesays.com\/fr\/wp-json\/wp\/v2\/posts\/549026","targetHints":{"allow":["GET"]}}],"collection":[{"href":"https:\/\/www.europesays.com\/fr\/wp-json\/wp\/v2\/posts"}],"about":[{"href":"https:\/\/www.europesays.com\/fr\/wp-json\/wp\/v2\/types\/post"}],"author":[{"embeddable":true,"href":"https:\/\/www.europesays.com\/fr\/wp-json\/wp\/v2\/users\/2"}],"replies":[{"embeddable":true,"href":"https:\/\/www.europesays.com\/fr\/wp-json\/wp\/v2\/comments?post=549026"}],"version-history":[{"count":0,"href":"https:\/\/www.europesays.com\/fr\/wp-json\/wp\/v2\/posts\/549026\/revisions"}],"wp:featuredmedia":[{"embeddable":true,"href":"https:\/\/www.europesays.com\/fr\/wp-json\/wp\/v2\/media\/549027"}],"wp:attachment":[{"href":"https:\/\/www.europesays.com\/fr\/wp-json\/wp\/v2\/media?parent=549026"}],"wp:term":[{"taxonomy":"category","embeddable":true,"href":"https:\/\/www.europesays.com\/fr\/wp-json\/wp\/v2\/categories?post=549026"},{"taxonomy":"post_tag","embeddable":true,"href":"https:\/\/www.europesays.com\/fr\/wp-json\/wp\/v2\/tags?post=549026"}],"curies":[{"name":"wp","href":"https:\/\/api.w.org\/{rel}","templated":true}]}}