{"id":549038,"date":"2025-11-21T11:48:20","date_gmt":"2025-11-21T11:48:20","guid":{"rendered":"https:\/\/www.europesays.com\/fr\/549038\/"},"modified":"2025-11-21T11:48:20","modified_gmt":"2025-11-21T11:48:20","slug":"la-russie-revendique-la-prise-de-koupiansk-kiev-dement","status":"publish","type":"post","link":"https:\/\/www.europesays.com\/fr\/549038\/","title":{"rendered":"la Russie revendique la prise de Koupiansk, Kiev d\u00e9ment"},"content":{"rendered":"<p>\n    Les troupes de Moscou ont r\u00e9alis\u00e9 des avanc\u00e9es dans la ville occup\u00e9e jusqu\u2019en septembre 2022 par l\u2019arm\u00e9e russe, face \u00e0 des forces ukrainiennes en difficult\u00e9.<\/p>\n<p class=\"fig-paragraph\">Bastion<a href=\"http:\/\/www.lefigaro.fr\/international\/cessions-de-territoires-retrait-de-l-aide-occidentale-ce-que-prevoit-le-plan-de-paix-en-28-points-de-donald-trump-pour-l-ukraine-20251120\" target=\"_blank\" data-fig-type=\"Article\" rel=\"noopener nofollow\" data-gtm-custom-categorie=\"navigation\" data-gtm-custom-action=\"crossclick\" data-gtm-custom-label=\"Contextuel\" data-gtm-event=\"customEventSPE\" data-fig-domain=\"LEFIGARO\">\u00a0ukrainien<\/a>\u00a0du nord-est, l&rsquo;arm\u00e9e\u00a0<a href=\"http:\/\/www.lefigaro.fr\/international\/face-a-l-hypothese-d-un-affrontement-avec-la-russie-le-general-mandon-prepare-les-esprits-20251120\" target=\"_blank\" data-fig-type=\"Article\" rel=\"noopener nofollow\" data-gtm-custom-categorie=\"navigation\" data-gtm-custom-action=\"crossclick\" data-gtm-custom-label=\"Contextuel\" data-gtm-event=\"customEventSPE\" data-fig-domain=\"LEFIGARO\">russe<\/a>\u00a0a revendiqu\u00e9 ce jeudi la prise de la ville de<a href=\"http:\/\/www.lefigaro.fr\/international\/guerre-en-ukraine-des-frappes-nocturnes-russes-font-deux-morts-dans-le-sud-du-pays-20250923\" target=\"_blank\" data-fig-type=\"NewsFlash\" rel=\"noopener nofollow\" data-gtm-custom-categorie=\"navigation\" data-gtm-custom-action=\"crossclick\" data-gtm-custom-label=\"Contextuel\" data-gtm-event=\"customEventSPE\" data-fig-domain=\"LEFIGARO\">\u00a0Koupiansk<\/a>, l&rsquo;une des villes o\u00f9 les troupes de Moscou ont r\u00e9alis\u00e9 des avanc\u00e9es ces derni\u00e8res semaines face \u00e0 des forces ukrainiennes en difficult\u00e9. Les forces russes \u00abont termin\u00e9 la lib\u00e9ration de la ville de Koupiansk\u00bb, a d\u00e9clar\u00e9 au pr\u00e9sident Vladimir Poutine le commandant du groupement de troupes Ouest, Sergue\u00ef Kouzovlev, selon des propos retransmis \u00e0 la t\u00e9l\u00e9vision. Il a qualifi\u00e9 la ville de \u00abnoeud-clef dans la d\u00e9fense\u00bb ukrainienne. L&rsquo;\u00e9tat-major ukrainien a de son c\u00f4t\u00e9 d\u00e9menti toute capture russe de la ville, assurant sur Telegram qu&rsquo;elle est toujours \u00absous le contr\u00f4le des forces de d\u00e9fense ukrainiennes\u00bb.<\/p>\n<p class=\"fig-paragraph\">Koupiansk, qui comptait 55.000 habitants avant la guerre, a \u00e9t\u00e9 occup\u00e9e pendant plusieurs mois en 2022 par l&rsquo;arm\u00e9e russe avant d&rsquo;\u00eatre reprise par les troupes ukrainiennes en septembre de la m\u00eame ann\u00e9e. Vladimir Poutine s&rsquo;est rendu jeudi \u00abdans l&rsquo;un des postes de commandement du groupement de troupes Ouest\u00bb o\u00f9 il a \u00abtenu une r\u00e9union avec le chef de l&rsquo;\u00e9tat-major\u00bb, avait annonc\u00e9 peu auparavant le porte-parole du Kremlin, Dmitri Peskov, lors d&rsquo;un briefing auquel a particip\u00e9 l&rsquo;AFP. Il n&rsquo;a pas pr\u00e9cis\u00e9 si ce point de commandement se trouvait en Ukraine occup\u00e9e ou en Russie.<\/p>\n<p>                                    <a class=\"fig-a11y-skip a11y-hidden\" href=\"#fig-a11y-skip-main-inarticle\"><br \/>\n        Passer la publicit\u00e9<br \/>\n    <\/a><\/p>\n<p>\u00ab\u00c9tendre leur zone de contr\u00f4le\u00bb<\/p>\n<p class=\"fig-paragraph\">Lors de cette r\u00e9union, le chef de l&rsquo;\u00e9tat-major russe Val\u00e9ri Gu\u00e9rassimov a affirm\u00e9 que les troupes russes \u00abcontinuent d&rsquo;\u00e9tendre leur zone de contr\u00f4le\u00bb dans les r\u00e9gions de Dnipropetrovsk (centre-est), o\u00f9 elles ont p\u00e9n\u00e9tr\u00e9 cet \u00e9t\u00e9, et de Zaporijjia (sud), o\u00f9 elles ont avanc\u00e9 ces derni\u00e8res semaines apr\u00e8s des mois d&rsquo;un front quasi fig\u00e9 dans le secteur. Il a aussi fait \u00e9tat d&rsquo;une \u00aboffensive qui se d\u00e9roule avec succ\u00e8s\u00bb \u00e0 Pokrovsk, un n\u0153ud logistique clef pour l&rsquo;arm\u00e9e ukrainienne qui pourrait tomber prochainement, et \u00e0 Siversk, une ville qui n&rsquo;avait pas connu de combats depuis 2022.<\/p>\n<p class=\"fig-paragraph\">Selon Vladimir Poutine, des affrontements ont aussi lieu \u00e0 Kostiantynivka, forteresse majeure des forces ukrainiennes dans la r\u00e9gion de Donetsk. \u00abLes troupes (&#8230;) avancent pratiquement sur tous les fronts\u00bb, s&rsquo;est f\u00e9licit\u00e9 M. Gu\u00e9rassimov. Vladimir Poutine a de son c\u00f4t\u00e9 d\u00e9clar\u00e9 que la t\u00e2che principale de Moscou restait la \u00abr\u00e9alisation inconditionnelle des objectifs de l&rsquo;op\u00e9ration militaire sp\u00e9ciale\u00bb, le nom donn\u00e9 en Russie \u00e0 la guerre en Ukraine.<\/p>\n<p class=\"fig-paragraph\">Ces d\u00e9clarations interviennent alors que l&rsquo;Ukraine a annonc\u00e9 s&rsquo;\u00eatre vu pr\u00e9sent\u00e9 par les \u00c9tats-Unis un\u00a0<a href=\"http:\/\/www.lefigaro.fr\/international\/guerre-en-ukraine-donald-trump-met-de-nouveau-kiev-sous-pression-20251120\" data-fig-type=\"Article\" data-gtm-custom-categorie=\"navigation\" data-gtm-custom-action=\"crossclick\" data-gtm-custom-label=\"Contextuel\" data-gtm-event=\"customEventSPE\" data-fig-domain=\"LEFIGARO\" rel=\"nofollow noopener\" target=\"_blank\">\u00abprojet de plan\u00bb destin\u00e9 \u00e0 mettre fin aux hostilit\u00e9s<\/a>. Selon un haut responsable au fait du dossier interrog\u00e9 par l&rsquo;AFP et des m\u00e9dias am\u00e9ricains, ce plan reprend dans les grandes lignes les principales revendications de Moscou, dont des cessions territoriales inacceptables pour Kiev.<\/p>\n","protected":false},"excerpt":{"rendered":"Les troupes de Moscou ont r\u00e9alis\u00e9 des avanc\u00e9es dans la ville occup\u00e9e jusqu\u2019en septembre 2022 par l\u2019arm\u00e9e russe,&hellip;\n","protected":false},"author":2,"featured_media":549039,"comment_status":"","ping_status":"","sticky":false,"template":"","format":"standard","meta":{"footnotes":""},"categories":[5],"tags":[11,1011,27,131,14,11229,12,132,28],"class_list":{"0":"post-549038","1":"post","2":"type-post","3":"status-publish","4":"format-standard","5":"has-post-thumbnail","7":"category-international","8":"tag-actualites","9":"tag-fr","10":"tag-france","11":"tag-guerre-en-ukraine","12":"tag-international","13":"tag-kiev","14":"tag-news","15":"tag-russie","16":"tag-world"},"share_on_mastodon":{"url":"https:\/\/pubeurope.com\/@fr\/115587534470737208","error":""},"_links":{"self":[{"href":"https:\/\/www.europesays.com\/fr\/wp-json\/wp\/v2\/posts\/549038","targetHints":{"allow":["GET"]}}],"collection":[{"href":"https:\/\/www.europesays.com\/fr\/wp-json\/wp\/v2\/posts"}],"about":[{"href":"https:\/\/www.europesays.com\/fr\/wp-json\/wp\/v2\/types\/post"}],"author":[{"embeddable":true,"href":"https:\/\/www.europesays.com\/fr\/wp-json\/wp\/v2\/users\/2"}],"replies":[{"embeddable":true,"href":"https:\/\/www.europesays.com\/fr\/wp-json\/wp\/v2\/comments?post=549038"}],"version-history":[{"count":0,"href":"https:\/\/www.europesays.com\/fr\/wp-json\/wp\/v2\/posts\/549038\/revisions"}],"wp:featuredmedia":[{"embeddable":true,"href":"https:\/\/www.europesays.com\/fr\/wp-json\/wp\/v2\/media\/549039"}],"wp:attachment":[{"href":"https:\/\/www.europesays.com\/fr\/wp-json\/wp\/v2\/media?parent=549038"}],"wp:term":[{"taxonomy":"category","embeddable":true,"href":"https:\/\/www.europesays.com\/fr\/wp-json\/wp\/v2\/categories?post=549038"},{"taxonomy":"post_tag","embeddable":true,"href":"https:\/\/www.europesays.com\/fr\/wp-json\/wp\/v2\/tags?post=549038"}],"curies":[{"name":"wp","href":"https:\/\/api.w.org\/{rel}","templated":true}]}}