{"id":549046,"date":"2025-11-21T11:52:11","date_gmt":"2025-11-21T11:52:11","guid":{"rendered":"https:\/\/www.europesays.com\/fr\/549046\/"},"modified":"2025-11-21T11:52:11","modified_gmt":"2025-11-21T11:52:11","slug":"les-festivites-de-fin-dannee-sont-lancees","status":"publish","type":"post","link":"https:\/\/www.europesays.com\/fr\/549046\/","title":{"rendered":"les festivit\u00e9s de fin d&rsquo;ann\u00e9e sont lanc\u00e9es"},"content":{"rendered":"\n<p>Les festivit\u00e9s de No\u00ebl sont officiellement de retour. \u00c0 Saint-\u00c9tienne, le sapin tr\u00f4ne d\u00e9j\u00e0 depuis d\u00e9but novembre, place Jean Jaur\u00e8s. Et \u00e0 un mois du d\u00e9but des vacances scolaires, les animations sont lanc\u00e9es. Dans la capitale lig\u00e9rienne, \u00e7a va durer jusqu\u2019au 31 d\u00e9cembre.<\/p>\n<p>Place de l&rsquo;h\u00f4tel de ville, pr\u00e8s de 50 chalets d&rsquo;artisans vous accueillent. Des animations sont aussi pr\u00e9vues \u00e0 quelques pas de l\u00e0, \u00e0 Dorian et devant la cath\u00e9drale Saint-Charles. Si tout est fait pour que l\u2019esprit de f\u00eate r\u00e8gne, la ville a d\u00e9cid\u00e9 cette ann\u00e9e de muscler le dispositif de s\u00e9curit\u00e9. Ce sont notamment 12 policiers municipaux qui patrouilleront les jours de fortes affluences, \u00e0 savoir les mercredis et les week-end.<\/p>\n","protected":false},"excerpt":{"rendered":"Les festivit\u00e9s de No\u00ebl sont officiellement de retour. \u00c0 Saint-\u00c9tienne, le sapin tr\u00f4ne d\u00e9j\u00e0 depuis d\u00e9but novembre, place&hellip;\n","protected":false},"author":2,"featured_media":549047,"comment_status":"","ping_status":"","sticky":false,"template":"","format":"standard","meta":{"footnotes":""},"categories":[9653],"tags":[1111,11,2430,1777,674,4768,66665,1011,27,3367,2089,12,15830,25,4001],"class_list":{"0":"post-549046","1":"post","2":"type-post","3":"status-publish","4":"format-standard","5":"has-post-thumbnail","7":"category-saint-etienne","8":"tag-actu","9":"tag-actualites","10":"tag-auvergne-rhone-alpes","11":"tag-eu","12":"tag-europe","13":"tag-fete","14":"tag-fin_d_annee","15":"tag-fr","16":"tag-france","17":"tag-loire","18":"tag-marche","19":"tag-news","20":"tag-noel","21":"tag-republique-francaise","22":"tag-saint-etienne"},"share_on_mastodon":{"url":"https:\/\/pubeurope.com\/@fr\/115587550194588075","error":""},"_links":{"self":[{"href":"https:\/\/www.europesays.com\/fr\/wp-json\/wp\/v2\/posts\/549046","targetHints":{"allow":["GET"]}}],"collection":[{"href":"https:\/\/www.europesays.com\/fr\/wp-json\/wp\/v2\/posts"}],"about":[{"href":"https:\/\/www.europesays.com\/fr\/wp-json\/wp\/v2\/types\/post"}],"author":[{"embeddable":true,"href":"https:\/\/www.europesays.com\/fr\/wp-json\/wp\/v2\/users\/2"}],"replies":[{"embeddable":true,"href":"https:\/\/www.europesays.com\/fr\/wp-json\/wp\/v2\/comments?post=549046"}],"version-history":[{"count":0,"href":"https:\/\/www.europesays.com\/fr\/wp-json\/wp\/v2\/posts\/549046\/revisions"}],"wp:featuredmedia":[{"embeddable":true,"href":"https:\/\/www.europesays.com\/fr\/wp-json\/wp\/v2\/media\/549047"}],"wp:attachment":[{"href":"https:\/\/www.europesays.com\/fr\/wp-json\/wp\/v2\/media?parent=549046"}],"wp:term":[{"taxonomy":"category","embeddable":true,"href":"https:\/\/www.europesays.com\/fr\/wp-json\/wp\/v2\/categories?post=549046"},{"taxonomy":"post_tag","embeddable":true,"href":"https:\/\/www.europesays.com\/fr\/wp-json\/wp\/v2\/tags?post=549046"}],"curies":[{"name":"wp","href":"https:\/\/api.w.org\/{rel}","templated":true}]}}