{"id":549058,"date":"2025-11-21T11:59:12","date_gmt":"2025-11-21T11:59:12","guid":{"rendered":"https:\/\/www.europesays.com\/fr\/549058\/"},"modified":"2025-11-21T11:59:12","modified_gmt":"2025-11-21T11:59:12","slug":"au-guidon-dune-trottinette-trafiquee-et-sur-une-voie-de-teor-a-rouen-il-fonce-sur-les-policiers","status":"publish","type":"post","link":"https:\/\/www.europesays.com\/fr\/549058\/","title":{"rendered":"Au guidon d&rsquo;une trottinette trafiqu\u00e9e et sur une voie de Teor \u00e0 Rouen, il fonce sur les policiers"},"content":{"rendered":"<p>                    Par<br \/>\n        <strong><br \/>\n            <a href=\"https:\/\/actu.fr\/auteur\/fmass\" title=\"Consulter tous les articles de Fabien Massin\" rel=\"nofollow noopener\" target=\"_blank\">Fabien Massin<\/a><br \/>\n                    <\/strong><\/p>\n<p>        Publi\u00e9 le<\/p>\n<p>            21 nov. 2025 \u00e0 11h57        <\/p>\n<p>Il a fallu s\u2019y mettre \u00e0 plusieurs pour l\u2019arr\u00eater dans sa course. Jeudi 20\u00a0novembre 2025 en d\u00e9but d\u2019apr\u00e8s-midi \u00e0 <a href=\"https:\/\/actu.fr\/normandie\/rouen_76540\" rel=\"nofollow noopener\" target=\"_blank\">Rouen (Seine-Maritime)<\/a>, des policiers municipaux tentent de contr\u00f4ler un homme<strong> roulant sur une trottinette manifestement non homologu\u00e9e<\/strong>, sur une voie de <a href=\"https:\/\/actu.fr\/tag\/teor\" rel=\"nofollow noopener\" target=\"_blank\">Teor<\/a> au niveau de la rue du G\u00e9n\u00e9ral-Giraud, apprend-on de source polici\u00e8re.<\/p>\n<p>Les policiers se mettent en travers<\/p>\n<p class=\" wall-content\">Mais celui-ci refuse de se soumettre au contr\u00f4le et poursuit son chemin. Arriv\u00e9e l\u00e0, une patrouille de police place sa voiture <strong>en travers de la route afin de lui barrer le passage<\/strong>. Pas de quoi dissuader le conducteur r\u00e9calcitrant qui n\u2019h\u00e9site pas \u00e0 foncer sur les policiers.<\/p>\n<p class=\" wall-content\">Sauf qu\u2019en les percutant, il chute. Contr\u00f4l\u00e9, il s\u2019av\u00e8re qu\u2019il se trouvait en possession de r\u00e9sine de cannabis et de pilules d\u2019ecstasy.<\/p>\n<p class=\" wall-content\">Il a donc \u00e9t\u00e9 interpell\u00e9 et plac\u00e9 en garde \u00e0 vue pour d\u00e9faut d\u2019assurance, <a href=\"https:\/\/actu.fr\/tag\/refus-d-obtemperer\" rel=\"nofollow noopener\" target=\"_blank\">refus d\u2019obtemp\u00e9rer<\/a> et possession de produits stup\u00e9fiants.<\/p>\n<p>Suivez l\u2019actualit\u00e9 de Rouen sur notre <a href=\"https:\/\/www.whatsapp.com\/channel\/0029VaKfnf99hXF2ddApFB1D\" rel=\"nofollow noopener\" target=\"_blank\">cha\u00eene WhatsApp<\/a> et sur notre <a href=\"https:\/\/www.tiktok.com\/@76actu.fr?lang=fr\" rel=\"nofollow noopener\" target=\"_blank\">compte TikTok<\/a><\/p>\n<p class=\" wall-content\">Personnalisez votre actualit\u00e9 en ajoutant vos villes et m\u00e9dias en favori avec <a href=\"https:\/\/moncompte.actu.fr\" title=\"D\u00e9couvez Mon Actu\" rel=\"nofollow noopener\" data-trk=\"{&quot;cta&quot;:{&quot;action&quot;:&quot;https:\\\/\\\/moncompte.actu.fr&quot;,&quot;category&quot;:&quot;mon compte&quot;,&quot;from&quot;:&quot;article footer&quot;,&quot;name&quot;:&quot;Mon actu&quot;,&quot;type&quot;:&quot;cta&quot;}}\" target=\"_blank\">Mon Actu<\/a>.<\/p>\n<p>                    <script async src=\"\/\/www.tiktok.com\/embed.js\"><\/script><\/p>\n","protected":false},"excerpt":{"rendered":"Par Fabien Massin Publi\u00e9 le 21 nov. 2025 \u00e0 11h57 Il a fallu s\u2019y mettre \u00e0 plusieurs pour&hellip;\n","protected":false},"author":2,"featured_media":549059,"comment_status":"","ping_status":"","sticky":false,"template":"","format":"standard","meta":{"footnotes":""},"categories":[9587],"tags":[1111,11,1777,674,118,1011,27,12,5161,2852,25,9590,31790,6960],"class_list":{"0":"post-549058","1":"post","2":"type-post","3":"status-publish","4":"format-standard","5":"has-post-thumbnail","7":"category-rouen","8":"tag-actu","9":"tag-actualites","10":"tag-eu","11":"tag-europe","12":"tag-faits-divers","13":"tag-fr","14":"tag-france","15":"tag-news","16":"tag-normandie","17":"tag-refus-dobtemperer","18":"tag-republique-francaise","19":"tag-rouen","20":"tag-teor","21":"tag-trottinette-electrique"},"share_on_mastodon":{"url":"https:\/\/pubeurope.com\/@fr\/115587577587557620","error":""},"_links":{"self":[{"href":"https:\/\/www.europesays.com\/fr\/wp-json\/wp\/v2\/posts\/549058","targetHints":{"allow":["GET"]}}],"collection":[{"href":"https:\/\/www.europesays.com\/fr\/wp-json\/wp\/v2\/posts"}],"about":[{"href":"https:\/\/www.europesays.com\/fr\/wp-json\/wp\/v2\/types\/post"}],"author":[{"embeddable":true,"href":"https:\/\/www.europesays.com\/fr\/wp-json\/wp\/v2\/users\/2"}],"replies":[{"embeddable":true,"href":"https:\/\/www.europesays.com\/fr\/wp-json\/wp\/v2\/comments?post=549058"}],"version-history":[{"count":0,"href":"https:\/\/www.europesays.com\/fr\/wp-json\/wp\/v2\/posts\/549058\/revisions"}],"wp:featuredmedia":[{"embeddable":true,"href":"https:\/\/www.europesays.com\/fr\/wp-json\/wp\/v2\/media\/549059"}],"wp:attachment":[{"href":"https:\/\/www.europesays.com\/fr\/wp-json\/wp\/v2\/media?parent=549058"}],"wp:term":[{"taxonomy":"category","embeddable":true,"href":"https:\/\/www.europesays.com\/fr\/wp-json\/wp\/v2\/categories?post=549058"},{"taxonomy":"post_tag","embeddable":true,"href":"https:\/\/www.europesays.com\/fr\/wp-json\/wp\/v2\/tags?post=549058"}],"curies":[{"name":"wp","href":"https:\/\/api.w.org\/{rel}","templated":true}]}}