{"id":54906,"date":"2025-04-26T17:28:08","date_gmt":"2025-04-26T17:28:08","guid":{"rendered":"https:\/\/www.europesays.com\/fr\/54906\/"},"modified":"2025-04-26T17:28:08","modified_gmt":"2025-04-26T17:28:08","slug":"12-frais-que-de-nombreux-francais-oublient-de-deduire-de-leur-declaration-pour-payer-moins","status":"publish","type":"post","link":"https:\/\/www.europesays.com\/fr\/54906\/","title":{"rendered":"12 frais que de nombreux Fran\u00e7ais oublient de d\u00e9duire de leur d\u00e9claration pour payer moins"},"content":{"rendered":"<p>        Montrer le sommaire<br \/>\n        Cacher le sommaire <\/p>\n<p>Qui ne voudrait pas r\u00e9duire la facture \u00e0 payer aux imp\u00f4ts\u2009? C\u2019est possible, mais il faut que vous d\u00e9clariez <a href=\"https:\/\/www.nuitfrance.fr\/actualite\/198587-impots-6-millions-de-francais-vont-recevoir-un-remboursement-du-fisc-grace-aux-frais-bancaires\/\" target=\"_blank\" rel=\"noopener\">certains de vos frais<\/a> au fisc. Bien entendu, vous devez justifier toutes ces d\u00e9penses. Mais une fois valid\u00e9es, elles peuvent vous faire <strong>\u00e9conomiser quelques euros de plus<\/strong>.<\/p>\n<p><strong>Marie France a r\u00e9v\u00e9l\u00e9 au total 12 frais<\/strong> que beaucoup ont d\u00fb g\u00e9rer l\u2019ann\u00e9e derni\u00e8re. Peut-\u00eatre que c\u2019\u00e9tait aussi votre cas.\n<\/p>\n<p>Des frais qui vont r\u00e9duire le montant de vos imp\u00f4ts<\/p>\n<p><a href=\"https:\/\/www.nuitfrance.fr\/actualite\/198348-impots-cette-case-peu-connue-sur-votre-declaration-peut-vous-couter-une-fortune-attention-au-piege\/\" target=\"_blank\" rel=\"noopener\">Dans leur d\u00e9claration<\/a>, la plupart des salari\u00e9s <strong>choisissent par d\u00e9faut la d\u00e9duction forfaitaire de 10 %<\/strong> sur leurs revenus. En effet, l\u2019administration fiscale vous accorde ce forfait, avec un minimum de 504 \u20ac et un maximum de 14 426 \u20ac pour 2024.<\/p>\n<p>Pourtant, dans <a href=\"https:\/\/www.nuitfrance.fr\/a-la-une\/194432-impots-2025-vous-ne-serez-pas-imposable-si-vous-etes-dans-cette-situation-precise\/\" target=\"_blank\" rel=\"noopener\">certaines situations<\/a>, <strong>vos frais r\u00e9els peuvent de loin d\u00e9passer cette somme<\/strong>. Les d\u00e9clarer vous apporterait donc plus qu\u2019avec la d\u00e9duction forfaitaire.<\/p>\n<p><a class=\"related-article simple\" href=\"https:\/\/www.nuitfrance.fr\/a-la-une\/198658-impots-cette-ligne-que-des-millions-de-francais-remplissent-pour-payer-moins-ils-seront-penalises-en-2025\/\" target=\"_blank\" rel=\"noopener\"><br \/>\n                        \u00c0 voir<br \/>\n                        Imp\u00f4ts : cette ligne que des millions de Fran\u00e7ais remplissent pour payer moins, ils seront p\u00e9nalis\u00e9s en 2025<\/p>\n<p>                        <\/a><\/p>\n<p>Parmi les <strong>frais les plus souvent oubli\u00e9s<\/strong>, le t\u00e9l\u00e9travail m\u00e9rite vraiment votre attention. Le t\u00e9l\u00e9travail, c\u2019est aujourd\u2019hui le quotidien de <a href=\"https:\/\/www.nuitfrance.fr\/a-la-une\/198495-des-millions-de-francais-vont-recevoir-un-remboursement-des-impots-voici-les-dates-officielles\/\" target=\"_blank\" rel=\"noopener\">millions de Fran\u00e7ais<\/a>. Mais il faut savoir que ce mode de travail apporte de nouvelles d\u00e9penses. Comme l\u2019\u00e9lectricit\u00e9, le chauffage, internet, le mobilier, etc.. Elles deviennent ainsi une opportunit\u00e9 pour all\u00e9ger vos imp\u00f4ts\u2009!\n<\/p>\n<p>Oui, vous avez bien lu, l\u2019administration fiscale reconna\u00eet ces difficult\u00e9s. Pour l\u2019ann\u00e9e 2024, elle offre une <strong>d\u00e9duction de 2,70 euros par jour de t\u00e9l\u00e9travail, dans la limite de 626,40 euros par an<\/strong>. Si vous \u00eates de ceux qui travaillent plusieurs jours par semaine depuis chez vous, alors mentionnez-le dans votre d\u00e9claration.<\/p>\n<p>D\u2019autres frais d\u00e9ductibles \u00e0 ne pas n\u00e9gliger\u2009!<\/p>\n<p>Les repas professionnels sont un autre poste souvent sous-estim\u00e9, comme le r\u00e9v\u00e8le <strong>Marie France<\/strong>. Si vous \u00eates contraint de <strong>d\u00e9jeuner \u00e0 l\u2019ext\u00e9rieur pour des raisons professionnelles<\/strong>, cette situation va all\u00e9ger vos imp\u00f4ts.\n<\/p>\n<p>Ce qu\u2019il faut d\u00e9duire\u2009? La <strong>diff\u00e9rence entre le prix de votre repas et celui d\u2019un repas pris \u00e0 domicile<\/strong>, fix\u00e9 \u00e0 5,35 euros en 2024. Par exemple, un repas \u00e0 10 euros vous permet de d\u00e9duire 4,65 euros par jour travaill\u00e9. Et si vous n\u2019avez pas de justificatif, vous pouvez toujours d\u00e9duire la valeur forfaitaire de 5,35 euros, mais sous certaines conditions.\n<\/p>\n<p>Ce n\u2019est pas tout\u2009! Si vous utilisez votre <strong>v\u00e9hicule personnel pour aller au travail<\/strong>, l\u00e0 aussi, vous allez pouvoir r\u00e9duire vos imp\u00f4ts.<\/p>\n<p><a class=\"related-article simple\" href=\"https:\/\/www.nuitfrance.fr\/actualite\/198641-impots-cette-case-meconnue-permet-deconomiser-jusqua-1-678-e-les-francais-concernes\/\" target=\"_blank\" rel=\"noopener\"><br \/>\n                        \u00c0 voir<br \/>\n                        Imp\u00f4ts : cette case m\u00e9connue permet d\u2019\u00e9conomiser jusqu\u2019\u00e0 1 678 \u20ac, les Fran\u00e7ais concern\u00e9s<\/p>\n<p>                        <\/a><\/p>\n<p>Trois bar\u00e8mes sont alors propos\u00e9s pour couvrir tous les frais li\u00e9s \u00e0 l\u2019utilisation de votre voiture, pr\u00e9cise <strong>Marie France<\/strong>. <strong>D\u00e9pr\u00e9ciation, r\u00e9parations, carburant, assurance, et m\u00eame les accessoires pour les deux roues<\/strong>, comme le casque. Une v\u00e9ritable aubaine pour ceux qui n\u2019h\u00e9sitent pas \u00e0 utiliser leur v\u00e9hicule dans le cadre de leur activit\u00e9.\n<\/p>\n<p>Souvent oubli\u00e9s dans la d\u00e9claration d\u2019imp\u00f4ts<\/p>\n<p>La liste est bien longue. En plus de ceux d\u00e9j\u00e0 cit\u00e9s, il existe aussi d\u2019autres frais r\u00e9els que vous devez consid\u00e9rer dans votre d\u00e9claration d\u2019imp\u00f4ts. Par exemple, les <strong>frais de double r\u00e9sidence<\/strong>. Qu\u2019est-ce que c\u2019est\u2009? Une situation que beaucoup trouvent normale, mais que le fisc prend en compte.\n<\/p>\n<p>Parfois, un couple se voit oblig\u00e9 de <strong>vivre dans deux logements, pour des raisons professionnelles (et non par simple choix personnel)<\/strong>. Ainsi, les d\u00e9penses li\u00e9es au second logement, comme loyers, charges ou encore d\u00e9placements, peuvent \u00eatre partiellement d\u00e9ductibles.<\/p>\n<p>Enfin, il y a les frais de <strong>d\u00e9m\u00e9nagement professionnel et les cotisations syndicales<\/strong>. Mais aussi les <strong>d\u00e9placements pour raisons professionnelles<\/strong>, ou encore les <strong>frais de stage<\/strong> dans le cadre d\u2019une formation li\u00e9e \u00e0 votre activit\u00e9. En effet, l\u2019administration fiscale peut vous les d\u00e9duire de vos imp\u00f4ts. Int\u00e9ressant non\u2009? Alors, ne les zappez plus\u2009!<\/p>\n","protected":false},"excerpt":{"rendered":"Montrer le sommaire Cacher le sommaire Qui ne voudrait pas r\u00e9duire la facture \u00e0 payer aux imp\u00f4ts\u2009? C\u2019est&hellip;\n","protected":false},"author":2,"featured_media":54907,"comment_status":"","ping_status":"","sticky":false,"template":"","format":"standard","meta":{"footnotes":""},"categories":[6],"tags":[35,33,34,1011,27,342],"class_list":{"0":"post-54906","1":"post","2":"type-post","3":"status-publish","4":"format-standard","5":"has-post-thumbnail","7":"category-economie","8":"tag-business","9":"tag-economie","10":"tag-economy","11":"tag-fr","12":"tag-france","13":"tag-impots"},"share_on_mastodon":{"url":"https:\/\/pubeurope.com\/@fr\/114405448306337706","error":""},"_links":{"self":[{"href":"https:\/\/www.europesays.com\/fr\/wp-json\/wp\/v2\/posts\/54906","targetHints":{"allow":["GET"]}}],"collection":[{"href":"https:\/\/www.europesays.com\/fr\/wp-json\/wp\/v2\/posts"}],"about":[{"href":"https:\/\/www.europesays.com\/fr\/wp-json\/wp\/v2\/types\/post"}],"author":[{"embeddable":true,"href":"https:\/\/www.europesays.com\/fr\/wp-json\/wp\/v2\/users\/2"}],"replies":[{"embeddable":true,"href":"https:\/\/www.europesays.com\/fr\/wp-json\/wp\/v2\/comments?post=54906"}],"version-history":[{"count":0,"href":"https:\/\/www.europesays.com\/fr\/wp-json\/wp\/v2\/posts\/54906\/revisions"}],"wp:featuredmedia":[{"embeddable":true,"href":"https:\/\/www.europesays.com\/fr\/wp-json\/wp\/v2\/media\/54907"}],"wp:attachment":[{"href":"https:\/\/www.europesays.com\/fr\/wp-json\/wp\/v2\/media?parent=54906"}],"wp:term":[{"taxonomy":"category","embeddable":true,"href":"https:\/\/www.europesays.com\/fr\/wp-json\/wp\/v2\/categories?post=54906"},{"taxonomy":"post_tag","embeddable":true,"href":"https:\/\/www.europesays.com\/fr\/wp-json\/wp\/v2\/tags?post=54906"}],"curies":[{"name":"wp","href":"https:\/\/api.w.org\/{rel}","templated":true}]}}