{"id":549060,"date":"2025-11-21T12:00:47","date_gmt":"2025-11-21T12:00:47","guid":{"rendered":"https:\/\/www.europesays.com\/fr\/549060\/"},"modified":"2025-11-21T12:00:47","modified_gmt":"2025-11-21T12:00:47","slug":"rouen-disparu-cet-ete-un-ado-de-16-ans-a-ete-emmene-de-force-en-ukraine-par-sa-mere-et-son-beau-pere","status":"publish","type":"post","link":"https:\/\/www.europesays.com\/fr\/549060\/","title":{"rendered":"Rouen. Disparu cet \u00e9t\u00e9, un ado de 16 ans a \u00e9t\u00e9 emmen\u00e9 de force en Ukraine par sa m\u00e8re et son beau-p\u00e8re"},"content":{"rendered":"<p melodystyle=\"texte\">Le parquet de Rouen a inform\u00e9, jeudi 20\u00a0novembre, qu&rsquo;un adolescent de 16 ans d&rsquo;origine ukrainienne, port\u00e9 disparu le 3\u00a0juin dernier, avait \u00e9t\u00e9 emmen\u00e9 de force par son beau-p\u00e8re et sa m\u00e8re \u00e0 Kiev en Ukraine en passant par l&rsquo;Allemagne puis la Pologne.<\/p>\n<p melodystyle=\"texte\">Le signalement a \u00e9t\u00e9 lanc\u00e9 par le foyer dans lequel le jeune gar\u00e7on avait \u00e9t\u00e9 plac\u00e9 sur ordonnance d&rsquo;un juge des enfants. Le couple a \u00e9t\u00e9 interpell\u00e9 le 30\u00a0septembre en r\u00e9gion rouennaise et plac\u00e9s en garde \u00e0 vue tandis que l&rsquo;ado se trouvait toujours \u00e0 Kiev.<\/p>\n<p>Plac\u00e9s en d\u00e9tention provisoire<\/p>\n<p melodystyle=\"texte\">La m\u00e8re et le beau-p\u00e8re ont \u00e9t\u00e9 plac\u00e9s en d\u00e9tention provisoire avant d&rsquo;\u00eatre renvoy\u00e9 vers le tribunal correctionnel de Rouen, jeudi 20\u00a0novembre<\/p>\n<p melodystyle=\"texte\">pour r\u00e9pondre de leurs actes. Le beau-p\u00e8re a \u00e9t\u00e9 condamn\u00e9 \u00e0 deux ans de prison avec maintien en d\u00e9tention. Quant \u00e0 la m\u00e8re, elle a \u00e9t\u00e9 condamn\u00e9e \u00e9galement \u00e0 deux ans d&#8217;emprisonnement dont un an assorti d&rsquo;un sursis simple, avec maintien en d\u00e9tention mais seulement pour la partie ferme de la peine. La pr\u00e9venue perd \u00e9galement l&rsquo;autorit\u00e9 parentale concernant son fils qui \u00ab\u00a0a clairement exprim\u00e9 son souhait de revenir en France et de r\u00e9int\u00e9grer son lieu de placement\u00a0\u00bb.<\/p>\n","protected":false},"excerpt":{"rendered":"Le parquet de Rouen a inform\u00e9, jeudi 20\u00a0novembre, qu&rsquo;un adolescent de 16 ans d&rsquo;origine ukrainienne, port\u00e9 disparu le&hellip;\n","protected":false},"author":2,"featured_media":549061,"comment_status":"","ping_status":"","sticky":false,"template":"","format":"standard","meta":{"footnotes":""},"categories":[9587],"tags":[1111,11,1777,674,1011,27,12,5161,25,9590],"class_list":{"0":"post-549060","1":"post","2":"type-post","3":"status-publish","4":"format-standard","5":"has-post-thumbnail","7":"category-rouen","8":"tag-actu","9":"tag-actualites","10":"tag-eu","11":"tag-europe","12":"tag-fr","13":"tag-france","14":"tag-news","15":"tag-normandie","16":"tag-republique-francaise","17":"tag-rouen"},"share_on_mastodon":{"url":"https:\/\/pubeurope.com\/@fr\/115587581435187666","error":""},"_links":{"self":[{"href":"https:\/\/www.europesays.com\/fr\/wp-json\/wp\/v2\/posts\/549060","targetHints":{"allow":["GET"]}}],"collection":[{"href":"https:\/\/www.europesays.com\/fr\/wp-json\/wp\/v2\/posts"}],"about":[{"href":"https:\/\/www.europesays.com\/fr\/wp-json\/wp\/v2\/types\/post"}],"author":[{"embeddable":true,"href":"https:\/\/www.europesays.com\/fr\/wp-json\/wp\/v2\/users\/2"}],"replies":[{"embeddable":true,"href":"https:\/\/www.europesays.com\/fr\/wp-json\/wp\/v2\/comments?post=549060"}],"version-history":[{"count":0,"href":"https:\/\/www.europesays.com\/fr\/wp-json\/wp\/v2\/posts\/549060\/revisions"}],"wp:featuredmedia":[{"embeddable":true,"href":"https:\/\/www.europesays.com\/fr\/wp-json\/wp\/v2\/media\/549061"}],"wp:attachment":[{"href":"https:\/\/www.europesays.com\/fr\/wp-json\/wp\/v2\/media?parent=549060"}],"wp:term":[{"taxonomy":"category","embeddable":true,"href":"https:\/\/www.europesays.com\/fr\/wp-json\/wp\/v2\/categories?post=549060"},{"taxonomy":"post_tag","embeddable":true,"href":"https:\/\/www.europesays.com\/fr\/wp-json\/wp\/v2\/tags?post=549060"}],"curies":[{"name":"wp","href":"https:\/\/api.w.org\/{rel}","templated":true}]}}